{"id":35895,"date":"2023-10-13T18:39:14","date_gmt":"2023-10-13T21:39:14","guid":{"rendered":"https:\/\/radiorevelacionfm.cl\/?p=35895"},"modified":"2023-10-13T18:39:14","modified_gmt":"2023-10-13T21:39:14","slug":"sesion-especial-del-consejo-de-seguridad-publica-de-aysen-abordo-problematica-de-violencia-escolar","status":"publish","type":"post","link":"https:\/\/radiorevelacionfm.cl\/?p=35895","title":{"rendered":"Sesi\u00f3n especial del Consejo de Seguridad Publica de Ays\u00e9n abord\u00f3 problem\u00e1tica de violencia escolar"},"content":{"rendered":"<div class=\"flex_column av_one_full  flex_column_div av-zero-column-padding first  avia-builder-el-0  el_before_av_one_full  avia-builder-el-first  \" style='border-radius:0px; '><div  class='avia-image-container  av-styling-    avia-builder-el-1  avia-builder-el-no-sibling  avia-align-center '  itemprop=\"image\" itemscope=\"itemscope\" itemtype=\"https:\/\/schema.org\/ImageObject\"  ><div class='avia-image-container-inner'><div class='avia-image-overlay-wrap'><img decoding=\"async\" class='wp-image-35896 avia-img-lazy-loading-not-35896 avia_image' src=\"https:\/\/radiorevelacionfm.cl\/wp-content\/uploads\/2023\/10\/VIOLENCIA-ESCOLAR-5-1-1.jpg\" alt='' title='VIOLENCIA ESCOLAR 5 (1) (1)' height=\"600\" width=\"1068\"  itemprop=\"thumbnailUrl\" srcset=\"https:\/\/radiorevelacionfm.cl\/wp-content\/uploads\/2023\/10\/VIOLENCIA-ESCOLAR-5-1-1.jpg 1068w, https:\/\/radiorevelacionfm.cl\/wp-content\/uploads\/2023\/10\/VIOLENCIA-ESCOLAR-5-1-1-300x169.jpg 300w, https:\/\/radiorevelacionfm.cl\/wp-content\/uploads\/2023\/10\/VIOLENCIA-ESCOLAR-5-1-1-1030x579.jpg 1030w, https:\/\/radiorevelacionfm.cl\/wp-content\/uploads\/2023\/10\/VIOLENCIA-ESCOLAR-5-1-1-768x431.jpg 768w, https:\/\/radiorevelacionfm.cl\/wp-content\/uploads\/2023\/10\/VIOLENCIA-ESCOLAR-5-1-1-705x396.jpg 705w, https:\/\/radiorevelacionfm.cl\/wp-content\/uploads\/2023\/10\/VIOLENCIA-ESCOLAR-5-1-1-450x253.jpg 450w, https:\/\/radiorevelacionfm.cl\/wp-content\/uploads\/2023\/10\/VIOLENCIA-ESCOLAR-5-1-1-600x337.jpg 600w\" sizes=\"(max-width: 1068px) 100vw, 1068px\" \/><\/div><\/div><\/div><\/div><div class=\"flex_column av_one_full  flex_column_div av-zero-column-padding first  avia-builder-el-2  el_after_av_one_full  el_before_av_one_full  column-top-margin\" style='border-radius:0px; '><section class=\"av_textblock_section \"  itemscope=\"itemscope\" itemtype=\"https:\/\/schema.org\/BlogPosting\" itemprop=\"blogPost\" ><div class='avia_textblock  '   itemprop=\"text\" ><h2 style=\"text-align: center;\"><span style=\"font-size: 18pt;\"><strong>Sesi\u00f3n especial del Consejo de Seguridad Publica de Ays\u00e9n abord\u00f3 problem\u00e1tica de violencia escolar<\/strong><\/span><\/h2>\n<div id=\"gtx-trans\" style=\"position: absolute; left: -50px; top: 4.31534px;\">\n<div class=\"gtx-trans-icon\"><\/div>\n<\/div>\n<\/div><\/section><\/div><div class=\"flex_column av_one_full  flex_column_div av-zero-column-padding first  avia-builder-el-4  el_after_av_one_full  el_before_av_hr  column-top-margin\" style='border-radius:0px; '><section class=\"av_textblock_section \"  itemscope=\"itemscope\" itemtype=\"https:\/\/schema.org\/BlogPosting\" itemprop=\"blogPost\" ><div class='avia_textblock  '   itemprop=\"text\" ><p style=\"text-align: justify;\">En Puerto Ays\u00e9n, se desarroll\u00f3 una sesi\u00f3n especial del Consejo de Seguridad Publica, liderado por el Alcalde Julio Uribe y el director municipal de seguridad p\u00fablica Marco Co\u00f1uecar, Departamento de Educaci\u00f3n Municipal, adem\u00e1s de la presencia de la Seremi de Educaci\u00f3n Isabel Garrido, Superintendencia de Educaci\u00f3n, Carabineros, PDI, Aduanas, Sernatur, Senda, Oficina Local de la Ni\u00f1ez, directores de liceos y colegios junto a sus encargados de convivencia escolar y representes de las comunidades educativas de los diferentes establecimientos educacionales.<\/p>\n<p style=\"text-align: justify;\">En la instancia se abord\u00f3 la preocupante situaci\u00f3n de violencia escolar que se ha suscitado en los distintos planteles educativos de la ciudad y la comuna de Ays\u00e9n. Este fue un encuentro que se acord\u00f3 realizar con anterioridad, se\u00f1al\u00f3 el Alcalde, Julio Uribe Alvarado.<\/p>\n<p style=\"text-align: justify;\">\u201cSe acord\u00f3 hacer esta sesi\u00f3n extraordinaria con todos los integrantes de los establecimientos educacionales m\u00e1s la Superintendencia y la Seremi de Educaci\u00f3n. Creo que ha sido una reuni\u00f3n muy importante, donde se han abordado temas muy complejos para nuestra convivencia escolar y salud mental, por lo tanto, se van a tomar medidas y vamos a seguir haciendo reuniones que van a ir en ayuda a los diferentes establecimientos, que est\u00e1n sufriendo estos preocupantes problemas de violencia escolar\u201d.<\/p>\n<p style=\"text-align: justify;\">La Seremi de Educaci\u00f3n de la regi\u00f3n de Ays\u00e9n, Isabel Garrido, valor\u00f3 que se den este tipo de espacios de dialogo tan importante. \u201cEs un espacio s\u00faper valioso, de retroalimentaci\u00f3n, de escucha y tambi\u00e9n de ir contando cual es la oferta program\u00e1tica que tenemos como Gobierno, para ir apoyando a las escuelas en esta materia. Lo principal es se\u00f1alar que, a penas llegamos a la administraci\u00f3n impulsamos el plan de reactivaci\u00f3n educativa, que tiene dentro de sus ejes prioritarios la convivencia escolar. Para ello, se despliegan un conjunto de programas y estrategias, reforzando otros que han demostrado tener muy buenos efectos y adem\u00e1s creando otras iniciativas innovadoras y nuevas que buscan apoyar a las escuelas. Las respuestas no son r\u00e1pidas en educaci\u00f3n, siempre los procesos son lentos, son multifactoriales, requieren de un compromiso principalmente comunitario, todos y todas somos parte de la reactivaci\u00f3n educativa, todos y todas somos parte en disminuir los \u00edndices de violencia y convivencia escolar\u201d.<\/p>\n<p style=\"text-align: justify;\">Carabineros tambi\u00e9n estuvo presente en la reuni\u00f3n y dio cuenta de las acciones que est\u00e1n desarrollando para prevenir la violencia y hechos protagonizados por estudiantes. Tal como lo plante\u00f3 el Capit\u00e1n Jaime Esparza. \u201cCarabineros tambi\u00e9n tiene materias que abordar respecto a esta situaci\u00f3n que es tan importante para la comuna y nuestra comunidad, con la participaci\u00f3n de nuestra oficina de integraci\u00f3n comunitaria, hemos realizado diferentes charlas a los establecimientos educacionales, coordinaciones con los responsables de estos establecimientos y tambi\u00e9n aportando con patrullajes preventivos en los establecimientos educacionales, focalizando estos ejercicios en los horarios de ingreso y salida de los establecimientos y por supuesto para apoyar en tan importante materia\u201d.<\/p>\n<p style=\"text-align: justify;\">Marco Co\u00f1uecar, director municipal de seguridad p\u00fablica, dijo que, convocar a una reuni\u00f3n especial para abordar la preocupante situaci\u00f3n de violencia escolar, \u201ccreo que hoy hemos dado una fuerte se\u00f1al, de lo importante que es el tema de la violencia escolar, del papel que tenemos que cumplir como Municipio, de las acciones que tenemos que desarrollar en conjunto a las polic\u00edas, as\u00ed es que, nos vamos con bastantes tareas para la casa. Es un desaf\u00edo gigante de crear un plan de acci\u00f3n y la idea es poder potenciarlo. Tal como lo se\u00f1al\u00f3 nuestro Concejal Figueroa, hoy lo que necesitamos son acciones concretas, m\u00e1s all\u00e1 de reuniones, lo que se quiere es que, en base a esto, que fue una sesi\u00f3n extraordinaria del consejo de seguridad p\u00fablica, podamos seguir brindando seguridad y por, sobre todo, mejor calidad de vida a nuestra gente\u201d.<\/p>\n<p style=\"text-align: justify;\">El director del liceo Ra\u00fal Broussain Campino, Eduardo Obando, mencion\u00f3 sobre el tema abordado en la sesi\u00f3n especial del Consejo de Seguridad Publica. \u201cEs un problema que tiene muchas aristas, pero hay que tomar acci\u00f3n para poder generar un plan que involucre una soluci\u00f3n integral, que, por supuesto que es dif\u00edcil, aqu\u00ed no hay recetas m\u00e1gicas. Lo que hay que hacer es, poder pesquisar o detectar la realidad de la cultura juvenil que hay en Puerto Ays\u00e9n y proponer que los diferentes establecimientos educacionales, a trav\u00e9s de sus equipos de convivencia, puedan presentar estrategias para enfrentar el problema, de tal suerte de, ir avanzando poco a poco\u201d.<\/p>\n<p style=\"text-align: justify;\">En tanto, el director del liceo San Teresa, Sebasti\u00e1n Steinmeyer, remarc\u00f3 que debe existir un trabajo colaborativo entre los entes p\u00fablicos y los colegios de la comuna, para enfrentar la convivencia escolar en el territorio.<\/p>\n<p style=\"text-align: justify;\">\u201cEs una instancia muy positiva, para comenzar a compartir en conjunto con los directores, encargados de convivencia, las problem\u00e1ticas que ocurren dentro de los establecimientos y como esas problem\u00e1ticas ya est\u00e1n saliendo fuera del establecimiento y tambi\u00e9n involucran el quehacer de los equipos directivos y de convivencia escolar. As\u00ed es que, valoramos inmensamente esta instancia y tambi\u00e9n creemos que hay un gran desaf\u00edo, una gran tarea y es que exista un esp\u00edritu colaborativo de todos los organismos p\u00fablicos con las escuelas, que estamos resolviendo una cantidad enorme de situaciones\u201d.<\/p>\n<p style=\"text-align: justify;\">Se espera realizar nuevos encuentros donde se cuente tambi\u00e9n con la presencia de representantes del \u00e1rea de salud, particularmente salud mental.<\/p>\n<\/div><\/section><\/div><div  style='height:50px' class='hr hr-invisible   avia-builder-el-6  el_after_av_one_full  el_before_av_social_share '><span class='hr-inner ' ><span class='hr-inner-style'><\/span><\/span><\/div><\/p>\n<div  class='av-social-sharing-box  avia-builder-el-7  el_after_av_hr  el_before_av_hr  '><div class='av-share-box'><h5 class='av-share-link-description av-no-toc '>Compartir esta noticia<\/h5><ul class='av-share-box-list noLightbox'><li class='av-share-link av-social-link-facebook' ><a target=\"_blank\" aria-label=\"Compartir en Facebook\" href='https:\/\/www.facebook.com\/sharer.php?u=https:\/\/radiorevelacionfm.cl\/?p=35895&#038;t=Sesi%C3%B3n%20especial%20del%20Consejo%20de%20Seguridad%20Publica%20de%20Ays%C3%A9n%20abord%C3%B3%20problem%C3%A1tica%20de%20violencia%20escolar' aria-hidden='false' data-av_icon='\ue8f3' data-av_iconfont='entypo-fontello' title='' data-avia-related-tooltip='Compartir en Facebook' rel=\"noopener\"><span class='avia_hidden_link_text'>Compartir en Facebook<\/span><\/a><\/li><li class='av-share-link av-social-link-twitter' ><a target=\"_blank\" aria-label=\"Compartir en Twitter\" href='https:\/\/twitter.com\/share?text=Sesi%C3%B3n%20especial%20del%20Consejo%20de%20Seguridad%20Publica%20de%20Ays%C3%A9n%20abord%C3%B3%20problem%C3%A1tica%20de%20violencia%20escolar&#038;url=https:\/\/radiorevelacionfm.cl\/?p=35895' aria-hidden='false' data-av_icon='\ue8f1' data-av_iconfont='entypo-fontello' title='' data-avia-related-tooltip='Compartir en Twitter' rel=\"noopener\"><span class='avia_hidden_link_text'>Compartir en Twitter<\/span><\/a><\/li><li class='av-share-link av-social-link-whatsapp' ><a target=\"_blank\" aria-label=\"Compartir en Whatsapp\" href='https:\/\/api.whatsapp.com\/send?text=https:\/\/radiorevelacionfm.cl\/?p=35895' aria-hidden='false' data-av_icon='\uf232' data-av_iconfont='entypo-fontello' title='' data-avia-related-tooltip='Compartir en Whatsapp' rel=\"noopener\"><span class='avia_hidden_link_text'>Compartir en Whatsapp<\/span><\/a><\/li><li class='av-share-link av-social-link-linkedin' ><a target=\"_blank\" aria-label=\"Compartir en LinkedIn\" href='https:\/\/linkedin.com\/shareArticle?mini=true&#038;title=Sesi%C3%B3n%20especial%20del%20Consejo%20de%20Seguridad%20Publica%20de%20Ays%C3%A9n%20abord%C3%B3%20problem%C3%A1tica%20de%20violencia%20escolar&#038;url=https:\/\/radiorevelacionfm.cl\/?p=35895' aria-hidden='false' data-av_icon='\ue8fc' data-av_iconfont='entypo-fontello' title='' data-avia-related-tooltip='Compartir en LinkedIn' rel=\"noopener\"><span class='avia_hidden_link_text'>Compartir en LinkedIn<\/span><\/a><\/li><li class='av-share-link av-social-link-mail' ><a  aria-label=\"Compartir por correo\" href='mailto:?subject=Sesi%C3%B3n%20especial%20del%20Consejo%20de%20Seguridad%20Publica%20de%20Ays%C3%A9n%20abord%C3%B3%20problem%C3%A1tica%20de%20violencia%20escolar&#038;body=https:\/\/radiorevelacionfm.cl\/?p=35895' aria-hidden='false' data-av_icon='\ue805' data-av_iconfont='entypo-fontello' title='' data-avia-related-tooltip='Compartir por correo'><span class='avia_hidden_link_text'>Compartir por correo<\/span><\/a><\/li><\/ul><\/div><\/div>\n<div  style='height:50px' class='hr hr-invisible   avia-builder-el-8  el_after_av_social_share  el_before_av_comments_list '><span class='hr-inner ' ><span class='hr-inner-style'><\/span><\/span><\/div>\n<div  class='av-buildercomment  av-blog-meta-html-info-disabled av-blog-meta-tag-disabled  '><\/div>\n","protected":false},"excerpt":{"rendered":"","protected":false},"author":1,"featured_media":35896,"comment_status":"open","ping_status":"open","sticky":false,"template":"","format":"standard","meta":{"footnotes":""},"categories":[49,38],"tags":[],"class_list":["post-35895","post","type-post","status-publish","format-standard","has-post-thumbnail","hentry","category-educacion","category-regional"],"jetpack_featured_media_url":"https:\/\/radiorevelacionfm.cl\/wp-content\/uploads\/2023\/10\/VIOLENCIA-ESCOLAR-5-1-1.jpg","_links":{"self":[{"href":"https:\/\/radiorevelacionfm.cl\/index.php?rest_route=\/wp\/v2\/posts\/35895","targetHints":{"allow":["GET"]}}],"collection":[{"href":"https:\/\/radiorevelacionfm.cl\/index.php?rest_route=\/wp\/v2\/posts"}],"about":[{"href":"https:\/\/radiorevelacionfm.cl\/index.php?rest_route=\/wp\/v2\/types\/post"}],"author":[{"embeddable":true,"href":"https:\/\/radiorevelacionfm.cl\/index.php?rest_route=\/wp\/v2\/users\/1"}],"replies":[{"embeddable":true,"href":"https:\/\/radiorevelacionfm.cl\/index.php?rest_route=%2Fwp%2Fv2%2Fcomments&post=35895"}],"version-history":[{"count":1,"href":"https:\/\/radiorevelacionfm.cl\/index.php?rest_route=\/wp\/v2\/posts\/35895\/revisions"}],"predecessor-version":[{"id":35897,"href":"https:\/\/radiorevelacionfm.cl\/index.php?rest_route=\/wp\/v2\/posts\/35895\/revisions\/35897"}],"wp:featuredmedia":[{"embeddable":true,"href":"https:\/\/radiorevelacionfm.cl\/index.php?rest_route=\/wp\/v2\/media\/35896"}],"wp:attachment":[{"href":"https:\/\/radiorevelacionfm.cl\/index.php?rest_route=%2Fwp%2Fv2%2Fmedia&parent=35895"}],"wp:term":[{"taxonomy":"category","embeddable":true,"href":"https:\/\/radiorevelacionfm.cl\/index.php?rest_route=%2Fwp%2Fv2%2Fcategories&post=35895"},{"taxonomy":"post_tag","embeddable":true,"href":"https:\/\/radiorevelacionfm.cl\/index.php?rest_route=%2Fwp%2Fv2%2Ftags&post=35895"}],"curies":[{"name":"wp","href":"https:\/\/api.w.org\/{rel}","templated":true}]}}