{"id":3589,"date":"2021-04-28T11:13:23","date_gmt":"2021-04-28T14:13:23","guid":{"rendered":"https:\/\/radiorevelacionfm.cl\/?p=3589"},"modified":"2021-04-28T11:47:25","modified_gmt":"2021-04-28T14:47:25","slug":"senadora-ximena-ordenes-nadie-puede-sentirse-orgulloso-que-los-trabajadores-recurran-a-sus-fondos","status":"publish","type":"post","link":"https:\/\/radiorevelacionfm.cl\/?p=3589","title":{"rendered":"Senadora Ximena \u00d3rdenes \u201cNadie puede sentirse orgulloso que los trabajadores recurran a sus fondos\u201d"},"content":{"rendered":"<div class=\"flex_column av_one_full  flex_column_div av-zero-column-padding first  avia-builder-el-0  el_before_av_one_full  avia-builder-el-first  \" style='border-radius:0px; '><div  class='avia-image-container  av-styling-    avia-builder-el-1  avia-builder-el-no-sibling  avia-align-center '  itemprop=\"image\" itemscope=\"itemscope\" itemtype=\"https:\/\/schema.org\/ImageObject\"  ><div class='avia-image-container-inner'><div class='avia-image-overlay-wrap'><img decoding=\"async\" class='wp-image-0 avia-img-lazy-loading-not-0 avia_image' src=\"https:\/\/radiorevelacionfm.cl\/wp-content\/uploads\/2021\/04\/foto_0000000320210427191350.jpg\" alt='' title=''   itemprop=\"thumbnailUrl\"  \/><\/div><\/div><\/div><\/div>\n<div class=\"flex_column av_one_full  flex_column_div av-zero-column-padding first  avia-builder-el-2  el_after_av_one_full  el_before_av_one_full  column-top-margin\" style='border-radius:0px; '><section class=\"av_textblock_section \"  itemscope=\"itemscope\" itemtype=\"https:\/\/schema.org\/BlogPosting\" itemprop=\"blogPost\" ><div class='avia_textblock  '   itemprop=\"text\" ><p style=\"text-align: center;\"><strong><span style=\"font-size: 18pt;\">Senadora Ximena \u00d3rdenes \u201cNadie puede sentirse orgulloso que los trabajadores recurran a sus fondos\u201d<\/span><\/strong><\/p>\n<div id=\"gtx-trans\" style=\"position: absolute; left: -50px; top: 4.31534px;\">\n<div class=\"gtx-trans-icon\"><\/div>\n<\/div>\n<\/div><\/section><\/div>\n<div class=\"flex_column av_one_full  flex_column_div av-zero-column-padding first  avia-builder-el-4  el_after_av_one_full  el_before_av_hr  column-top-margin\" style='border-radius:0px; '><section class=\"av_textblock_section \"  itemscope=\"itemscope\" itemtype=\"https:\/\/schema.org\/BlogPosting\" itemprop=\"blogPost\" ><div class='avia_textblock  '   itemprop=\"text\" ><p style=\"text-align: justify;\">En conversaci\u00f3n con TV Senado la parlamentaria por Ays\u00e9n sostuvo que los efectos sanitarios y econ\u00f3micos de la pandemia continuar\u00e1n si no se a\u00edslan los casos, se mostr\u00f3 partidaria de una renta b\u00e1sica universal y lamenta que los apoyos no est\u00e9n considerando diferentes realidades de vulnerabilidad.<\/p>\n<p style=\"text-align: justify;\">La Senadora por la Regi\u00f3n de Ays\u00e9n Ximena \u00d3rdenes indic\u00f3 que la emergencia sanitaria por el Covid-19 ha golpeado especialmente a sectores y segmentos de la poblaci\u00f3n que hasta ahora no han sido considerados adecuadamente en los planes de protecci\u00f3n social que ha implementado el Gobierno.<\/p>\n<p style=\"text-align: justify;\">\u201cCuando hay crisis econ\u00f3micas las mujeres y los j\u00f3venes son los primeros que salen del mercado laboral. Esperaba apoyos y medidas de protecci\u00f3n social lo suficientemente amplias pero que tuvieran en el horizonte esta realidad\u201d, dijo la representante de la Patagonia en el programa Profundidad de Campos de TV Senado, agregando que persiste un d\u00e9ficit de planes de auxilio de varios sectores, por ejemplo, el turismo.<\/p>\n<p style=\"text-align: justify;\">Sobre la pertinencia de los retiros de fondos previsionales, la Senadora se\u00f1al\u00f3 que aunque los apoya prefiere contar con una renta b\u00e1sica universal que permita que los confinamientos se hagan efectivos. \u201cHay que insistir en el tema de la comunicaci\u00f3n de riesgo\u201d ya que \u201csin aislar los casos positivos, los contagios van a seguir aumentando\u201d.<\/p>\n<p style=\"text-align: justify;\">\u201cNadie puede sentirse orgulloso que los trabajadores recurran a sus fondos para adoptar medidas de protecci\u00f3n social. El aprendizaje es tener un sistema ante emergencias\u201d, a\u00f1adi\u00f3 Ximena \u00d3rdenes reiterando que \u201cChile est\u00e1 en condiciones\u201d de apostar por una renta b\u00e1sica.<\/p>\n<p style=\"text-align: justify;\"><strong>Adultos mayores en pandemia<\/strong><\/p>\n<p style=\"text-align: justify;\">Otra cruda realidad desnudada por la emergencia sanitaria es la de los adultos mayores, especialmente en territorios extremos como la Patagonia. \u201cHay que tener pol\u00edticas p\u00fablicas espec\u00edficas porque el confinamiento dej\u00f3 a muchos adultos mayores en soledad\u201d, siendo este para la Senadora, desde un comienzo un segmento vulnerable y golpeado por las circunstancias.<\/p>\n<p style=\"text-align: justify;\">La brecha digital para informarse y acceder a las medidas de apoyo tambi\u00e9n dej\u00f3 en evidencia la necesidad de \u201ctener consideraci\u00f3n con los adultos mayores\u201d. \u201cMuchos est\u00e1n solos, sin una red de apoyo\u201d, apunt\u00f3 la parlamentaria recordando casos en fiscalizaciones donde ha quedado de manifiesto la falta de integraci\u00f3n a los procesos.<\/p>\n<p style=\"text-align: justify;\"><strong>Conectividad en Ays\u00e9n <\/strong><\/p>\n<p style=\"text-align: justify;\">La conectividad en Ays\u00e9n no es solo transportarse si no comunicarse, m\u00e1s a\u00fan bajo restricciones como las cuarentenas. La Senadora Ximena \u00d3rdenes pas\u00f3 a encabezar la Comisi\u00f3n de Transportes y Telecomunicaciones esperando \u201cque el pa\u00eds entienda que desarrollar territorios como estos es una oportunidad\u201d.<\/p>\n<p style=\"text-align: justify;\">\u201cLa conectividad siempre va a ser nuestro desaf\u00edo. Esperamos que la fibra \u00f3ptica austral abra espacios a las comunidades\u201d, dice en materia de comunicaciones mientras en transporte admite que las \u201casignaciones presupuestarias no siempre se reflejan en mejorar est\u00e1ndares de las regiones\u201d.<\/p>\n<p style=\"text-align: justify;\">Por lo mismo, al tiempo que el nuevo modelo de licitaci\u00f3n para el transporte de Santiago baraja altas cifras, la parlamentaria sostiene que junto a sus pares les \u201cinteresa que va a pasar con las asignaciones que deben ir a regiones, los subsidios transitorios. Creo que en eso ha faltado claridad del Ministerio de Transportes para dar certezas a las regiones\u201d.<\/p>\n<p style=\"text-align: justify;\"><strong>Replanteando la salmonicultura <\/strong><\/p>\n<p style=\"text-align: justify;\">Consultada por el periodista Sergio Campos sobre episodios denunciados por comunidades ayseninas sobre contaminaci\u00f3n y especies muertas en el rubro de la salmonicultura, la Senadora Ximena \u00d3rdenes si bien puso el contexto que \u201ccomo industria exportadora en Chile, primero est\u00e1 el cobre y luego el salm\u00f3n\u201d, indic\u00f3 que se trata de un \u00e1rea que \u201cha crecido sin control y tiene amenazas\u201d.<\/p>\n<p style=\"text-align: justify;\">\u201cAc\u00e1 nadie se hace cargo del da\u00f1o ambiental. Hay que poner freno en muchos aspectos, revisar los sistemas de evaluaci\u00f3n. Los fen\u00f3menos van a seguir ocurriendo con el cambio clim\u00e1tico. Ac\u00e1 no se niega el espacio a nadie pero ha sido una industria hegem\u00f3nica\u201d declar\u00f3 la parlamentaria, reiterando que si bien \u201cno niego su magnitud, creo que est\u00e1n en deuda\u201d.<\/p>\n<p style=\"text-align: justify;\">En este sentido apunt\u00f3 tambi\u00e9n al rol insuficiente del Estado en materia de fiscalizaci\u00f3n, donde Sernapesca \u201crealiza una tremenda labor, no hay recursos suficientes. Una industria responsable implica cambiar algunas pr\u00e1cticas. Sin cambios ser\u00e1 una industria de corto plazo y con da\u00f1os al ecosistema\u201d, concluy\u00f3.<\/p>\n<\/div><\/section><\/div><div  style='height:50px' class='hr hr-invisible   avia-builder-el-6  el_after_av_one_full  el_before_av_social_share '><span class='hr-inner ' ><span class='hr-inner-style'><\/span><\/span><\/div><\/p>\n<div  class='av-social-sharing-box  avia-builder-el-7  el_after_av_hr  el_before_av_hr  '><div class='av-share-box'><h5 class='av-share-link-description av-no-toc '>Compartir esta noticia<\/h5><ul class='av-share-box-list noLightbox'><li class='av-share-link av-social-link-facebook' ><a target=\"_blank\" aria-label=\"Compartir en Facebook\" href='https:\/\/www.facebook.com\/sharer.php?u=https:\/\/radiorevelacionfm.cl\/?p=3589&#038;t=Senadora%20Ximena%20%C3%93rdenes%20%E2%80%9CNadie%20puede%20sentirse%20orgulloso%20que%20los%20trabajadores%20recurran%20a%20sus%20fondos%E2%80%9D' aria-hidden='false' data-av_icon='\ue8f3' data-av_iconfont='entypo-fontello' title='' data-avia-related-tooltip='Compartir en Facebook' rel=\"noopener\"><span class='avia_hidden_link_text'>Compartir en Facebook<\/span><\/a><\/li><li class='av-share-link av-social-link-twitter' ><a target=\"_blank\" aria-label=\"Compartir en Twitter\" href='https:\/\/twitter.com\/share?text=Senadora%20Ximena%20%C3%93rdenes%20%E2%80%9CNadie%20puede%20sentirse%20orgulloso%20que%20los%20trabajadores%20recurran%20a%20sus%20fondos%E2%80%9D&#038;url=https:\/\/radiorevelacionfm.cl\/?p=3589' aria-hidden='false' data-av_icon='\ue8f1' data-av_iconfont='entypo-fontello' title='' data-avia-related-tooltip='Compartir en Twitter' rel=\"noopener\"><span class='avia_hidden_link_text'>Compartir en Twitter<\/span><\/a><\/li><li class='av-share-link av-social-link-whatsapp' ><a target=\"_blank\" aria-label=\"Compartir en Whatsapp\" href='https:\/\/api.whatsapp.com\/send?text=https:\/\/radiorevelacionfm.cl\/?p=3589' aria-hidden='false' data-av_icon='\uf232' data-av_iconfont='entypo-fontello' title='' data-avia-related-tooltip='Compartir en Whatsapp' rel=\"noopener\"><span class='avia_hidden_link_text'>Compartir en Whatsapp<\/span><\/a><\/li><li class='av-share-link av-social-link-linkedin' ><a target=\"_blank\" aria-label=\"Compartir en LinkedIn\" href='https:\/\/linkedin.com\/shareArticle?mini=true&#038;title=Senadora%20Ximena%20%C3%93rdenes%20%E2%80%9CNadie%20puede%20sentirse%20orgulloso%20que%20los%20trabajadores%20recurran%20a%20sus%20fondos%E2%80%9D&#038;url=https:\/\/radiorevelacionfm.cl\/?p=3589' aria-hidden='false' data-av_icon='\ue8fc' data-av_iconfont='entypo-fontello' title='' data-avia-related-tooltip='Compartir en LinkedIn' rel=\"noopener\"><span class='avia_hidden_link_text'>Compartir en LinkedIn<\/span><\/a><\/li><li class='av-share-link av-social-link-mail' ><a  aria-label=\"Compartir por correo\" href='mailto:?subject=Senadora%20Ximena%20%C3%93rdenes%20%E2%80%9CNadie%20puede%20sentirse%20orgulloso%20que%20los%20trabajadores%20recurran%20a%20sus%20fondos%E2%80%9D&#038;body=https:\/\/radiorevelacionfm.cl\/?p=3589' aria-hidden='false' data-av_icon='\ue805' data-av_iconfont='entypo-fontello' title='' data-avia-related-tooltip='Compartir por correo'><span class='avia_hidden_link_text'>Compartir por correo<\/span><\/a><\/li><\/ul><\/div><\/div>\n<div  style='height:50px' class='hr hr-invisible   avia-builder-el-8  el_after_av_social_share  el_before_av_comments_list '><span class='hr-inner ' ><span class='hr-inner-style'><\/span><\/span><\/div>\n<div  class='av-buildercomment  av-blog-meta-html-info-disabled av-blog-meta-tag-disabled  '><\/div>\n","protected":false},"excerpt":{"rendered":"","protected":false},"author":1,"featured_media":0,"comment_status":"open","ping_status":"open","sticky":false,"template":"","format":"standard","meta":{"footnotes":""},"categories":[35],"tags":[],"class_list":["post-3589","post","type-post","status-publish","format-standard","hentry","category-politica"],"jetpack_featured_media_url":"","_links":{"self":[{"href":"https:\/\/radiorevelacionfm.cl\/index.php?rest_route=\/wp\/v2\/posts\/3589","targetHints":{"allow":["GET"]}}],"collection":[{"href":"https:\/\/radiorevelacionfm.cl\/index.php?rest_route=\/wp\/v2\/posts"}],"about":[{"href":"https:\/\/radiorevelacionfm.cl\/index.php?rest_route=\/wp\/v2\/types\/post"}],"author":[{"embeddable":true,"href":"https:\/\/radiorevelacionfm.cl\/index.php?rest_route=\/wp\/v2\/users\/1"}],"replies":[{"embeddable":true,"href":"https:\/\/radiorevelacionfm.cl\/index.php?rest_route=%2Fwp%2Fv2%2Fcomments&post=3589"}],"version-history":[{"count":3,"href":"https:\/\/radiorevelacionfm.cl\/index.php?rest_route=\/wp\/v2\/posts\/3589\/revisions"}],"predecessor-version":[{"id":3593,"href":"https:\/\/radiorevelacionfm.cl\/index.php?rest_route=\/wp\/v2\/posts\/3589\/revisions\/3593"}],"wp:attachment":[{"href":"https:\/\/radiorevelacionfm.cl\/index.php?rest_route=%2Fwp%2Fv2%2Fmedia&parent=3589"}],"wp:term":[{"taxonomy":"category","embeddable":true,"href":"https:\/\/radiorevelacionfm.cl\/index.php?rest_route=%2Fwp%2Fv2%2Fcategories&post=3589"},{"taxonomy":"post_tag","embeddable":true,"href":"https:\/\/radiorevelacionfm.cl\/index.php?rest_route=%2Fwp%2Fv2%2Ftags&post=3589"}],"curies":[{"name":"wp","href":"https:\/\/api.w.org\/{rel}","templated":true}]}}