{"id":35889,"date":"2023-10-13T17:30:39","date_gmt":"2023-10-13T20:30:39","guid":{"rendered":"https:\/\/radiorevelacionfm.cl\/?p=35889"},"modified":"2023-10-13T17:30:39","modified_gmt":"2023-10-13T20:30:39","slug":"diputado-calisto-y-dirigentes-piden-agilizar-tramitacion-de-proyecto-habitacional-para-120-familias-de-coyhaique","status":"publish","type":"post","link":"https:\/\/radiorevelacionfm.cl\/?p=35889","title":{"rendered":"Diputado Calisto y dirigentes piden agilizar tramitaci\u00f3n de proyecto habitacional para 120 familias de Coyhaique"},"content":{"rendered":"<div class=\"flex_column av_one_full  flex_column_div av-zero-column-padding first  avia-builder-el-0  el_before_av_one_full  avia-builder-el-first  \" style='border-radius:0px; '><div  class='avia-image-container  av-styling-    avia-builder-el-1  avia-builder-el-no-sibling  avia-align-center '  itemprop=\"image\" itemscope=\"itemscope\" itemtype=\"https:\/\/schema.org\/ImageObject\"  ><div class='avia-image-container-inner'><div class='avia-image-overlay-wrap'><img decoding=\"async\" class='wp-image-35890 avia-img-lazy-loading-not-35890 avia_image' src=\"https:\/\/radiorevelacionfm.cl\/wp-content\/uploads\/2023\/10\/FOTO-CALISTO-COMITES-CHACRA-31-1-1.jpg\" alt='' title='FOTO CALISTO COMIT\u00c9S CHACRA 31 (1) (1)' height=\"600\" width=\"800\"  itemprop=\"thumbnailUrl\" srcset=\"https:\/\/radiorevelacionfm.cl\/wp-content\/uploads\/2023\/10\/FOTO-CALISTO-COMITES-CHACRA-31-1-1.jpg 800w, https:\/\/radiorevelacionfm.cl\/wp-content\/uploads\/2023\/10\/FOTO-CALISTO-COMITES-CHACRA-31-1-1-300x225.jpg 300w, https:\/\/radiorevelacionfm.cl\/wp-content\/uploads\/2023\/10\/FOTO-CALISTO-COMITES-CHACRA-31-1-1-768x576.jpg 768w, https:\/\/radiorevelacionfm.cl\/wp-content\/uploads\/2023\/10\/FOTO-CALISTO-COMITES-CHACRA-31-1-1-705x529.jpg 705w, https:\/\/radiorevelacionfm.cl\/wp-content\/uploads\/2023\/10\/FOTO-CALISTO-COMITES-CHACRA-31-1-1-450x338.jpg 450w, https:\/\/radiorevelacionfm.cl\/wp-content\/uploads\/2023\/10\/FOTO-CALISTO-COMITES-CHACRA-31-1-1-600x450.jpg 600w\" sizes=\"(max-width: 800px) 100vw, 800px\" \/><\/div><\/div><\/div><\/div><div class=\"flex_column av_one_full  flex_column_div av-zero-column-padding first  avia-builder-el-2  el_after_av_one_full  el_before_av_one_full  column-top-margin\" style='border-radius:0px; '><section class=\"av_textblock_section \"  itemscope=\"itemscope\" itemtype=\"https:\/\/schema.org\/BlogPosting\" itemprop=\"blogPost\" ><div class='avia_textblock  '   itemprop=\"text\" ><h2 style=\"text-align: center;\"><span style=\"font-size: 18pt;\"><b><span lang=\"ES\">Diputado Calisto y dirigentes piden agilizar tramitaci\u00f3n de proyecto habitacional para 120 familias de Coyhaique<\/span><\/b><\/span><\/h2>\n<div id=\"gtx-trans\" style=\"position: absolute; left: -50px; top: 4.31534px;\">\n<div class=\"gtx-trans-icon\"><\/div>\n<\/div>\n<\/div><\/section><\/div><div class=\"flex_column av_one_full  flex_column_div av-zero-column-padding first  avia-builder-el-4  el_after_av_one_full  el_before_av_hr  column-top-margin\" style='border-radius:0px; '><section class=\"av_textblock_section \"  itemscope=\"itemscope\" itemtype=\"https:\/\/schema.org\/BlogPosting\" itemprop=\"blogPost\" ><div class='avia_textblock  '   itemprop=\"text\" ><p style=\"font-weight: 400; text-align: justify;\"><em>Se trata de los comit\u00e9s Ilusi\u00f3n y Realidad y Ll\u00e9vame al Futuro que proyectan sus viviendas en la denominada chacra 31. Los comit\u00e9s Acusan falta de compromiso por parte de autoridades locales.<\/em><\/p>\n<p style=\"font-weight: 400; text-align: justify;\">El Diputado Miguel \u00c1ngel Calisto sostuvo una reuni\u00f3n con los dirigentes de los comit\u00e9s Ilusi\u00f3n y Realidad y Ll\u00e9vame al Futuro, proyecto habitacional para 120 familias de Coyhaique que proyectan sus viviendas en la denominada chacra 31, y que a juicio del parlamentario y de los propios dirigentes de estos comit\u00e9s, ha tenido muy poco avance.<\/p>\n<p style=\"font-weight: 400; text-align: justify;\">Es por estos motivos que los dirigentes enviaron una carta al presidente de la Rep\u00fablica, Gabriel Boric, con copia al Ministro de Vivienda, donde solicitan que se agilice la tramitaci\u00f3n para poder concretar la promesa de compraventa, lo que les permitir\u00eda postular a los subsidios.\u00a0\u00a0En la reuni\u00f3n con el diputado, tambi\u00e9n particip\u00f3 el CORE Felipe Klein.<\/p>\n<p style=\"font-weight: 400; text-align: justify;\">Seg\u00fan el legislador, \u201cestamos respaldando la demanda de 120 familias de los comit\u00e9s Ilusi\u00f3n y Realidad y Ll\u00e9vame al Futuro de Coyhaique. Sus dirigentas han trabajado mucho para sacar adelante este proyecto habitacional, pero lamentablemente el Serviu y el Ministerio no han tomado en serio este proyecto, no le han dado el mismo tratamiento que a otras iniciativas de vivienda\u201d.<\/p>\n<p style=\"font-weight: 400; text-align: justify;\">\u201cA ellos no se les ha garantizado el compromiso de compraventa de los terrenos. Nosotros estamos insistiendo con el Ministro de Vivienda, para que considere que estos proyectos de la chacra 31 de Coyhaique concreten la promesa de compra venta. Con este tr\u00e1mite, ellos quedan en condiciones de poder postular a los subsidios\u201d, indic\u00f3.<\/p>\n<p style=\"font-weight: 400; text-align: justify;\">Calisto agreg\u00f3 que \u201chay familias que pagan altos arriendos, que est\u00e1n de allegados, todo en medio de una situaci\u00f3n econ\u00f3mica que es bien compleja en todo el pa\u00eds. Si el Gobierno quiere cumplir la meta de cerca de 500 mil o 600 mil viviendas en Chile, tiene que ponerse las pilas y avanzar con todos los comit\u00e9s\u201d.<\/p>\n<p style=\"font-weight: 400; text-align: justify;\">\u201cSi esto se concreta, Coyhaique va a poder tener una opci\u00f3n de vivienda m\u00e1s para 120 familia.s a esto se les suma lo que se viene en la Chacra 40, donde trabajamos con los comit\u00e9s Villa Cordillera, Sue\u00f1o de Todos y San Miguel, como as\u00ed tambi\u00e9n las cerca de 1000 familias que se proyectan en la Chacra G 1\u201d, afirm\u00f3.<\/p>\n<p style=\"font-weight: 400; text-align: justify;\"><strong>Acusan que no hay avances ni compromiso de las autoridades<\/strong><\/p>\n<p style=\"font-weight: 400; text-align: justify;\">Por su parte, Ninfa Levicoy, presidenta del Comit\u00e9 Ilusi\u00f3n y Realidad, indic\u00f3 que \u201cle pedimos al diputado una reuni\u00f3n, porque en la regi\u00f3n no hemos tenido avances ni tampoco el compromiso de las autoridades, como la Seremi y el Director de Serviu. Estamos entrampados en la compra de un terreno, que tiene todas las condiciones para construir. En su momento se lleg\u00f3 a un acuerdo econ\u00f3mico y supuestamente en julio se iba a enviar todo a nivel central y as\u00ed avanzar en la promesa de compra venta. Actualmente, encontramos que no hay ning\u00fan avance, no hay ning\u00fan compromiso de las autoridades\u201d.<\/p>\n<p style=\"font-weight: 400; text-align: justify;\">\u201cNos dijeron que lleg\u00f3 un documento donde se autorizan las platas para la mec\u00e1nica de suelo, algo que nunca nos dijeron, porque supuestamente el terreno cumpl\u00eda con todos los requisitos. Por eso recurrimos al diputado Calisto, que siempre nos est\u00e1 cooperando. A trav\u00e9s de \u00e9l, enviamos una carta al Presidente de la Rep\u00fablica, con copia al Ministro, porque ac\u00e1 en la regi\u00f3n hemos hecho de todo y lamentablemente nuestras autoridades nos nos est\u00e1n apoyando y no nos est\u00e1n diciendo la verdad\u201d.<\/p>\n<p style=\"font-weight: 400; text-align: justify;\">Finalmente, la dirigenta se\u00f1al\u00f3 que \u201cnuestros socios est\u00e1n bien complicados, porque hoy en d\u00eda en Coyhaique arrendar una vivienda es terrible, muy caro y escazas. Yo me pongo en el lugar de mis socios y entiendo su inquietud. Nos pesa y desagrada no tener el apoyo de las autoridades regionales para dar soluci\u00f3n para algo que es tan necesario en nuestro pa\u00eds, como es la vivienda\u201d.<\/p>\n<\/div><\/section><\/div><div  style='height:50px' class='hr hr-invisible   avia-builder-el-6  el_after_av_one_full  el_before_av_social_share '><span class='hr-inner ' ><span class='hr-inner-style'><\/span><\/span><\/div><\/p>\n<div  class='av-social-sharing-box  avia-builder-el-7  el_after_av_hr  el_before_av_hr  '><div class='av-share-box'><h5 class='av-share-link-description av-no-toc '>Compartir esta noticia<\/h5><ul class='av-share-box-list noLightbox'><li class='av-share-link av-social-link-facebook' ><a target=\"_blank\" aria-label=\"Compartir en Facebook\" href='https:\/\/www.facebook.com\/sharer.php?u=https:\/\/radiorevelacionfm.cl\/?p=35889&#038;t=Diputado%20Calisto%20y%20dirigentes%20piden%20agilizar%20tramitaci%C3%B3n%20de%20proyecto%20habitacional%20para%20120%20familias%20de%20Coyhaique' aria-hidden='false' data-av_icon='\ue8f3' data-av_iconfont='entypo-fontello' title='' data-avia-related-tooltip='Compartir en Facebook' rel=\"noopener\"><span class='avia_hidden_link_text'>Compartir en Facebook<\/span><\/a><\/li><li class='av-share-link av-social-link-twitter' ><a target=\"_blank\" aria-label=\"Compartir en Twitter\" href='https:\/\/twitter.com\/share?text=Diputado%20Calisto%20y%20dirigentes%20piden%20agilizar%20tramitaci%C3%B3n%20de%20proyecto%20habitacional%20para%20120%20familias%20de%20Coyhaique&#038;url=https:\/\/radiorevelacionfm.cl\/?p=35889' aria-hidden='false' data-av_icon='\ue8f1' data-av_iconfont='entypo-fontello' title='' data-avia-related-tooltip='Compartir en Twitter' rel=\"noopener\"><span class='avia_hidden_link_text'>Compartir en Twitter<\/span><\/a><\/li><li class='av-share-link av-social-link-whatsapp' ><a target=\"_blank\" aria-label=\"Compartir en Whatsapp\" href='https:\/\/api.whatsapp.com\/send?text=https:\/\/radiorevelacionfm.cl\/?p=35889' aria-hidden='false' data-av_icon='\uf232' data-av_iconfont='entypo-fontello' title='' data-avia-related-tooltip='Compartir en Whatsapp' rel=\"noopener\"><span class='avia_hidden_link_text'>Compartir en Whatsapp<\/span><\/a><\/li><li class='av-share-link av-social-link-linkedin' ><a target=\"_blank\" aria-label=\"Compartir en LinkedIn\" href='https:\/\/linkedin.com\/shareArticle?mini=true&#038;title=Diputado%20Calisto%20y%20dirigentes%20piden%20agilizar%20tramitaci%C3%B3n%20de%20proyecto%20habitacional%20para%20120%20familias%20de%20Coyhaique&#038;url=https:\/\/radiorevelacionfm.cl\/?p=35889' aria-hidden='false' data-av_icon='\ue8fc' data-av_iconfont='entypo-fontello' title='' data-avia-related-tooltip='Compartir en LinkedIn' rel=\"noopener\"><span class='avia_hidden_link_text'>Compartir en LinkedIn<\/span><\/a><\/li><li class='av-share-link av-social-link-mail' ><a  aria-label=\"Compartir por correo\" href='mailto:?subject=Diputado%20Calisto%20y%20dirigentes%20piden%20agilizar%20tramitaci%C3%B3n%20de%20proyecto%20habitacional%20para%20120%20familias%20de%20Coyhaique&#038;body=https:\/\/radiorevelacionfm.cl\/?p=35889' aria-hidden='false' data-av_icon='\ue805' data-av_iconfont='entypo-fontello' title='' data-avia-related-tooltip='Compartir por correo'><span class='avia_hidden_link_text'>Compartir por correo<\/span><\/a><\/li><\/ul><\/div><\/div>\n<div  style='height:50px' class='hr hr-invisible   avia-builder-el-8  el_after_av_social_share  el_before_av_comments_list '><span class='hr-inner ' ><span class='hr-inner-style'><\/span><\/span><\/div>\n<div  class='av-buildercomment  av-blog-meta-html-info-disabled av-blog-meta-tag-disabled  '><\/div>\n","protected":false},"excerpt":{"rendered":"","protected":false},"author":1,"featured_media":35890,"comment_status":"open","ping_status":"open","sticky":false,"template":"","format":"standard","meta":{"footnotes":""},"categories":[38],"tags":[],"class_list":["post-35889","post","type-post","status-publish","format-standard","has-post-thumbnail","hentry","category-regional"],"jetpack_featured_media_url":"https:\/\/radiorevelacionfm.cl\/wp-content\/uploads\/2023\/10\/FOTO-CALISTO-COMITES-CHACRA-31-1-1.jpg","_links":{"self":[{"href":"https:\/\/radiorevelacionfm.cl\/index.php?rest_route=\/wp\/v2\/posts\/35889","targetHints":{"allow":["GET"]}}],"collection":[{"href":"https:\/\/radiorevelacionfm.cl\/index.php?rest_route=\/wp\/v2\/posts"}],"about":[{"href":"https:\/\/radiorevelacionfm.cl\/index.php?rest_route=\/wp\/v2\/types\/post"}],"author":[{"embeddable":true,"href":"https:\/\/radiorevelacionfm.cl\/index.php?rest_route=\/wp\/v2\/users\/1"}],"replies":[{"embeddable":true,"href":"https:\/\/radiorevelacionfm.cl\/index.php?rest_route=%2Fwp%2Fv2%2Fcomments&post=35889"}],"version-history":[{"count":1,"href":"https:\/\/radiorevelacionfm.cl\/index.php?rest_route=\/wp\/v2\/posts\/35889\/revisions"}],"predecessor-version":[{"id":35891,"href":"https:\/\/radiorevelacionfm.cl\/index.php?rest_route=\/wp\/v2\/posts\/35889\/revisions\/35891"}],"wp:featuredmedia":[{"embeddable":true,"href":"https:\/\/radiorevelacionfm.cl\/index.php?rest_route=\/wp\/v2\/media\/35890"}],"wp:attachment":[{"href":"https:\/\/radiorevelacionfm.cl\/index.php?rest_route=%2Fwp%2Fv2%2Fmedia&parent=35889"}],"wp:term":[{"taxonomy":"category","embeddable":true,"href":"https:\/\/radiorevelacionfm.cl\/index.php?rest_route=%2Fwp%2Fv2%2Fcategories&post=35889"},{"taxonomy":"post_tag","embeddable":true,"href":"https:\/\/radiorevelacionfm.cl\/index.php?rest_route=%2Fwp%2Fv2%2Ftags&post=35889"}],"curies":[{"name":"wp","href":"https:\/\/api.w.org\/{rel}","templated":true}]}}