{"id":35883,"date":"2023-10-13T15:59:41","date_gmt":"2023-10-13T18:59:41","guid":{"rendered":"https:\/\/radiorevelacionfm.cl\/?p=35883"},"modified":"2023-10-13T23:40:49","modified_gmt":"2023-10-14T02:40:49","slug":"congreso-despacha-a-ley-el-proyecto-que-acaba-con-la-doble-evaluacion-docente-y-fortalece-la-labor-pedagogica","status":"publish","type":"post","link":"https:\/\/radiorevelacionfm.cl\/?p=35883","title":{"rendered":"Congreso despacha a ley el proyecto que acaba con la doble Evaluaci\u00f3n Docente y fortalece la labor pedag\u00f3gica"},"content":{"rendered":"<div class=\"flex_column av_one_full  flex_column_div av-zero-column-padding first  avia-builder-el-0  el_before_av_one_full  avia-builder-el-first  \" style='border-radius:0px; '><div  class='avia-image-container  av-styling-    avia-builder-el-1  avia-builder-el-no-sibling  avia-align-center '  itemprop=\"image\" itemscope=\"itemscope\" itemtype=\"https:\/\/schema.org\/ImageObject\"  ><div class='avia-image-container-inner'><div class='avia-image-overlay-wrap'><img decoding=\"async\" class='wp-image-31660 avia-img-lazy-loading-not-31660 avia_image' src=\"https:\/\/radiorevelacionfm.cl\/wp-content\/uploads\/2023\/06\/Seremi-Isabel-Garrido-1-1.jpg\" alt='' title='Seremi Isabel Garrido (1) (1)' height=\"600\" width=\"899\"  itemprop=\"thumbnailUrl\" srcset=\"https:\/\/radiorevelacionfm.cl\/wp-content\/uploads\/2023\/06\/Seremi-Isabel-Garrido-1-1.jpg 899w, https:\/\/radiorevelacionfm.cl\/wp-content\/uploads\/2023\/06\/Seremi-Isabel-Garrido-1-1-300x200.jpg 300w, https:\/\/radiorevelacionfm.cl\/wp-content\/uploads\/2023\/06\/Seremi-Isabel-Garrido-1-1-768x513.jpg 768w, https:\/\/radiorevelacionfm.cl\/wp-content\/uploads\/2023\/06\/Seremi-Isabel-Garrido-1-1-705x471.jpg 705w, https:\/\/radiorevelacionfm.cl\/wp-content\/uploads\/2023\/06\/Seremi-Isabel-Garrido-1-1-450x300.jpg 450w, https:\/\/radiorevelacionfm.cl\/wp-content\/uploads\/2023\/06\/Seremi-Isabel-Garrido-1-1-600x400.jpg 600w\" sizes=\"(max-width: 899px) 100vw, 899px\" \/><\/div><\/div><\/div><\/div><div class=\"flex_column av_one_full  flex_column_div av-zero-column-padding first  avia-builder-el-2  el_after_av_one_full  el_before_av_one_full  column-top-margin\" style='border-radius:0px; '><section class=\"av_textblock_section \"  itemscope=\"itemscope\" itemtype=\"https:\/\/schema.org\/BlogPosting\" itemprop=\"blogPost\" ><div class='avia_textblock  '   itemprop=\"text\" ><h2 style=\"text-align: center;\"><span style=\"font-size: 18pt;\"><b>Congreso despacha a ley el proyecto que acaba con la doble Evaluaci\u00f3n Docente y fortalece\u00a0la\u00a0labor\u00a0pedag\u00f3gica<\/b>\u00a0<\/span><\/h2>\n<div id=\"gtx-trans\" style=\"position: absolute; left: -50px; top: 4.31534px;\">\n<div class=\"gtx-trans-icon\"><\/div>\n<\/div>\n<\/div><\/section><\/div><\/p>\n<div class=\"flex_column av_one_full  flex_column_div av-zero-column-padding first  avia-builder-el-4  el_after_av_one_full  el_before_av_hr  column-top-margin\" style='border-radius:0px; '><section class=\"av_textblock_section \"  itemscope=\"itemscope\" itemtype=\"https:\/\/schema.org\/BlogPosting\" itemprop=\"blogPost\" ><div class='avia_textblock  '   itemprop=\"text\" ><p style=\"text-align: justify;\"><b>La iniciativa mejora el proceso de evaluaci\u00f3n para 116 mil profesores del sector p\u00fablico y obliga a\u00a0otros\u00a0115 mil del sector particular subvencionado a\u00a0progresar en la carrera. Adem\u00e1s, perfecciona el sistema de inducci\u00f3n y acompa\u00f1amiento\u00a0de docentes e incorpora en el sistema a 8 mil docentes mal encasillados en 2015<\/b><b><\/b><\/p>\n<p style=\"text-align: justify;\">Este mi\u00e9rcoles, el Congreso\u00a0Nacional\u00a0despach\u00f3\u00a0a ley\u00a0el proyecto del Ministerio de Educaci\u00f3n que pone fin a la doble Evaluaci\u00f3n Docente\u00a0para\u00a0profesoras y profesores\u00a0de establecimientos municipales y de Servicios Locales de Educaci\u00f3n P\u00fablica (SLEP),\u00a0fortaleciendo\u00a0la labor de profesoras y profesores,\u00a0luego de que fuera aprobado por\u00a0114\u00a0votos a favor\u00a0en la\u00a0Sala de la C\u00e1mara de Diputadas y Diputados.<\/p>\n<p style=\"text-align: justify;\">En la instancia, el\u00a0<b>ministro de Educaci\u00f3n, Nicol\u00e1s Cataldo,<\/b>\u00a0agradeci\u00f3 a las y los parlamentarios que aprobaron esta iniciativa, porque \u201creconocen\u00a0el importante trabajo que realizan las y los docentes del pa\u00eds, entreg\u00e1ndoles m\u00e1s herramientas para que puedan ejercer la ense\u00f1anza y\u00a0profesionalizar su labor. Se trata sin duda de un avance para las y los maestros de Chile y para la educaci\u00f3n del pa\u00eds\u201d.<\/p>\n<p style=\"text-align: justify;\">\u201cHay algo\u00a0que quiero destacar: el gran acuerdo que hemos logrado construir, no solamente en la Comisi\u00f3n de Educaci\u00f3n de la C\u00e1mara y ahora en la\u00a0Sala, sino tambi\u00e9n en el Senado, donde con amplia mayor\u00eda logramos aprobar este proyecto, que espero sea la forma en que enfrentemos de aqu\u00ed en adelante las problem\u00e1ticas de la educaci\u00f3n chilena.\u00a0Necesitamos un gran acuerdo transversal para enfrentar los problemas de nuestro sistema educativo, y cuando hablamos de que la reactivaci\u00f3n educativa tenemos que abordarla pensando en el futuro\u201d, se\u00f1al\u00f3 el ministro Cataldo.<\/p>\n<p style=\"text-align: justify;\">En la regi\u00f3n, la\u00a0<b>Seremi Isabel Garrido<\/b>\u00a0destac\u00f3 la aprobaci\u00f3n de esta Ley se\u00f1alando que: \u201cEs una excelente noticia para unos mil profesores de nuestra regi\u00f3n que estaban sujetos a una doble evaluaci\u00f3n y adem\u00e1s beneficia transversalmente al profesorado porque mejora una serie de elementos de la carrera docente para ir avanzando en un sistema basado en el acompa\u00f1amiento y en la mejora continua de la labor docente m\u00e1s que en los aspectos punitivos; y eso es justamente lo que se\u00f1ala la evidencia que contribuye a mejorar los aprendizajes de las y los estudiantes. Nos alegra adem\u00e1s anunciar el cumplimiento de esta demanda hist\u00f3rica del profesorado en v\u00edsperas del d\u00eda del profesor y la profesora y que esto se logre adem\u00e1s con un apoyo pol\u00edtico transversal, lo que demuestra la voluntad pol\u00edtica de nuestro gobierno de llegar acuerdos y que los temas educativos generan consensos en nuestro pa\u00eds. Por lo tanto, tenemos el piso para ir avanzando hacia un sistema educativo m\u00e1s justo, equitativo y de calidad\u201d.<\/p>\n<p style=\"text-align: justify;\">El proyecto del Mineduc\u00a0establece que los profesores de establecimientos p\u00fablicos\u00a0dejen de ser evaluados por dos sistemas distintos,\u00a0la Evaluaci\u00f3n Docente y el Sistema de Desarrollo Profesional Docente,\u00a0y sean evaluados\u00a0por\u00a0este \u00faltimo,\u00a0tal como ocurre en\u00a0el sector particular subvencionado, generando un proceso m\u00e1s eficiente y transparente, que beneficiar\u00e1 a 116 mil\u00a0profesores.<\/p>\n<p style=\"text-align: justify;\">Tambi\u00e9n ser\u00e1 creado\u00a0un mecanismo para\u00a0asegurar la formaci\u00f3n continua de docentes avanzados en su carrera, de los\u00a0tramos\u00a0Experto I y\u00a0Experto II, que\u00a0hoy\u00a0no est\u00e1n obligados a evaluarse,\u00a0y se establecer\u00e1 la obligaci\u00f3n de que los\u00a0instrumentos de evaluaci\u00f3n\u00a0sean\u00a0ajustados\u00a0a\u00a0<wbr \/>los\u00a0niveles y modalidades en que\u00a0trabajan los docentes.<\/p>\n<p style=\"text-align: justify;\">Igualmente,\u00a0ahora ser\u00e1 obligatorio que los\u00a0115 mil\u00a0docentes de establecimientos particulares subvencionados se eval\u00faen, ya que hoy\u00a0est\u00e1n en la Carrera Docente, pero su evaluaci\u00f3n es solo opcional,\u00a0lo que provoca que muchos\u00a0de ellos se queden en el tramo inicial.\u00a0Esta medida ser\u00e1 aplicada de forma progresiva entre 2025 y 2027.<\/p>\n<p style=\"text-align: justify;\">\u201cQueremos mover el sistema, porque el sector particular subvencionado cubre una parte importante del sistema educativo, y con esto los profesores no solamente tendr\u00e1n que evaluarse, sino que tambi\u00e9n tendr\u00e1n la obligaci\u00f3n de progresar en la carrera\u201d, explic\u00f3 el ministro Cataldo.<\/p>\n<p style=\"text-align: justify;\"><b>Mejora en la inducci\u00f3n\u00a0y trabajo colaborativo<\/b><\/p>\n<p style=\"text-align: justify;\">La ley aprobada tambi\u00e9n mejora el acompa\u00f1amiento\u00a0del Centro de Perfeccionamiento, Experimentaci\u00f3n e Investigaciones Pedag\u00f3gicas (CPEIP)\u00a0a docentes principiantes\u00a0que\u00a0no han logrado avanzar de tramo en su carrera, y\u00a0permite que las y los profesores que tienen contratos de 44 horas semanales puedan hacer sus procesos de inducci\u00f3n dentro de\u00a0su jornada laboral, en las horas no lectivas, lo que hasta ahora no pod\u00edan hacer.<\/p>\n<p style=\"text-align: justify;\">\u201cLa inducci\u00f3n es un derecho para todos los profesores; sin embargo, dada la cantidad de horas del contrato, solo es posible ejecutarla si se tiene 38 horas o menos de contrato, ya que, si tienen m\u00e1s horas, quedar\u00edan sin tiempo para la inducci\u00f3n. Para garantizar este derecho, ahora se permitir\u00e1 que la inducci\u00f3n se desarrolle dentro de las horas de trabajo no lectivo\u201d, explic\u00f3 el ministro Cataldo.<\/p>\n<p style=\"text-align: justify;\">Adem\u00e1s, la ley fortalecer\u00e1\u00a0las redes de trabajo y el acompa\u00f1amiento entre docentes a trav\u00e9s de la Red Maestros de Maestros\u00a0y asegura una cantidad de horas no lectivas para la preparaci\u00f3n de instrumentos de evaluaci\u00f3n, con jornadas colaborativas de trabajo.<\/p>\n<p style=\"text-align: justify;\">Por \u00faltimo,\u00a0la ley incorpora en la Carrera Docente a cerca de 8 mil profesores que quedaron mal encasillados en 2015; modifica la norma que prioriza el despido de personas cercanas a la jubilaci\u00f3n en los casos de\u00a0sobredotaci\u00f3n\u00a0docente, reemplazando\u00a0ese criterio por\u00a0profesores\u00a0de tramos menos avanzados; y permite que las y los\u00a0docentes\u00a0que han ejercido roles directivos en los establecimientos conserven su titularidad docente y as\u00ed puedan\u00a0volver a ejercer en aula.<\/p>\n<\/div><\/section><\/div>\n<div  style='height:50px' class='hr hr-invisible   avia-builder-el-6  el_after_av_one_full  el_before_av_social_share '><span class='hr-inner ' ><span class='hr-inner-style'><\/span><\/span><\/div>\n<div  class='av-social-sharing-box  avia-builder-el-7  el_after_av_hr  el_before_av_hr  '><div class='av-share-box'><h5 class='av-share-link-description av-no-toc '>Compartir esta noticia<\/h5><ul class='av-share-box-list noLightbox'><li class='av-share-link av-social-link-facebook' ><a target=\"_blank\" aria-label=\"Compartir en Facebook\" href='https:\/\/www.facebook.com\/sharer.php?u=https:\/\/radiorevelacionfm.cl\/?p=35883&#038;t=Congreso%20despacha%20a%20ley%20el%20proyecto%20que%20acaba%20con%20la%20doble%20Evaluaci%C3%B3n%20Docente%20y%20fortalece%20la%20labor%20pedag%C3%B3gica' aria-hidden='false' data-av_icon='\ue8f3' data-av_iconfont='entypo-fontello' title='' data-avia-related-tooltip='Compartir en Facebook' rel=\"noopener\"><span class='avia_hidden_link_text'>Compartir en Facebook<\/span><\/a><\/li><li class='av-share-link av-social-link-twitter' ><a target=\"_blank\" aria-label=\"Compartir en Twitter\" href='https:\/\/twitter.com\/share?text=Congreso%20despacha%20a%20ley%20el%20proyecto%20que%20acaba%20con%20la%20doble%20Evaluaci%C3%B3n%20Docente%20y%20fortalece%20la%20labor%20pedag%C3%B3gica&#038;url=https:\/\/radiorevelacionfm.cl\/?p=35883' aria-hidden='false' data-av_icon='\ue8f1' data-av_iconfont='entypo-fontello' title='' data-avia-related-tooltip='Compartir en Twitter' rel=\"noopener\"><span class='avia_hidden_link_text'>Compartir en Twitter<\/span><\/a><\/li><li class='av-share-link av-social-link-whatsapp' ><a target=\"_blank\" aria-label=\"Compartir en Whatsapp\" href='https:\/\/api.whatsapp.com\/send?text=https:\/\/radiorevelacionfm.cl\/?p=35883' aria-hidden='false' data-av_icon='\uf232' data-av_iconfont='entypo-fontello' title='' data-avia-related-tooltip='Compartir en Whatsapp' rel=\"noopener\"><span class='avia_hidden_link_text'>Compartir en Whatsapp<\/span><\/a><\/li><li class='av-share-link av-social-link-linkedin' ><a target=\"_blank\" aria-label=\"Compartir en LinkedIn\" href='https:\/\/linkedin.com\/shareArticle?mini=true&#038;title=Congreso%20despacha%20a%20ley%20el%20proyecto%20que%20acaba%20con%20la%20doble%20Evaluaci%C3%B3n%20Docente%20y%20fortalece%20la%20labor%20pedag%C3%B3gica&#038;url=https:\/\/radiorevelacionfm.cl\/?p=35883' aria-hidden='false' data-av_icon='\ue8fc' data-av_iconfont='entypo-fontello' title='' data-avia-related-tooltip='Compartir en LinkedIn' rel=\"noopener\"><span class='avia_hidden_link_text'>Compartir en LinkedIn<\/span><\/a><\/li><li class='av-share-link av-social-link-mail' ><a  aria-label=\"Compartir por correo\" href='mailto:?subject=Congreso%20despacha%20a%20ley%20el%20proyecto%20que%20acaba%20con%20la%20doble%20Evaluaci%C3%B3n%20Docente%20y%20fortalece%20la%20labor%20pedag%C3%B3gica&#038;body=https:\/\/radiorevelacionfm.cl\/?p=35883' aria-hidden='false' data-av_icon='\ue805' data-av_iconfont='entypo-fontello' title='' data-avia-related-tooltip='Compartir por correo'><span class='avia_hidden_link_text'>Compartir por correo<\/span><\/a><\/li><\/ul><\/div><\/div>\n<div  style='height:50px' class='hr hr-invisible   avia-builder-el-8  el_after_av_social_share  el_before_av_comments_list '><span class='hr-inner ' ><span class='hr-inner-style'><\/span><\/span><\/div>\n<div  class='av-buildercomment  av-blog-meta-html-info-disabled av-blog-meta-tag-disabled  '><\/div>\n","protected":false},"excerpt":{"rendered":"","protected":false},"author":1,"featured_media":31660,"comment_status":"open","ping_status":"open","sticky":false,"template":"","format":"standard","meta":{"footnotes":""},"categories":[49],"tags":[],"class_list":["post-35883","post","type-post","status-publish","format-standard","has-post-thumbnail","hentry","category-educacion"],"jetpack_featured_media_url":"https:\/\/radiorevelacionfm.cl\/wp-content\/uploads\/2023\/06\/Seremi-Isabel-Garrido-1-1.jpg","_links":{"self":[{"href":"https:\/\/radiorevelacionfm.cl\/index.php?rest_route=\/wp\/v2\/posts\/35883","targetHints":{"allow":["GET"]}}],"collection":[{"href":"https:\/\/radiorevelacionfm.cl\/index.php?rest_route=\/wp\/v2\/posts"}],"about":[{"href":"https:\/\/radiorevelacionfm.cl\/index.php?rest_route=\/wp\/v2\/types\/post"}],"author":[{"embeddable":true,"href":"https:\/\/radiorevelacionfm.cl\/index.php?rest_route=\/wp\/v2\/users\/1"}],"replies":[{"embeddable":true,"href":"https:\/\/radiorevelacionfm.cl\/index.php?rest_route=%2Fwp%2Fv2%2Fcomments&post=35883"}],"version-history":[{"count":3,"href":"https:\/\/radiorevelacionfm.cl\/index.php?rest_route=\/wp\/v2\/posts\/35883\/revisions"}],"predecessor-version":[{"id":35907,"href":"https:\/\/radiorevelacionfm.cl\/index.php?rest_route=\/wp\/v2\/posts\/35883\/revisions\/35907"}],"wp:featuredmedia":[{"embeddable":true,"href":"https:\/\/radiorevelacionfm.cl\/index.php?rest_route=\/wp\/v2\/media\/31660"}],"wp:attachment":[{"href":"https:\/\/radiorevelacionfm.cl\/index.php?rest_route=%2Fwp%2Fv2%2Fmedia&parent=35883"}],"wp:term":[{"taxonomy":"category","embeddable":true,"href":"https:\/\/radiorevelacionfm.cl\/index.php?rest_route=%2Fwp%2Fv2%2Fcategories&post=35883"},{"taxonomy":"post_tag","embeddable":true,"href":"https:\/\/radiorevelacionfm.cl\/index.php?rest_route=%2Fwp%2Fv2%2Ftags&post=35883"}],"curies":[{"name":"wp","href":"https:\/\/api.w.org\/{rel}","templated":true}]}}