{"id":35879,"date":"2023-10-13T20:37:48","date_gmt":"2023-10-13T23:37:48","guid":{"rendered":"https:\/\/radiorevelacionfm.cl\/?p=35879"},"modified":"2023-10-13T20:37:48","modified_gmt":"2023-10-13T23:37:48","slug":"destacan-apoyo-de-convocatoria-programa-hortofruticola-de-la-seremi-de-agricultura","status":"publish","type":"post","link":"https:\/\/radiorevelacionfm.cl\/?p=35879","title":{"rendered":"Destacan apoyo de convocatoria Programa Hortofrut\u00edcola de la Seremi de Agricultura"},"content":{"rendered":"<div class=\"flex_column av_one_full  flex_column_div av-zero-column-padding first  avia-builder-el-0  el_before_av_one_full  avia-builder-el-first  \" style='border-radius:0px; '><div  class='avia-image-container  av-styling-    avia-builder-el-1  avia-builder-el-no-sibling  avia-align-center '  itemprop=\"image\" itemscope=\"itemscope\" itemtype=\"https:\/\/schema.org\/ImageObject\"  ><div class='avia-image-container-inner'><div class='avia-image-overlay-wrap'><img decoding=\"async\" class='wp-image-35880 avia-img-lazy-loading-not-35880 avia_image' src=\"https:\/\/radiorevelacionfm.cl\/wp-content\/uploads\/2023\/10\/z9a9017-2_optimized.jpg\" alt='' title='_z9a9017-2_optimized' height=\"600\" width=\"900\"  itemprop=\"thumbnailUrl\" srcset=\"https:\/\/radiorevelacionfm.cl\/wp-content\/uploads\/2023\/10\/z9a9017-2_optimized.jpg 900w, https:\/\/radiorevelacionfm.cl\/wp-content\/uploads\/2023\/10\/z9a9017-2_optimized-300x200.jpg 300w, https:\/\/radiorevelacionfm.cl\/wp-content\/uploads\/2023\/10\/z9a9017-2_optimized-768x512.jpg 768w, https:\/\/radiorevelacionfm.cl\/wp-content\/uploads\/2023\/10\/z9a9017-2_optimized-705x470.jpg 705w, https:\/\/radiorevelacionfm.cl\/wp-content\/uploads\/2023\/10\/z9a9017-2_optimized-450x300.jpg 450w, https:\/\/radiorevelacionfm.cl\/wp-content\/uploads\/2023\/10\/z9a9017-2_optimized-600x400.jpg 600w\" sizes=\"(max-width: 900px) 100vw, 900px\" \/><\/div><\/div><\/div><\/div><div class=\"flex_column av_one_full  flex_column_div av-zero-column-padding first  avia-builder-el-2  el_after_av_one_full  el_before_av_one_full  column-top-margin\" style='border-radius:0px; '><section class=\"av_textblock_section \"  itemscope=\"itemscope\" itemtype=\"https:\/\/schema.org\/BlogPosting\" itemprop=\"blogPost\" ><div class='avia_textblock  '   itemprop=\"text\" ><p style=\"text-align: center;\"><strong><span style=\"font-size: 18pt;\">Destacan apoyo de convocatoria Programa Hortofrut\u00edcola de la Seremi de Agricultura<\/span><\/strong><\/p>\n<div id=\"gtx-trans\" style=\"position: absolute; left: -50px; top: 4.31534px;\">\n<div class=\"gtx-trans-icon\"><\/div>\n<\/div>\n<\/div><\/section><\/div><div class=\"flex_column av_one_full  flex_column_div av-zero-column-padding first  avia-builder-el-4  el_after_av_one_full  el_before_av_hr  column-top-margin\" style='border-radius:0px; '><section class=\"av_textblock_section \"  itemscope=\"itemscope\" itemtype=\"https:\/\/schema.org\/BlogPosting\" itemprop=\"blogPost\" ><div class='avia_textblock  '   itemprop=\"text\" ><p style=\"text-align: justify;\">Mirtha Almonacid Veloso y Jorge Lepio Oyarzun representan a dos generaciones que impulsan d\u00eda a el trabajo en la horticultura en la comuna de Ays\u00e9n, quienes forman parte de las iniciativas priorizadas en el concurso de la Seremi de Agricultura que apoya la implementaci\u00f3n e innovaci\u00f3n en procesos y mejoras en modelos productivos<\/p>\n<p style=\"text-align: justify;\">Lo anterior a trav\u00e9s del programa \u201cFrutas y Hortalizas\u201d, el cual con fondos del Gobierno Regional de Ays\u00e9n y su Consejo y con apoyo de FIA e INDAP, financia a 35 productores\/as desde Lago Verde hasta Villa O\u2019Higgins para la adquisici\u00f3n de equipamiento e infraestructura en sus predios.<\/p>\n<p style=\"text-align: justify;\">En reciente visita, el Seremi de Agricultura junto con equipo de profesionales, recorrieron los predios de los productores\/as para conocer en terreno el estado de avance e implementaci\u00f3n de los proyectos.<\/p>\n<p style=\"text-align: justify;\">\u00abA trav\u00e9s del Programa Hortofrut\u00edcola, en colaboraci\u00f3n con el Gobierno Regional y su Consejo, y ejecutado con el apoyo de FIA, buscamos mejorar e innovar. Cada cambio que implementamos facilita el trabajo de nuestros agricultores y agricultoras. Seguimos trabajando juntos por una mejor agricultura y una producci\u00f3n mejorada para todos\u00bb, sostuvo Alan Espinoza Ortiz.<\/p>\n<p style=\"text-align: justify;\">\u00a0La primera visita fue la desarrollada en el sector Pangal Bajo al Huerto Awiten de Jorge Lepio Oyarz\u00fan, miembro activo de la mesa de J\u00f3venes Rurales, que impulsa un proceso biointensivo de producci\u00f3n de\u00a0hortalizas, aumento de la superficie cultivable bajo invernadero, instalaci\u00f3n de riego por goteo con captaci\u00f3n de aguas lluvias, cosechadoras de hojas y herramientas de deshierbe.<\/p>\n<p style=\"text-align: justify;\">Estas mejoras no solo aumentar\u00e1n la producci\u00f3n, sino que tambi\u00e9n permitir\u00e1n mantener el huerto de manera m\u00e1s eficiente y sostenible. \u00abEstoy s\u00faper agradecido de FIA y del Ministerio de Agricultura por confiar en estos proyectos. Es importante destacar que se est\u00e1 dando espacio a una agricultura no convencional que busca una relaci\u00f3n diferente con la naturaleza\u00bb, subray\u00f3 el productor .<\/p>\n<p style=\"text-align: justify;\">Por otro lado, el proyecto implementado por Mirtha Almonacid Velozo, en el sector de Viviana Norte, ha invertido en la tecnificaci\u00f3n de sus cultivos, incluyendo herramientas para deshierbar y sembrar, una sembradora de alm\u00e1cigos, mallas y polietileno. Mejoras que optimizar\u00e1n los tiempos de trabajo y aumentar\u00e1n la producci\u00f3n, permiti\u00e9ndole a Mirtha seguir siendo una productora hortofrut\u00edcola activa y contribuir significativamente a la econom\u00eda local.<\/p>\n<p style=\"text-align: justify;\">\u201cMantengo siempre verduras para toda la temporada, en realidad, porque yo siempre planto en abril y me dura todo el a\u00f1o la verdura, porque incluso tengo una lechuga linda que yo s\u00e9 que la estoy comiendo. Me aporta m\u00e1s facilidad, m\u00e1s f\u00e1cil dar vuelta a la tierra, sembrarla y tapar la semilla con la misma herramienta, porque son los mangos largos y a uno ya no tiene que andar, as\u00ed como estaba agachada como antes, que los hac\u00edamos a puro gualato\u201d, sostuvo en torno a la adquisici\u00f3n de herramientas posibilitadas con este concurso<\/p>\n<p style=\"text-align: justify;\">Ambos proyectos no solo representan una inversi\u00f3n en la producci\u00f3n local, sino que tambi\u00e9n resaltan el papel fundamental de las mujeres en el sost\u00e9n de la econom\u00eda familiar campesina. La Seremi de Agricultura contin\u00faa apoyando y promoviendo iniciativas innovadoras que fortalecen la agricultura local y garantizan la seguridad alimentaria de la regi\u00f3n.<\/p>\n<\/div><\/section><\/div><div  style='height:50px' class='hr hr-invisible   avia-builder-el-6  el_after_av_one_full  el_before_av_social_share '><span class='hr-inner ' ><span class='hr-inner-style'><\/span><\/span><\/div><\/p>\n<div  class='av-social-sharing-box  avia-builder-el-7  el_after_av_hr  el_before_av_hr  '><div class='av-share-box'><h5 class='av-share-link-description av-no-toc '>Compartir esta noticia<\/h5><ul class='av-share-box-list noLightbox'><li class='av-share-link av-social-link-facebook' ><a target=\"_blank\" aria-label=\"Compartir en Facebook\" href='https:\/\/www.facebook.com\/sharer.php?u=https:\/\/radiorevelacionfm.cl\/?p=35879&#038;t=Destacan%20apoyo%20de%20convocatoria%20Programa%20Hortofrut%C3%ADcola%20de%20la%20Seremi%20de%20Agricultura' aria-hidden='false' data-av_icon='\ue8f3' data-av_iconfont='entypo-fontello' title='' data-avia-related-tooltip='Compartir en Facebook' rel=\"noopener\"><span class='avia_hidden_link_text'>Compartir en Facebook<\/span><\/a><\/li><li class='av-share-link av-social-link-twitter' ><a target=\"_blank\" aria-label=\"Compartir en Twitter\" href='https:\/\/twitter.com\/share?text=Destacan%20apoyo%20de%20convocatoria%20Programa%20Hortofrut%C3%ADcola%20de%20la%20Seremi%20de%20Agricultura&#038;url=https:\/\/radiorevelacionfm.cl\/?p=35879' aria-hidden='false' data-av_icon='\ue8f1' data-av_iconfont='entypo-fontello' title='' data-avia-related-tooltip='Compartir en Twitter' rel=\"noopener\"><span class='avia_hidden_link_text'>Compartir en Twitter<\/span><\/a><\/li><li class='av-share-link av-social-link-whatsapp' ><a target=\"_blank\" aria-label=\"Compartir en Whatsapp\" href='https:\/\/api.whatsapp.com\/send?text=https:\/\/radiorevelacionfm.cl\/?p=35879' aria-hidden='false' data-av_icon='\uf232' data-av_iconfont='entypo-fontello' title='' data-avia-related-tooltip='Compartir en Whatsapp' rel=\"noopener\"><span class='avia_hidden_link_text'>Compartir en Whatsapp<\/span><\/a><\/li><li class='av-share-link av-social-link-linkedin' ><a target=\"_blank\" aria-label=\"Compartir en LinkedIn\" href='https:\/\/linkedin.com\/shareArticle?mini=true&#038;title=Destacan%20apoyo%20de%20convocatoria%20Programa%20Hortofrut%C3%ADcola%20de%20la%20Seremi%20de%20Agricultura&#038;url=https:\/\/radiorevelacionfm.cl\/?p=35879' aria-hidden='false' data-av_icon='\ue8fc' data-av_iconfont='entypo-fontello' title='' data-avia-related-tooltip='Compartir en LinkedIn' rel=\"noopener\"><span class='avia_hidden_link_text'>Compartir en LinkedIn<\/span><\/a><\/li><li class='av-share-link av-social-link-mail' ><a  aria-label=\"Compartir por correo\" href='mailto:?subject=Destacan%20apoyo%20de%20convocatoria%20Programa%20Hortofrut%C3%ADcola%20de%20la%20Seremi%20de%20Agricultura&#038;body=https:\/\/radiorevelacionfm.cl\/?p=35879' aria-hidden='false' data-av_icon='\ue805' data-av_iconfont='entypo-fontello' title='' data-avia-related-tooltip='Compartir por correo'><span class='avia_hidden_link_text'>Compartir por correo<\/span><\/a><\/li><\/ul><\/div><\/div>\n<div  style='height:50px' class='hr hr-invisible   avia-builder-el-8  el_after_av_social_share  el_before_av_comments_list '><span class='hr-inner ' ><span class='hr-inner-style'><\/span><\/span><\/div>\n<div  class='av-buildercomment  av-blog-meta-html-info-disabled av-blog-meta-tag-disabled  '><\/div>\n","protected":false},"excerpt":{"rendered":"","protected":false},"author":1,"featured_media":35880,"comment_status":"open","ping_status":"open","sticky":false,"template":"","format":"standard","meta":{"footnotes":""},"categories":[58],"tags":[],"class_list":["post-35879","post","type-post","status-publish","format-standard","has-post-thumbnail","hentry","category-agricultura"],"jetpack_featured_media_url":"https:\/\/radiorevelacionfm.cl\/wp-content\/uploads\/2023\/10\/z9a9017-2_optimized.jpg","_links":{"self":[{"href":"https:\/\/radiorevelacionfm.cl\/index.php?rest_route=\/wp\/v2\/posts\/35879","targetHints":{"allow":["GET"]}}],"collection":[{"href":"https:\/\/radiorevelacionfm.cl\/index.php?rest_route=\/wp\/v2\/posts"}],"about":[{"href":"https:\/\/radiorevelacionfm.cl\/index.php?rest_route=\/wp\/v2\/types\/post"}],"author":[{"embeddable":true,"href":"https:\/\/radiorevelacionfm.cl\/index.php?rest_route=\/wp\/v2\/users\/1"}],"replies":[{"embeddable":true,"href":"https:\/\/radiorevelacionfm.cl\/index.php?rest_route=%2Fwp%2Fv2%2Fcomments&post=35879"}],"version-history":[{"count":1,"href":"https:\/\/radiorevelacionfm.cl\/index.php?rest_route=\/wp\/v2\/posts\/35879\/revisions"}],"predecessor-version":[{"id":35881,"href":"https:\/\/radiorevelacionfm.cl\/index.php?rest_route=\/wp\/v2\/posts\/35879\/revisions\/35881"}],"wp:featuredmedia":[{"embeddable":true,"href":"https:\/\/radiorevelacionfm.cl\/index.php?rest_route=\/wp\/v2\/media\/35880"}],"wp:attachment":[{"href":"https:\/\/radiorevelacionfm.cl\/index.php?rest_route=%2Fwp%2Fv2%2Fmedia&parent=35879"}],"wp:term":[{"taxonomy":"category","embeddable":true,"href":"https:\/\/radiorevelacionfm.cl\/index.php?rest_route=%2Fwp%2Fv2%2Fcategories&post=35879"},{"taxonomy":"post_tag","embeddable":true,"href":"https:\/\/radiorevelacionfm.cl\/index.php?rest_route=%2Fwp%2Fv2%2Ftags&post=35879"}],"curies":[{"name":"wp","href":"https:\/\/api.w.org\/{rel}","templated":true}]}}