{"id":35876,"date":"2023-10-15T11:48:15","date_gmt":"2023-10-15T14:48:15","guid":{"rendered":"https:\/\/radiorevelacionfm.cl\/?p=35876"},"modified":"2023-10-15T20:05:53","modified_gmt":"2023-10-15T23:05:53","slug":"funcionarios-del-servicio-de-proteccion-especializada-a-la-ninez-e-injuv-reforzaron-acciones-preventivas-sobre-el-suicidio","status":"publish","type":"post","link":"https:\/\/radiorevelacionfm.cl\/?p=35876","title":{"rendered":"Funcionarios del Servicio de Protecci\u00f3n Especializada a la Ni\u00f1ez e INJUV reforzaron acciones preventivas sobre el suicidio"},"content":{"rendered":"<div class=\"flex_column av_one_full  flex_column_div av-zero-column-padding first  avia-builder-el-0  el_before_av_one_full  avia-builder-el-first  \" style='border-radius:0px; '><div  class='avia-image-container  av-styling-    avia-builder-el-1  avia-builder-el-no-sibling  avia-align-center '  itemprop=\"image\" itemscope=\"itemscope\" itemtype=\"https:\/\/schema.org\/ImageObject\"  ><div class='avia-image-container-inner'><div class='avia-image-overlay-wrap'><img decoding=\"async\" class='wp-image-35877 avia-img-lazy-loading-not-35877 avia_image' src=\"https:\/\/radiorevelacionfm.cl\/wp-content\/uploads\/2023\/10\/funcionarios-capacitacion-2_optimized.jpg\" alt='' title='funcionarios-capacitaci\u00f3n-2_optimized' height=\"600\" width=\"800\"  itemprop=\"thumbnailUrl\" srcset=\"https:\/\/radiorevelacionfm.cl\/wp-content\/uploads\/2023\/10\/funcionarios-capacitacion-2_optimized.jpg 800w, https:\/\/radiorevelacionfm.cl\/wp-content\/uploads\/2023\/10\/funcionarios-capacitacion-2_optimized-300x225.jpg 300w, https:\/\/radiorevelacionfm.cl\/wp-content\/uploads\/2023\/10\/funcionarios-capacitacion-2_optimized-768x576.jpg 768w, https:\/\/radiorevelacionfm.cl\/wp-content\/uploads\/2023\/10\/funcionarios-capacitacion-2_optimized-705x529.jpg 705w, https:\/\/radiorevelacionfm.cl\/wp-content\/uploads\/2023\/10\/funcionarios-capacitacion-2_optimized-450x338.jpg 450w, https:\/\/radiorevelacionfm.cl\/wp-content\/uploads\/2023\/10\/funcionarios-capacitacion-2_optimized-600x450.jpg 600w\" sizes=\"(max-width: 800px) 100vw, 800px\" \/><\/div><\/div><\/div><\/div><div class=\"flex_column av_one_full  flex_column_div av-zero-column-padding first  avia-builder-el-2  el_after_av_one_full  el_before_av_one_full  column-top-margin\" style='border-radius:0px; '><section class=\"av_textblock_section \"  itemscope=\"itemscope\" itemtype=\"https:\/\/schema.org\/BlogPosting\" itemprop=\"blogPost\" ><div class='avia_textblock  '   itemprop=\"text\" ><p style=\"text-align: center;\"><span style=\"font-size: 18pt;\"><strong>Funcionarios del Servicio de Protecci\u00f3n Especializada a la Ni\u00f1ez e INJUV reforzaron acciones preventivas sobre el suicidio\u00a0 <\/strong><\/span><\/p>\n<div id=\"gtx-trans\" style=\"position: absolute; left: -50px; top: 4.31534px;\">\n<div class=\"gtx-trans-icon\"><\/div>\n<\/div>\n<\/div><\/section><\/div><div class=\"flex_column av_one_full  flex_column_div av-zero-column-padding first  avia-builder-el-4  el_after_av_one_full  el_before_av_hr  column-top-margin\" style='border-radius:0px; '><section class=\"av_textblock_section \"  itemscope=\"itemscope\" itemtype=\"https:\/\/schema.org\/BlogPosting\" itemprop=\"blogPost\" ><div class='avia_textblock  '   itemprop=\"text\" ><p style=\"text-align: justify;\"><em>La iniciativa, impulsada por la Seremi de Salud, busc\u00f3 fortalecer las acciones tendientes a reconocer alertas que permitan detectar condiciones de salud mental que requieran apoyo y trabajo de especialistas. <\/em><\/p>\n<p style=\"text-align: justify;\">En el marco del D\u00eda Mundial de Salud Mental, esta semana funcionarios de la Seremi de Salud Ays\u00e9n llevaron a cabo una capacitaci\u00f3n a profesionales del Servicio de Protecci\u00f3n Especializada a la Ni\u00f1ez y Adolescencia y del Instituto Nacional de la Juventud (INJUV), quienes se interiorizaron respecto a la prevenci\u00f3n del suicidio y la importancia de abordar la salud mental como un derecho humano universal.<\/p>\n<p style=\"text-align: justify;\">La actividad, desarrollada en dependencias del INJUV, permiti\u00f3 as\u00ed desarrollar un trabajo intersectorial de apoyo a la gesti\u00f3n que se realiza con los usuarios de cada servicio, tal como lo indic\u00f3 el Jefe (s) Departamento de Salud P\u00fablica de la Seremi de Salud Ays\u00e9n, Marco Acu\u00f1a Briones.\u00a0 \u201cEsta es una actividad de alta relevancia por el enfoque multisectorial y por la necesidad de incorporar la salud mental no como un concepto de estigma, sino que como algo que tiene que ver con el bienestar de la comunidad en todo el ciclo de vida, es una actividad muy importante que es de alta relevancia para poner en el tapete que la salud mental puede afectar a cualquier persona, en cualquier momento de la vida, y que el trabajo multisectorial e inclusivo es importante para manejar esta enfermedad\u201d.<\/p>\n<p style=\"text-align: justify;\">Capacitaci\u00f3n que adem\u00e1s fue valorada por la Directora Regional (s) del Servicio Nacional de Protecci\u00f3n Especializada de la Ni\u00f1ez y Adolescencia, Gabriela Opazo Pino.\u00a0 \u201cEsto es muy importante, ya que los ni\u00f1os, ni\u00f1as y adolescentes que son sujetos de acci\u00f3n de nuestro servicio, muchos de ellos tienen diagn\u00f3sticos de salud mental, y es una posibilidad real, sobretodo en cuidados alternativos del sistema residencial que los ni\u00f1os presenten algo del espectro suicida, por lo tanto, hoy entregamos herramientas y habilidades concretas para que los profesionales puedan intervenir y prevenir esta problem\u00e1tica\u201d.<\/p>\n<p style=\"text-align: justify;\">En el transcurso de los \u00faltimos a\u00f1os, la Salud Mental cada vez m\u00e1s ha ido adquiriendo una mayor importancia en la sociedad, generando conciencia sobre la importancia de fortalecer las acciones que contribuyan a seguir mejorando la salud de nuestras comunidades, sobretodo en la prevenci\u00f3n del suicidio para lo cual se han establecido instrumentos de apoyo como la l\u00ednea de apoyo telef\u00f3nico <strong>*4141<\/strong> No est\u00e1s sola, no est\u00e1s solo\u201d la cual es gratuita y presta apoyo a las personas que est\u00e9n enfrentando alguna emergencia o crisis de salud mental.<\/p>\n<\/div><\/section><\/div><div  style='height:50px' class='hr hr-invisible   avia-builder-el-6  el_after_av_one_full  el_before_av_social_share '><span class='hr-inner ' ><span class='hr-inner-style'><\/span><\/span><\/div><\/p>\n<div  class='av-social-sharing-box  avia-builder-el-7  el_after_av_hr  el_before_av_hr  '><div class='av-share-box'><h5 class='av-share-link-description av-no-toc '>Compartir esta noticia<\/h5><ul class='av-share-box-list noLightbox'><li class='av-share-link av-social-link-facebook' ><a target=\"_blank\" aria-label=\"Compartir en Facebook\" href='https:\/\/www.facebook.com\/sharer.php?u=https:\/\/radiorevelacionfm.cl\/?p=35876&#038;t=Funcionarios%20del%20Servicio%20de%20Protecci%C3%B3n%20Especializada%20a%20la%20Ni%C3%B1ez%20e%20INJUV%20reforzaron%20acciones%20preventivas%20sobre%20el%20suicidio' aria-hidden='false' data-av_icon='\ue8f3' data-av_iconfont='entypo-fontello' title='' data-avia-related-tooltip='Compartir en Facebook' rel=\"noopener\"><span class='avia_hidden_link_text'>Compartir en Facebook<\/span><\/a><\/li><li class='av-share-link av-social-link-twitter' ><a target=\"_blank\" aria-label=\"Compartir en Twitter\" href='https:\/\/twitter.com\/share?text=Funcionarios%20del%20Servicio%20de%20Protecci%C3%B3n%20Especializada%20a%20la%20Ni%C3%B1ez%20e%20INJUV%20reforzaron%20acciones%20preventivas%20sobre%20el%20suicidio&#038;url=https:\/\/radiorevelacionfm.cl\/?p=35876' aria-hidden='false' data-av_icon='\ue8f1' data-av_iconfont='entypo-fontello' title='' data-avia-related-tooltip='Compartir en Twitter' rel=\"noopener\"><span class='avia_hidden_link_text'>Compartir en Twitter<\/span><\/a><\/li><li class='av-share-link av-social-link-whatsapp' ><a target=\"_blank\" aria-label=\"Compartir en Whatsapp\" href='https:\/\/api.whatsapp.com\/send?text=https:\/\/radiorevelacionfm.cl\/?p=35876' aria-hidden='false' data-av_icon='\uf232' data-av_iconfont='entypo-fontello' title='' data-avia-related-tooltip='Compartir en Whatsapp' rel=\"noopener\"><span class='avia_hidden_link_text'>Compartir en Whatsapp<\/span><\/a><\/li><li class='av-share-link av-social-link-linkedin' ><a target=\"_blank\" aria-label=\"Compartir en LinkedIn\" href='https:\/\/linkedin.com\/shareArticle?mini=true&#038;title=Funcionarios%20del%20Servicio%20de%20Protecci%C3%B3n%20Especializada%20a%20la%20Ni%C3%B1ez%20e%20INJUV%20reforzaron%20acciones%20preventivas%20sobre%20el%20suicidio&#038;url=https:\/\/radiorevelacionfm.cl\/?p=35876' aria-hidden='false' data-av_icon='\ue8fc' data-av_iconfont='entypo-fontello' title='' data-avia-related-tooltip='Compartir en LinkedIn' rel=\"noopener\"><span class='avia_hidden_link_text'>Compartir en LinkedIn<\/span><\/a><\/li><li class='av-share-link av-social-link-mail' ><a  aria-label=\"Compartir por correo\" href='mailto:?subject=Funcionarios%20del%20Servicio%20de%20Protecci%C3%B3n%20Especializada%20a%20la%20Ni%C3%B1ez%20e%20INJUV%20reforzaron%20acciones%20preventivas%20sobre%20el%20suicidio&#038;body=https:\/\/radiorevelacionfm.cl\/?p=35876' aria-hidden='false' data-av_icon='\ue805' data-av_iconfont='entypo-fontello' title='' data-avia-related-tooltip='Compartir por correo'><span class='avia_hidden_link_text'>Compartir por correo<\/span><\/a><\/li><\/ul><\/div><\/div>\n<div  style='height:50px' class='hr hr-invisible   avia-builder-el-8  el_after_av_social_share  el_before_av_comments_list '><span class='hr-inner ' ><span class='hr-inner-style'><\/span><\/span><\/div>\n<div  class='av-buildercomment  av-blog-meta-html-info-disabled av-blog-meta-tag-disabled  '><\/div>\n","protected":false},"excerpt":{"rendered":"","protected":false},"author":1,"featured_media":35877,"comment_status":"open","ping_status":"open","sticky":false,"template":"","format":"standard","meta":{"footnotes":""},"categories":[46],"tags":[],"class_list":["post-35876","post","type-post","status-publish","format-standard","has-post-thumbnail","hentry","category-salud"],"jetpack_featured_media_url":"https:\/\/radiorevelacionfm.cl\/wp-content\/uploads\/2023\/10\/funcionarios-capacitacion-2_optimized.jpg","_links":{"self":[{"href":"https:\/\/radiorevelacionfm.cl\/index.php?rest_route=\/wp\/v2\/posts\/35876","targetHints":{"allow":["GET"]}}],"collection":[{"href":"https:\/\/radiorevelacionfm.cl\/index.php?rest_route=\/wp\/v2\/posts"}],"about":[{"href":"https:\/\/radiorevelacionfm.cl\/index.php?rest_route=\/wp\/v2\/types\/post"}],"author":[{"embeddable":true,"href":"https:\/\/radiorevelacionfm.cl\/index.php?rest_route=\/wp\/v2\/users\/1"}],"replies":[{"embeddable":true,"href":"https:\/\/radiorevelacionfm.cl\/index.php?rest_route=%2Fwp%2Fv2%2Fcomments&post=35876"}],"version-history":[{"count":1,"href":"https:\/\/radiorevelacionfm.cl\/index.php?rest_route=\/wp\/v2\/posts\/35876\/revisions"}],"predecessor-version":[{"id":35878,"href":"https:\/\/radiorevelacionfm.cl\/index.php?rest_route=\/wp\/v2\/posts\/35876\/revisions\/35878"}],"wp:featuredmedia":[{"embeddable":true,"href":"https:\/\/radiorevelacionfm.cl\/index.php?rest_route=\/wp\/v2\/media\/35877"}],"wp:attachment":[{"href":"https:\/\/radiorevelacionfm.cl\/index.php?rest_route=%2Fwp%2Fv2%2Fmedia&parent=35876"}],"wp:term":[{"taxonomy":"category","embeddable":true,"href":"https:\/\/radiorevelacionfm.cl\/index.php?rest_route=%2Fwp%2Fv2%2Fcategories&post=35876"},{"taxonomy":"post_tag","embeddable":true,"href":"https:\/\/radiorevelacionfm.cl\/index.php?rest_route=%2Fwp%2Fv2%2Ftags&post=35876"}],"curies":[{"name":"wp","href":"https:\/\/api.w.org\/{rel}","templated":true}]}}