{"id":35873,"date":"2023-10-13T12:47:30","date_gmt":"2023-10-13T15:47:30","guid":{"rendered":"https:\/\/radiorevelacionfm.cl\/?p=35873"},"modified":"2023-10-13T12:47:30","modified_gmt":"2023-10-13T15:47:30","slug":"con-exito-se-desarrollo-seminario-desafios-en-el-trabajo-con-jovenes-en-conflicto-con-la-justicia-aportes-y-buenas-practicas-desde-la-region-de-aysen","status":"publish","type":"post","link":"https:\/\/radiorevelacionfm.cl\/?p=35873","title":{"rendered":"Con \u00e9xito se desarroll\u00f3 Seminario \u201cDesaf\u00edos en el Trabajo con j\u00f3venes en conflicto con la justicia: Aportes y buenas pr\u00e1cticas desde la regi\u00f3n de Ays\u00e9n\u201d"},"content":{"rendered":"<div class=\"flex_column av_one_full  flex_column_div av-zero-column-padding first  avia-builder-el-0  el_before_av_one_full  avia-builder-el-first  \" style='border-radius:0px; '><div  class='avia-image-container  av-styling-    avia-builder-el-1  avia-builder-el-no-sibling  avia-align-center '  itemprop=\"image\" itemscope=\"itemscope\" itemtype=\"https:\/\/schema.org\/ImageObject\"  ><div class='avia-image-container-inner'><div class='avia-image-overlay-wrap'><img decoding=\"async\" class='wp-image-35874 avia-img-lazy-loading-not-35874 avia_image' src=\"https:\/\/radiorevelacionfm.cl\/wp-content\/uploads\/2023\/10\/seminario-2-2-2.jpg\" alt='' title='seminario 2-2-2' height=\"600\" width=\"900\"  itemprop=\"thumbnailUrl\" srcset=\"https:\/\/radiorevelacionfm.cl\/wp-content\/uploads\/2023\/10\/seminario-2-2-2.jpg 900w, https:\/\/radiorevelacionfm.cl\/wp-content\/uploads\/2023\/10\/seminario-2-2-2-300x200.jpg 300w, https:\/\/radiorevelacionfm.cl\/wp-content\/uploads\/2023\/10\/seminario-2-2-2-768x512.jpg 768w, https:\/\/radiorevelacionfm.cl\/wp-content\/uploads\/2023\/10\/seminario-2-2-2-705x470.jpg 705w, https:\/\/radiorevelacionfm.cl\/wp-content\/uploads\/2023\/10\/seminario-2-2-2-450x300.jpg 450w, https:\/\/radiorevelacionfm.cl\/wp-content\/uploads\/2023\/10\/seminario-2-2-2-600x400.jpg 600w\" sizes=\"(max-width: 900px) 100vw, 900px\" \/><\/div><\/div><\/div><\/div><div class=\"flex_column av_one_full  flex_column_div av-zero-column-padding first  avia-builder-el-2  el_after_av_one_full  el_before_av_one_full  column-top-margin\" style='border-radius:0px; '><section class=\"av_textblock_section \"  itemscope=\"itemscope\" itemtype=\"https:\/\/schema.org\/BlogPosting\" itemprop=\"blogPost\" ><div class='avia_textblock  '   itemprop=\"text\" ><p style=\"text-align: center;\"><span style=\"font-size: 18pt;\"><strong>Con \u00e9xito se desarroll\u00f3 Seminario \u201cDesaf\u00edos en el Trabajo con j\u00f3venes en conflicto con la justicia: Aportes y buenas pr\u00e1cticas desde la regi\u00f3n de Ays\u00e9n\u201d<\/strong><\/span><\/p>\n<div id=\"gtx-trans\" style=\"position: absolute; left: -50px; top: 4.31534px;\">\n<div class=\"gtx-trans-icon\"><\/div>\n<\/div>\n<\/div><\/section><\/div><div class=\"flex_column av_one_full  flex_column_div av-zero-column-padding first  avia-builder-el-4  el_after_av_one_full  el_before_av_hr  column-top-margin\" style='border-radius:0px; '><section class=\"av_textblock_section \"  itemscope=\"itemscope\" itemtype=\"https:\/\/schema.org\/BlogPosting\" itemprop=\"blogPost\" ><div class='avia_textblock  '   itemprop=\"text\" ><p style=\"text-align: justify;\">M\u00e1s de 100 personas participaron el pasado martes del Seminario \u201cDesaf\u00edos en el trabajo con j\u00f3venes en conflicto con la Justicia: Aportes y buenas pr\u00e1cticas desde la Regi\u00f3n de Ays\u00e9n\u201d actividad organizada por el Servicio Nacional de Menores, la Secretar\u00eda Regional Ministerial de Justicia y DD.HH y Corporaci\u00f3n Opci\u00f3n y que realiz\u00f3 en el auditorio del Museo Regional de Ays\u00e9n, y que cont\u00f3 con la participaci\u00f3n de autoridades regionales y profesionales de distintos servicios p\u00fablicos.<\/p>\n<p style=\"text-align: justify;\">Dicha instancia ten\u00eda como objetivo promover el reconocimiento de buenas pr\u00e1cticas en el desarrollo de la intervenci\u00f3n en el trabajo con j\u00f3venes en conflicto con la Justicia, generando un espacio que permita el di\u00e1logo en torno a desaf\u00edos que implica este trabajo en nuestra regi\u00f3n, haciendo un punto de inflexi\u00f3n entre el proceso de transformaci\u00f3n de la pol\u00edtica p\u00fablica y lo que se deviene para los respectivos equipos regionales.<\/p>\n<p style=\"text-align: justify;\">Cabe mencionar que la actividad contempl\u00f3 la intervenci\u00f3n de cinco expositores, en primer lugar, el Seremi de Justicia y Derechos Humanos Samuel Navarro Castro abord\u00f3 el \u201cContexto de la Reforma en el Sistema Penal Juvenil en Chile y sus desaf\u00edos\u201d, posteriormente el coordinador de Proyectos de Corporaci\u00f3n Opci\u00f3n Osvaldo V\u00e1squez hizo lo propio con \u201cExpresiones de violencia y desaf\u00edos para su abordaje\u201d, luego el Coordinador de la Unidad de Justicia Juvenil del SENAME, Gonzalo Inostroza expuso sobre \u201cIntersectorialidad como punto de encuentro: La relevancia de la Gesti\u00f3n Intersectorial en el contexto actual\u201d para finalizar con la tem\u00e1tica \u201cPr\u00e1cticas innovadoras en el trabajo con j\u00f3venes en conflicto con la Justicia\u201d a cargo de Andr\u00e9 Briand Director del Programa Multimodal y M\u00f3nica Cuevas Directora del Programa de Intermediaci\u00f3n Laboral, ambos de Corporaci\u00f3n Opci\u00f3n.<\/p>\n<p style=\"text-align: justify;\">Respecto a esta instancia, el Seremi de Justicia y Derechos Humanos Samuel Navarro Castro explic\u00f3 que \u201cha sido un gran desaf\u00edo poner en valor todo el proceso de intervenci\u00f3n en la problem\u00e1tica de los j\u00f3venes infractores de ley desde Sename, Corporaci\u00f3n Opci\u00f3n y la Serem\u00eda hemos abordado esta tem\u00e1tica, hemos tenido un marco de asistencia bastante bueno, una interpelaci\u00f3n a trav\u00e9s de las preguntas y del foro para poner estos temas en valor, ver c\u00f3mo estamos haciendo la intervenci\u00f3n en materia de infractores de ley, como podemos ir relevando las buenas pr\u00e1cticas que est\u00e1n ejerci\u00e9ndose, como las tomamos como insumos, como base para el Servicio de Reinserci\u00f3n Social Juvenil que se viene en forma gradual pero ya en la macrozona norte comienza el 2024, el 2025 en la macrozona sur y en particular en la regi\u00f3n de Ays\u00e9n, \u00a0y desde all\u00ed es que tenemos que tener esta conversaci\u00f3n, este di\u00e1logo para que el intersector, las distintas instituciones hagan esta intervenci\u00f3n con los j\u00f3venes que permita reinsertarlos y poder recuperarlos cuando han comenzado el camino delictual, y poder ser incorporados a la sociedad para su aporte positivo\u201d.<\/p>\n<p style=\"text-align: justify;\">Mientras que el Sic\u00f3logo y coordinador de proyectos de Corporaci\u00f3n Opci\u00f3n Osvaldo V\u00e1squez indic\u00f3 que \u201ccomo Corporaci\u00f3n Opci\u00f3n venimos trabajando conjuntamente con el Sename hace m\u00e1s de 20 a\u00f1os y junto con mejorar las pr\u00e1cticas asumir los desaf\u00edos tambi\u00e9n vemos el nuevo escenario que se nos viene con respecto a este nuevo sistema y tambi\u00e9n queremos ajustarnos y hacer aportes para tener mejores resultados, ser m\u00e1s eficientes y eficaces con la respuesta de los programas\u201d.<\/p>\n<p style=\"text-align: justify;\">La profesional del sub departamento de Salud Mental del Servicio de Salud Carolina Mondaca y participante de la actividad, valor\u00f3 este tipo de espacios indicando que \u201cme parece excelente, creo que es importante en el trabajo intersectorial que se note qui\u00e9n lidera esos temas, por supuesto que en conflictos con la Justicia debe liderarlo el Servicio Nacional de Menores, debo decir que es la primera instancia en los 10 a\u00f1os que llevo trabajando en el Servicio de Salud, donde el Sename nos convoca a este tipo de instancias, as\u00ed que me parece del todo pertinente, ponencias justas, tiempo justo y bonito volver a encontrarse hablando de las juventudes\u201d.<\/p>\n<p style=\"text-align: justify;\">Finalmente, Pabla Erices Urenda Directora (s) del Servicio Nacional de Menores destac\u00f3 la importancia del trabajo intersectorial en esta tem\u00e1tica se\u00f1alando que \u201cyo creo que el mensaje que nos queda en el fondo, es la importancia de la articulaci\u00f3n en la intersectorialidad, la labor de trabajar en proceso de intervenci\u00f3n con j\u00f3venes que han infringido la ley no puede depender de un servicio en este caso del Servicio Nacional de Menores, es una labor complementaria e integral que es transversal a las distintas \u00e1reas de la sociedad y todos los que estamos ac\u00e1 tenemos un granito de arena que aportar, en esa interrelaci\u00f3n es donde podemos aportar en proceso mucho m\u00e1s personalizados, mucho m\u00e1s completo e integral que le pueda brindar al joven la totalidad de las respuestas o de la oferta que requiere de acuerdo a sus necesidades, el mensaje es ese, que no podemos solos afrontar o abordar el \u00e1mbito de la intervenci\u00f3n en la infracci\u00f3n de ley sino que necesitamos hacerlo de manera complementaria\u201d.<\/p>\n<\/div><\/section><\/div><div  style='height:50px' class='hr hr-invisible   avia-builder-el-6  el_after_av_one_full  el_before_av_social_share '><span class='hr-inner ' ><span class='hr-inner-style'><\/span><\/span><\/div><\/p>\n<div  class='av-social-sharing-box  avia-builder-el-7  el_after_av_hr  el_before_av_hr  '><div class='av-share-box'><h5 class='av-share-link-description av-no-toc '>Compartir esta noticia<\/h5><ul class='av-share-box-list noLightbox'><li class='av-share-link av-social-link-facebook' ><a target=\"_blank\" aria-label=\"Compartir en Facebook\" href='https:\/\/www.facebook.com\/sharer.php?u=https:\/\/radiorevelacionfm.cl\/?p=35873&#038;t=Con%20%C3%A9xito%20se%20desarroll%C3%B3%20Seminario%20%E2%80%9CDesaf%C3%ADos%20en%20el%20Trabajo%20con%20j%C3%B3venes%20en%20conflicto%20con%20la%20justicia%3A%20Aportes%20y%20buenas%20pr%C3%A1cticas%20desde%20la%20regi%C3%B3n%20de%20Ays%C3%A9n%E2%80%9D' aria-hidden='false' data-av_icon='\ue8f3' data-av_iconfont='entypo-fontello' title='' data-avia-related-tooltip='Compartir en Facebook' rel=\"noopener\"><span class='avia_hidden_link_text'>Compartir en Facebook<\/span><\/a><\/li><li class='av-share-link av-social-link-twitter' ><a target=\"_blank\" aria-label=\"Compartir en Twitter\" href='https:\/\/twitter.com\/share?text=Con%20%C3%A9xito%20se%20desarroll%C3%B3%20Seminario%20%E2%80%9CDesaf%C3%ADos%20en%20el%20Trabajo%20con%20j%C3%B3venes%20en%20conflicto%20con%20la%20justicia%3A%20Aportes%20y%20buenas%20pr%C3%A1cticas%20desde%20la%20regi%C3%B3n%20de%20Ays%C3%A9n%E2%80%9D&#038;url=https:\/\/radiorevelacionfm.cl\/?p=35873' aria-hidden='false' data-av_icon='\ue8f1' data-av_iconfont='entypo-fontello' title='' data-avia-related-tooltip='Compartir en Twitter' rel=\"noopener\"><span class='avia_hidden_link_text'>Compartir en Twitter<\/span><\/a><\/li><li class='av-share-link av-social-link-whatsapp' ><a target=\"_blank\" aria-label=\"Compartir en Whatsapp\" href='https:\/\/api.whatsapp.com\/send?text=https:\/\/radiorevelacionfm.cl\/?p=35873' aria-hidden='false' data-av_icon='\uf232' data-av_iconfont='entypo-fontello' title='' data-avia-related-tooltip='Compartir en Whatsapp' rel=\"noopener\"><span class='avia_hidden_link_text'>Compartir en Whatsapp<\/span><\/a><\/li><li class='av-share-link av-social-link-linkedin' ><a target=\"_blank\" aria-label=\"Compartir en LinkedIn\" href='https:\/\/linkedin.com\/shareArticle?mini=true&#038;title=Con%20%C3%A9xito%20se%20desarroll%C3%B3%20Seminario%20%E2%80%9CDesaf%C3%ADos%20en%20el%20Trabajo%20con%20j%C3%B3venes%20en%20conflicto%20con%20la%20justicia%3A%20Aportes%20y%20buenas%20pr%C3%A1cticas%20desde%20la%20regi%C3%B3n%20de%20Ays%C3%A9n%E2%80%9D&#038;url=https:\/\/radiorevelacionfm.cl\/?p=35873' aria-hidden='false' data-av_icon='\ue8fc' data-av_iconfont='entypo-fontello' title='' data-avia-related-tooltip='Compartir en LinkedIn' rel=\"noopener\"><span class='avia_hidden_link_text'>Compartir en LinkedIn<\/span><\/a><\/li><li class='av-share-link av-social-link-mail' ><a  aria-label=\"Compartir por correo\" href='mailto:?subject=Con%20%C3%A9xito%20se%20desarroll%C3%B3%20Seminario%20%E2%80%9CDesaf%C3%ADos%20en%20el%20Trabajo%20con%20j%C3%B3venes%20en%20conflicto%20con%20la%20justicia%3A%20Aportes%20y%20buenas%20pr%C3%A1cticas%20desde%20la%20regi%C3%B3n%20de%20Ays%C3%A9n%E2%80%9D&#038;body=https:\/\/radiorevelacionfm.cl\/?p=35873' aria-hidden='false' data-av_icon='\ue805' data-av_iconfont='entypo-fontello' title='' data-avia-related-tooltip='Compartir por correo'><span class='avia_hidden_link_text'>Compartir por correo<\/span><\/a><\/li><\/ul><\/div><\/div>\n<div  style='height:50px' class='hr hr-invisible   avia-builder-el-8  el_after_av_social_share  el_before_av_comments_list '><span class='hr-inner ' ><span class='hr-inner-style'><\/span><\/span><\/div>\n<div  class='av-buildercomment  av-blog-meta-html-info-disabled av-blog-meta-tag-disabled  '><\/div>\n","protected":false},"excerpt":{"rendered":"","protected":false},"author":1,"featured_media":35874,"comment_status":"open","ping_status":"open","sticky":false,"template":"","format":"standard","meta":{"footnotes":""},"categories":[55],"tags":[],"class_list":["post-35873","post","type-post","status-publish","format-standard","has-post-thumbnail","hentry","category-justicia"],"jetpack_featured_media_url":"https:\/\/radiorevelacionfm.cl\/wp-content\/uploads\/2023\/10\/seminario-2-2-2.jpg","_links":{"self":[{"href":"https:\/\/radiorevelacionfm.cl\/index.php?rest_route=\/wp\/v2\/posts\/35873","targetHints":{"allow":["GET"]}}],"collection":[{"href":"https:\/\/radiorevelacionfm.cl\/index.php?rest_route=\/wp\/v2\/posts"}],"about":[{"href":"https:\/\/radiorevelacionfm.cl\/index.php?rest_route=\/wp\/v2\/types\/post"}],"author":[{"embeddable":true,"href":"https:\/\/radiorevelacionfm.cl\/index.php?rest_route=\/wp\/v2\/users\/1"}],"replies":[{"embeddable":true,"href":"https:\/\/radiorevelacionfm.cl\/index.php?rest_route=%2Fwp%2Fv2%2Fcomments&post=35873"}],"version-history":[{"count":1,"href":"https:\/\/radiorevelacionfm.cl\/index.php?rest_route=\/wp\/v2\/posts\/35873\/revisions"}],"predecessor-version":[{"id":35875,"href":"https:\/\/radiorevelacionfm.cl\/index.php?rest_route=\/wp\/v2\/posts\/35873\/revisions\/35875"}],"wp:featuredmedia":[{"embeddable":true,"href":"https:\/\/radiorevelacionfm.cl\/index.php?rest_route=\/wp\/v2\/media\/35874"}],"wp:attachment":[{"href":"https:\/\/radiorevelacionfm.cl\/index.php?rest_route=%2Fwp%2Fv2%2Fmedia&parent=35873"}],"wp:term":[{"taxonomy":"category","embeddable":true,"href":"https:\/\/radiorevelacionfm.cl\/index.php?rest_route=%2Fwp%2Fv2%2Fcategories&post=35873"},{"taxonomy":"post_tag","embeddable":true,"href":"https:\/\/radiorevelacionfm.cl\/index.php?rest_route=%2Fwp%2Fv2%2Ftags&post=35873"}],"curies":[{"name":"wp","href":"https:\/\/api.w.org\/{rel}","templated":true}]}}