{"id":35867,"date":"2023-10-13T15:30:34","date_gmt":"2023-10-13T18:30:34","guid":{"rendered":"https:\/\/radiorevelacionfm.cl\/?p=35867"},"modified":"2023-10-13T15:30:34","modified_gmt":"2023-10-13T18:30:34","slug":"gobernadora-macias-pide-al-ejecutivo-reconsiderar-financiamiento-para-organizaciones-sociales-en-presupuesto-2024","status":"publish","type":"post","link":"https:\/\/radiorevelacionfm.cl\/?p=35867","title":{"rendered":"Gobernadora Mac\u00edas pide al Ejecutivo reconsiderar financiamiento para organizaciones sociales en Presupuesto 2024"},"content":{"rendered":"<div class=\"flex_column av_one_full  flex_column_div av-zero-column-padding first  avia-builder-el-0  el_before_av_one_full  avia-builder-el-first  \" style='border-radius:0px; '><div  class='avia-image-container  av-styling-    avia-builder-el-1  avia-builder-el-no-sibling  avia-align-center '  itemprop=\"image\" itemscope=\"itemscope\" itemtype=\"https:\/\/schema.org\/ImageObject\"  ><div class='avia-image-container-inner'><div class='avia-image-overlay-wrap'><img decoding=\"async\" class='wp-image-35868 avia-img-lazy-loading-not-35868 avia_image' src=\"https:\/\/radiorevelacionfm.cl\/wp-content\/uploads\/2023\/10\/WhatsApp-Image-2023-10-07-at-8.53.43-PM-2.jpeg\" alt='' title='WhatsApp Image 2023-10-07 at 8.53.43 PM-2' height=\"600\" width=\"1067\"  itemprop=\"thumbnailUrl\" srcset=\"https:\/\/radiorevelacionfm.cl\/wp-content\/uploads\/2023\/10\/WhatsApp-Image-2023-10-07-at-8.53.43-PM-2.jpeg 1067w, https:\/\/radiorevelacionfm.cl\/wp-content\/uploads\/2023\/10\/WhatsApp-Image-2023-10-07-at-8.53.43-PM-2-300x169.jpeg 300w, https:\/\/radiorevelacionfm.cl\/wp-content\/uploads\/2023\/10\/WhatsApp-Image-2023-10-07-at-8.53.43-PM-2-1030x579.jpeg 1030w, https:\/\/radiorevelacionfm.cl\/wp-content\/uploads\/2023\/10\/WhatsApp-Image-2023-10-07-at-8.53.43-PM-2-768x432.jpeg 768w, https:\/\/radiorevelacionfm.cl\/wp-content\/uploads\/2023\/10\/WhatsApp-Image-2023-10-07-at-8.53.43-PM-2-705x396.jpeg 705w, https:\/\/radiorevelacionfm.cl\/wp-content\/uploads\/2023\/10\/WhatsApp-Image-2023-10-07-at-8.53.43-PM-2-450x253.jpeg 450w, https:\/\/radiorevelacionfm.cl\/wp-content\/uploads\/2023\/10\/WhatsApp-Image-2023-10-07-at-8.53.43-PM-2-600x337.jpeg 600w\" sizes=\"(max-width: 1067px) 100vw, 1067px\" \/><\/div><\/div><\/div><\/div><div class=\"flex_column av_one_full  flex_column_div av-zero-column-padding first  avia-builder-el-2  el_after_av_one_full  el_before_av_one_full  column-top-margin\" style='border-radius:0px; '><section class=\"av_textblock_section \"  itemscope=\"itemscope\" itemtype=\"https:\/\/schema.org\/BlogPosting\" itemprop=\"blogPost\" ><div class='avia_textblock  '   itemprop=\"text\" ><p style=\"text-align: center;\"><span style=\"font-size: 18pt;\"><strong>Gobernadora Mac\u00edas pide al Ejecutivo reconsiderar financiamiento para organizaciones sociales en Presupuesto 2024<\/strong><\/span><\/p>\n<div id=\"gtx-trans\" style=\"position: absolute; left: -50px; top: 4.31534px;\">\n<div class=\"gtx-trans-icon\"><\/div>\n<\/div>\n<\/div><\/section><\/div><div class=\"flex_column av_one_full  flex_column_div av-zero-column-padding first  avia-builder-el-4  el_after_av_one_full  el_before_av_hr  column-top-margin\" style='border-radius:0px; '><section class=\"av_textblock_section \"  itemscope=\"itemscope\" itemtype=\"https:\/\/schema.org\/BlogPosting\" itemprop=\"blogPost\" ><div class='avia_textblock  '   itemprop=\"text\" ><p dir=\"ltr\" style=\"text-align: justify;\">Luego de participar en las Olimp\u00edadas Municipales R\u00edo Ib\u00e1\u00f1ez 2023 y del recorrido de la Antorcha Panamericana en Coyhaique, la Gobernadora Regional de Ays\u00e9n, Andrea Mac\u00edas Palma llam\u00f3 a las autoridades nacionales a reconsiderar el incluir el financiamiento de actividades para organizaciones deportivas, culturales o art\u00edsticas a trav\u00e9s del 8% del FNDR.<\/p>\n<p dir=\"ltr\" style=\"text-align: justify;\">\u201cEl 8% es una de las dificultades que estamos teniendo el pr\u00f3ximo a\u00f1o ya que no est\u00e1 incorporado en el Presupuesto de la Naci\u00f3n de manera espec\u00edfica, lo cual puede repercutir en un impacto tremendamente significativo para cientos de organizaciones\u201d, advirti\u00f3 la Gobernadora.<\/p>\n<p dir=\"ltr\" style=\"text-align: justify;\">Seg\u00fan explic\u00f3 la m\u00e1xima autoridad regional, son m\u00e1s de 400 iniciativas las que se financian anualmente, las que a su juicio son \u201cinversi\u00f3n en desarrollo humano\u201d.<\/p>\n<p dir=\"ltr\" style=\"text-align: justify;\">\u201cHoy d\u00eda estamos viendo precisamente la antorcha de los Juegos Panamericanos y tener 7 deportistas de la regi\u00f3n representando a Chile es gracias al aporte que ha hecho tambi\u00e9n hist\u00f3ricamente el Gobierno Regional de Ays\u00e9n y su consejo. Llamamos a las autoridades nacionales a re-pensar esta situaci\u00f3n con las organizaciones deportivas, culturales y sociales\u201d, asegur\u00f3.<\/p>\n<p dir=\"ltr\" style=\"text-align: justify;\">En esa misma l\u00ednea el consejero regional Rocco Martiniello agreg\u00f3 que \u201cEl 8% ha significado realmente una soluci\u00f3n no solamente en la parte deportiva, sino que tambi\u00e9n cultural, toda la parte social y yo creo que sacarlo es un error garrafal, que debe reconsiderarse, reestudiarse y volver a trabajar, porque hoy d\u00eda las comunidades dependen de una asistencia por ejemplo en el \u00e1mbito de la salud\u201d.<\/p>\n<p dir=\"ltr\" style=\"text-align: justify;\">\u201cNo s\u00f3lo los adultos mayores sino que toda la comunidad tiene que estar atenta a esta recuperaci\u00f3n del 8% que se comenta que ya no lo vamos a tener el pr\u00f3ximo a\u00f1o\u201d, concluy\u00f3.<\/p>\n<\/div><\/section><\/div><div  style='height:50px' class='hr hr-invisible   avia-builder-el-6  el_after_av_one_full  el_before_av_social_share '><span class='hr-inner ' ><span class='hr-inner-style'><\/span><\/span><\/div><\/p>\n<div  class='av-social-sharing-box  avia-builder-el-7  el_after_av_hr  el_before_av_hr  '><div class='av-share-box'><h5 class='av-share-link-description av-no-toc '>Compartir esta noticia<\/h5><ul class='av-share-box-list noLightbox'><li class='av-share-link av-social-link-facebook' ><a target=\"_blank\" aria-label=\"Compartir en Facebook\" href='https:\/\/www.facebook.com\/sharer.php?u=https:\/\/radiorevelacionfm.cl\/?p=35867&#038;t=Gobernadora%20Mac%C3%ADas%20pide%20al%20Ejecutivo%20reconsiderar%20financiamiento%20para%20organizaciones%20sociales%20en%20Presupuesto%202024' aria-hidden='false' data-av_icon='\ue8f3' data-av_iconfont='entypo-fontello' title='' data-avia-related-tooltip='Compartir en Facebook' rel=\"noopener\"><span class='avia_hidden_link_text'>Compartir en Facebook<\/span><\/a><\/li><li class='av-share-link av-social-link-twitter' ><a target=\"_blank\" aria-label=\"Compartir en Twitter\" href='https:\/\/twitter.com\/share?text=Gobernadora%20Mac%C3%ADas%20pide%20al%20Ejecutivo%20reconsiderar%20financiamiento%20para%20organizaciones%20sociales%20en%20Presupuesto%202024&#038;url=https:\/\/radiorevelacionfm.cl\/?p=35867' aria-hidden='false' data-av_icon='\ue8f1' data-av_iconfont='entypo-fontello' title='' data-avia-related-tooltip='Compartir en Twitter' rel=\"noopener\"><span class='avia_hidden_link_text'>Compartir en Twitter<\/span><\/a><\/li><li class='av-share-link av-social-link-whatsapp' ><a target=\"_blank\" aria-label=\"Compartir en Whatsapp\" href='https:\/\/api.whatsapp.com\/send?text=https:\/\/radiorevelacionfm.cl\/?p=35867' aria-hidden='false' data-av_icon='\uf232' data-av_iconfont='entypo-fontello' title='' data-avia-related-tooltip='Compartir en Whatsapp' rel=\"noopener\"><span class='avia_hidden_link_text'>Compartir en Whatsapp<\/span><\/a><\/li><li class='av-share-link av-social-link-linkedin' ><a target=\"_blank\" aria-label=\"Compartir en LinkedIn\" href='https:\/\/linkedin.com\/shareArticle?mini=true&#038;title=Gobernadora%20Mac%C3%ADas%20pide%20al%20Ejecutivo%20reconsiderar%20financiamiento%20para%20organizaciones%20sociales%20en%20Presupuesto%202024&#038;url=https:\/\/radiorevelacionfm.cl\/?p=35867' aria-hidden='false' data-av_icon='\ue8fc' data-av_iconfont='entypo-fontello' title='' data-avia-related-tooltip='Compartir en LinkedIn' rel=\"noopener\"><span class='avia_hidden_link_text'>Compartir en LinkedIn<\/span><\/a><\/li><li class='av-share-link av-social-link-mail' ><a  aria-label=\"Compartir por correo\" href='mailto:?subject=Gobernadora%20Mac%C3%ADas%20pide%20al%20Ejecutivo%20reconsiderar%20financiamiento%20para%20organizaciones%20sociales%20en%20Presupuesto%202024&#038;body=https:\/\/radiorevelacionfm.cl\/?p=35867' aria-hidden='false' data-av_icon='\ue805' data-av_iconfont='entypo-fontello' title='' data-avia-related-tooltip='Compartir por correo'><span class='avia_hidden_link_text'>Compartir por correo<\/span><\/a><\/li><\/ul><\/div><\/div>\n<div  style='height:50px' class='hr hr-invisible   avia-builder-el-8  el_after_av_social_share  el_before_av_comments_list '><span class='hr-inner ' ><span class='hr-inner-style'><\/span><\/span><\/div>\n<div  class='av-buildercomment  av-blog-meta-html-info-disabled av-blog-meta-tag-disabled  '><\/div>\n","protected":false},"excerpt":{"rendered":"","protected":false},"author":1,"featured_media":35868,"comment_status":"open","ping_status":"open","sticky":false,"template":"","format":"standard","meta":{"footnotes":""},"categories":[38],"tags":[],"class_list":["post-35867","post","type-post","status-publish","format-standard","has-post-thumbnail","hentry","category-regional"],"jetpack_featured_media_url":"https:\/\/radiorevelacionfm.cl\/wp-content\/uploads\/2023\/10\/WhatsApp-Image-2023-10-07-at-8.53.43-PM-2.jpeg","_links":{"self":[{"href":"https:\/\/radiorevelacionfm.cl\/index.php?rest_route=\/wp\/v2\/posts\/35867","targetHints":{"allow":["GET"]}}],"collection":[{"href":"https:\/\/radiorevelacionfm.cl\/index.php?rest_route=\/wp\/v2\/posts"}],"about":[{"href":"https:\/\/radiorevelacionfm.cl\/index.php?rest_route=\/wp\/v2\/types\/post"}],"author":[{"embeddable":true,"href":"https:\/\/radiorevelacionfm.cl\/index.php?rest_route=\/wp\/v2\/users\/1"}],"replies":[{"embeddable":true,"href":"https:\/\/radiorevelacionfm.cl\/index.php?rest_route=%2Fwp%2Fv2%2Fcomments&post=35867"}],"version-history":[{"count":1,"href":"https:\/\/radiorevelacionfm.cl\/index.php?rest_route=\/wp\/v2\/posts\/35867\/revisions"}],"predecessor-version":[{"id":35869,"href":"https:\/\/radiorevelacionfm.cl\/index.php?rest_route=\/wp\/v2\/posts\/35867\/revisions\/35869"}],"wp:featuredmedia":[{"embeddable":true,"href":"https:\/\/radiorevelacionfm.cl\/index.php?rest_route=\/wp\/v2\/media\/35868"}],"wp:attachment":[{"href":"https:\/\/radiorevelacionfm.cl\/index.php?rest_route=%2Fwp%2Fv2%2Fmedia&parent=35867"}],"wp:term":[{"taxonomy":"category","embeddable":true,"href":"https:\/\/radiorevelacionfm.cl\/index.php?rest_route=%2Fwp%2Fv2%2Fcategories&post=35867"},{"taxonomy":"post_tag","embeddable":true,"href":"https:\/\/radiorevelacionfm.cl\/index.php?rest_route=%2Fwp%2Fv2%2Ftags&post=35867"}],"curies":[{"name":"wp","href":"https:\/\/api.w.org\/{rel}","templated":true}]}}