{"id":35864,"date":"2023-10-14T11:02:50","date_gmt":"2023-10-14T14:02:50","guid":{"rendered":"https:\/\/radiorevelacionfm.cl\/?p=35864"},"modified":"2023-10-14T11:02:50","modified_gmt":"2023-10-14T14:02:50","slug":"unete-a-servicio-pais-y-levanta-proyectos-para-superar-la-pobreza-a-lo-largo-de-chile","status":"publish","type":"post","link":"https:\/\/radiorevelacionfm.cl\/?p=35864","title":{"rendered":"\u00danete a Servicio Pa\u00eds y levanta proyectos para Superar la pobreza a lo largo de Chile"},"content":{"rendered":"<div class=\"flex_column av_one_full  flex_column_div av-zero-column-padding first  avia-builder-el-0  el_before_av_one_full  avia-builder-el-first  \" style='border-radius:0px; '><div  class='avia-image-container  av-styling-    avia-builder-el-1  avia-builder-el-no-sibling  avia-align-center '  itemprop=\"image\" itemscope=\"itemscope\" itemtype=\"https:\/\/schema.org\/ImageObject\"  ><div class='avia-image-container-inner'><div class='avia-image-overlay-wrap'><img decoding=\"async\" class='wp-image-35865 avia-img-lazy-loading-not-35865 avia_image' src=\"https:\/\/radiorevelacionfm.cl\/wp-content\/uploads\/2023\/10\/banner-campana-2_optimized.jpg\" alt='' title='banner-campa\u00f1a-2_optimized' height=\"600\" width=\"1067\"  itemprop=\"thumbnailUrl\" srcset=\"https:\/\/radiorevelacionfm.cl\/wp-content\/uploads\/2023\/10\/banner-campana-2_optimized.jpg 1067w, https:\/\/radiorevelacionfm.cl\/wp-content\/uploads\/2023\/10\/banner-campana-2_optimized-300x169.jpg 300w, https:\/\/radiorevelacionfm.cl\/wp-content\/uploads\/2023\/10\/banner-campana-2_optimized-1030x579.jpg 1030w, https:\/\/radiorevelacionfm.cl\/wp-content\/uploads\/2023\/10\/banner-campana-2_optimized-768x432.jpg 768w, https:\/\/radiorevelacionfm.cl\/wp-content\/uploads\/2023\/10\/banner-campana-2_optimized-705x396.jpg 705w, https:\/\/radiorevelacionfm.cl\/wp-content\/uploads\/2023\/10\/banner-campana-2_optimized-450x253.jpg 450w, https:\/\/radiorevelacionfm.cl\/wp-content\/uploads\/2023\/10\/banner-campana-2_optimized-600x337.jpg 600w\" sizes=\"(max-width: 1067px) 100vw, 1067px\" \/><\/div><\/div><\/div><\/div><div class=\"flex_column av_one_full  flex_column_div av-zero-column-padding first  avia-builder-el-2  el_after_av_one_full  el_before_av_one_full  column-top-margin\" style='border-radius:0px; '><section class=\"av_textblock_section \"  itemscope=\"itemscope\" itemtype=\"https:\/\/schema.org\/BlogPosting\" itemprop=\"blogPost\" ><div class='avia_textblock  '   itemprop=\"text\" ><p style=\"text-align: center;\"><span style=\"font-size: 18pt;\"><strong>\u00danete a Servicio Pa\u00eds y levanta proyectos para <\/strong><strong>Superar la pobreza a lo largo de Chile<\/strong><\/span><\/p>\n<div id=\"gtx-trans\" style=\"position: absolute; left: -50px; top: 4.31534px;\">\n<div class=\"gtx-trans-icon\"><\/div>\n<\/div>\n<\/div><\/section><\/div><div class=\"flex_column av_one_full  flex_column_div av-zero-column-padding first  avia-builder-el-4  el_after_av_one_full  el_before_av_hr  column-top-margin\" style='border-radius:0px; '><section class=\"av_textblock_section \"  itemscope=\"itemscope\" itemtype=\"https:\/\/schema.org\/BlogPosting\" itemprop=\"blogPost\" ><div class='avia_textblock  '   itemprop=\"text\" ><p style=\"text-align: justify;\">Hasta el 11 de noviembre estar\u00e1n abiertas las postulaciones al programa SERVICIO PA\u00cdS de la Fundaci\u00f3n Superaci\u00f3n de la Pobreza. Esta iniciativa destina a j\u00f3venes profesionales y t\u00e9cnicos de diversas disciplinas a las 16 regiones del pa\u00eds, para aportar al desarrollo local de lugares con alto \u00edndice de vulnerabilidad y aislamiento, que cuentan con un gran potencial desde el punto de vista natural, cultural, social y econ\u00f3mico.<\/p>\n<p style=\"text-align: justify;\">Este a\u00f1o por primera vez se abren cupos a carreras t\u00e9cnicas que puedan sumarse a la tarea\u00a0 que se desarrolla a lo largo del pa\u00eds de las \u00e1reas de administraci\u00f3n, finanzas, construcci\u00f3n, agr\u00edcola y turismo. As\u00ed se espera contar con el conocimiento y las ganas de todos quienes est\u00e1n dispuestos y dispuestas a trabajar por la superaci\u00f3n de la pobreza en nuestro pa\u00eds.<\/p>\n<p style=\"text-align: justify;\">Desde hace casi 30 a\u00f1os SERVICIO PA\u00cdS colabora con municipios de todo Chile para impulsar y desarrollar proyectos, siempre con la participaci\u00f3n activa de\u00a0 las comunidades de diversos territorios afectados por altos \u00edndices de pobreza y vulnerabilidad. Actualmente est\u00e1 presente en 100 comunas que van desde Arica a Torres del Paine, pasando por la cordillera, el valle central y la costa.<\/p>\n<p style=\"text-align: justify;\">El llamado busca convocar a j\u00f3venes valientes, dispuestos a vivir y levantar proyectos muy necesarios durante un a\u00f1o, en una localidad donde podr\u00e1n poner a disposici\u00f3n de la comunidad sus conocimientos, y vincular a las organizaciones sociales con oportunidades e instituciones p\u00fablicas y privadas.<\/p>\n<p style=\"text-align: justify;\">Este es un programa que se caracteriza por generar un fuerte v\u00ednculo con la comunidad, ya que los j\u00f3venes SERVICIO PA\u00cdS logran conocer de cerca las necesidades e inquietudes de la comunidad, y buscan la manera de dar una soluci\u00f3n articulando a diferentes actores sociales. Durante el a\u00f1o pasado a lo largo del pa\u00eds se trabaj\u00f3 con 601 organizaciones, y se apoy\u00f3 la elaboraci\u00f3n y ejecuci\u00f3n de 320 proyectos y 298 iniciativas comunitarias, apalancando m\u00e1s de dos mil 500 millones de pesos.<\/p>\n<p style=\"text-align: justify;\"><em>\u201cInv\u00edtanos los j\u00f3venes y t\u00e9cnicos a ser parte de Servicio Pa\u00eds. Los desaf\u00edos de integraci\u00f3n y desarrollo de nuestra regi\u00f3n y los del pa\u00eds requieren una juventud comprometida.<\/em><\/p>\n<p style=\"text-align: justify;\"><em>Desde el a\u00f1o 1995 que el programa Servicio Pa\u00eds ha destinado profesionales a sumarse a este desaf\u00edo de transformaci\u00f3n socioterritorial en comunas con de nuestra regi\u00f3n, que tienen altos \u00edndices de aislamiento, ruralidad y dificultades de integraci\u00f3n.\u00a0 Para este ciclo contamos con presencia del programa en 5 de las 10 comunas de la regi\u00f3n, por lo que esperamos profesionales o t\u00e9cnicos dispuestos y comprometidos con la transformaci\u00f3n de Chile y su mundo. <\/em>Comenta el Director Regional de Fundaci\u00f3n Superaci\u00f3n de la Pobreza, Ricardo Villalobos.<\/p>\n<p style=\"text-align: justify;\">Las postulaciones se realizan de manera online a trav\u00e9s del portal <a href=\"http:\/\/www.serviciopais.cl\/\">www.serviciopais.cl<\/a> y quienes sean seleccionados deber\u00e1n llevar a cabo estrategias que promuevan la asociatividad, el cooperativismo, la econom\u00eda circular, la pertinencia territorial y la protecci\u00f3n del patrimonio. Para eso colaborar\u00e1n en iniciativas relacionadas por ejemplo con medio ambiente, turismo, vivienda, acceso a agua, educaci\u00f3n y rescate de oficios, entre otras. Por lo mismo, se busca j\u00f3venes titulados de m\u00faltiples carreras, como por ejemplo: abogados, soci\u00f3logos, ingenieros, periodistas, gestores culturales, profesores, cientistas pol\u00edticos, bi\u00f3logos marinos, trabajadores sociales, arquitectos, constructores, ge\u00f3grafos, ge\u00f3logos, dise\u00f1adores, personas de la salud y turismo, y tantas otras m\u00e1s.<\/p>\n<p style=\"text-align: justify;\"><strong><em>\u00a0<\/em><\/strong><\/p>\n<\/div><\/section><\/div><div  style='height:50px' class='hr hr-invisible   avia-builder-el-6  el_after_av_one_full  el_before_av_social_share '><span class='hr-inner ' ><span class='hr-inner-style'><\/span><\/span><\/div><\/p>\n<div  class='av-social-sharing-box  avia-builder-el-7  el_after_av_hr  el_before_av_hr  '><div class='av-share-box'><h5 class='av-share-link-description av-no-toc '>Compartir esta noticia<\/h5><ul class='av-share-box-list noLightbox'><li class='av-share-link av-social-link-facebook' ><a target=\"_blank\" aria-label=\"Compartir en Facebook\" href='https:\/\/www.facebook.com\/sharer.php?u=https:\/\/radiorevelacionfm.cl\/?p=35864&#038;t=%C3%9Anete%20a%20Servicio%20Pa%C3%ADs%20y%20levanta%20proyectos%20para%20Superar%20la%20pobreza%20a%20lo%20largo%20de%20Chile' aria-hidden='false' data-av_icon='\ue8f3' data-av_iconfont='entypo-fontello' title='' data-avia-related-tooltip='Compartir en Facebook' rel=\"noopener\"><span class='avia_hidden_link_text'>Compartir en Facebook<\/span><\/a><\/li><li class='av-share-link av-social-link-twitter' ><a target=\"_blank\" aria-label=\"Compartir en Twitter\" href='https:\/\/twitter.com\/share?text=%C3%9Anete%20a%20Servicio%20Pa%C3%ADs%20y%20levanta%20proyectos%20para%20Superar%20la%20pobreza%20a%20lo%20largo%20de%20Chile&#038;url=https:\/\/radiorevelacionfm.cl\/?p=35864' aria-hidden='false' data-av_icon='\ue8f1' data-av_iconfont='entypo-fontello' title='' data-avia-related-tooltip='Compartir en Twitter' rel=\"noopener\"><span class='avia_hidden_link_text'>Compartir en Twitter<\/span><\/a><\/li><li class='av-share-link av-social-link-whatsapp' ><a target=\"_blank\" aria-label=\"Compartir en Whatsapp\" href='https:\/\/api.whatsapp.com\/send?text=https:\/\/radiorevelacionfm.cl\/?p=35864' aria-hidden='false' data-av_icon='\uf232' data-av_iconfont='entypo-fontello' title='' data-avia-related-tooltip='Compartir en Whatsapp' rel=\"noopener\"><span class='avia_hidden_link_text'>Compartir en Whatsapp<\/span><\/a><\/li><li class='av-share-link av-social-link-linkedin' ><a target=\"_blank\" aria-label=\"Compartir en LinkedIn\" href='https:\/\/linkedin.com\/shareArticle?mini=true&#038;title=%C3%9Anete%20a%20Servicio%20Pa%C3%ADs%20y%20levanta%20proyectos%20para%20Superar%20la%20pobreza%20a%20lo%20largo%20de%20Chile&#038;url=https:\/\/radiorevelacionfm.cl\/?p=35864' aria-hidden='false' data-av_icon='\ue8fc' data-av_iconfont='entypo-fontello' title='' data-avia-related-tooltip='Compartir en LinkedIn' rel=\"noopener\"><span class='avia_hidden_link_text'>Compartir en LinkedIn<\/span><\/a><\/li><li class='av-share-link av-social-link-mail' ><a  aria-label=\"Compartir por correo\" href='mailto:?subject=%C3%9Anete%20a%20Servicio%20Pa%C3%ADs%20y%20levanta%20proyectos%20para%20Superar%20la%20pobreza%20a%20lo%20largo%20de%20Chile&#038;body=https:\/\/radiorevelacionfm.cl\/?p=35864' aria-hidden='false' data-av_icon='\ue805' data-av_iconfont='entypo-fontello' title='' data-avia-related-tooltip='Compartir por correo'><span class='avia_hidden_link_text'>Compartir por correo<\/span><\/a><\/li><\/ul><\/div><\/div>\n<div  style='height:50px' class='hr hr-invisible   avia-builder-el-8  el_after_av_social_share  el_before_av_comments_list '><span class='hr-inner ' ><span class='hr-inner-style'><\/span><\/span><\/div>\n<div  class='av-buildercomment  av-blog-meta-html-info-disabled av-blog-meta-tag-disabled  '><\/div>\n","protected":false},"excerpt":{"rendered":"","protected":false},"author":1,"featured_media":35865,"comment_status":"open","ping_status":"open","sticky":false,"template":"","format":"standard","meta":{"footnotes":""},"categories":[61],"tags":[],"class_list":["post-35864","post","type-post","status-publish","format-standard","has-post-thumbnail","hentry","category-nacional"],"jetpack_featured_media_url":"https:\/\/radiorevelacionfm.cl\/wp-content\/uploads\/2023\/10\/banner-campana-2_optimized.jpg","_links":{"self":[{"href":"https:\/\/radiorevelacionfm.cl\/index.php?rest_route=\/wp\/v2\/posts\/35864","targetHints":{"allow":["GET"]}}],"collection":[{"href":"https:\/\/radiorevelacionfm.cl\/index.php?rest_route=\/wp\/v2\/posts"}],"about":[{"href":"https:\/\/radiorevelacionfm.cl\/index.php?rest_route=\/wp\/v2\/types\/post"}],"author":[{"embeddable":true,"href":"https:\/\/radiorevelacionfm.cl\/index.php?rest_route=\/wp\/v2\/users\/1"}],"replies":[{"embeddable":true,"href":"https:\/\/radiorevelacionfm.cl\/index.php?rest_route=%2Fwp%2Fv2%2Fcomments&post=35864"}],"version-history":[{"count":1,"href":"https:\/\/radiorevelacionfm.cl\/index.php?rest_route=\/wp\/v2\/posts\/35864\/revisions"}],"predecessor-version":[{"id":35866,"href":"https:\/\/radiorevelacionfm.cl\/index.php?rest_route=\/wp\/v2\/posts\/35864\/revisions\/35866"}],"wp:featuredmedia":[{"embeddable":true,"href":"https:\/\/radiorevelacionfm.cl\/index.php?rest_route=\/wp\/v2\/media\/35865"}],"wp:attachment":[{"href":"https:\/\/radiorevelacionfm.cl\/index.php?rest_route=%2Fwp%2Fv2%2Fmedia&parent=35864"}],"wp:term":[{"taxonomy":"category","embeddable":true,"href":"https:\/\/radiorevelacionfm.cl\/index.php?rest_route=%2Fwp%2Fv2%2Fcategories&post=35864"},{"taxonomy":"post_tag","embeddable":true,"href":"https:\/\/radiorevelacionfm.cl\/index.php?rest_route=%2Fwp%2Fv2%2Ftags&post=35864"}],"curies":[{"name":"wp","href":"https:\/\/api.w.org\/{rel}","templated":true}]}}