{"id":35861,"date":"2023-10-13T10:20:42","date_gmt":"2023-10-13T13:20:42","guid":{"rendered":"https:\/\/radiorevelacionfm.cl\/?p=35861"},"modified":"2023-10-13T10:20:42","modified_gmt":"2023-10-13T13:20:42","slug":"sec-aysen-se-reune-con-delegado-provincial-para-analizar-situacion-actual-de-las-instalaciones-electricas-y-de-gas-de-jardines-infantiles","status":"publish","type":"post","link":"https:\/\/radiorevelacionfm.cl\/?p=35861","title":{"rendered":"SEC Ays\u00e9n se re\u00fane con Delegado Provincial para analizar situaci\u00f3n actual de las instalaciones el\u00e9ctricas y de gas de jardines infantiles"},"content":{"rendered":"<div class=\"flex_column av_one_full  flex_column_div av-zero-column-padding first  avia-builder-el-0  el_before_av_one_full  avia-builder-el-first  \" style='border-radius:0px; '><div  class='avia-image-container  av-styling-    avia-builder-el-1  avia-builder-el-no-sibling  avia-align-center '  itemprop=\"image\" itemscope=\"itemscope\" itemtype=\"https:\/\/schema.org\/ImageObject\"  ><div class='avia-image-container-inner'><div class='avia-image-overlay-wrap'><img decoding=\"async\" class='wp-image-35862 avia-img-lazy-loading-not-35862 avia_image' src=\"https:\/\/radiorevelacionfm.cl\/wp-content\/uploads\/2023\/10\/SEC-AYSEN-4-1-1.jpeg\" alt='' title='SEC AYS\u00c9N 4 (1) (1)' height=\"600\" width=\"800\"  itemprop=\"thumbnailUrl\" srcset=\"https:\/\/radiorevelacionfm.cl\/wp-content\/uploads\/2023\/10\/SEC-AYSEN-4-1-1.jpeg 800w, https:\/\/radiorevelacionfm.cl\/wp-content\/uploads\/2023\/10\/SEC-AYSEN-4-1-1-300x225.jpeg 300w, https:\/\/radiorevelacionfm.cl\/wp-content\/uploads\/2023\/10\/SEC-AYSEN-4-1-1-768x576.jpeg 768w, https:\/\/radiorevelacionfm.cl\/wp-content\/uploads\/2023\/10\/SEC-AYSEN-4-1-1-705x529.jpeg 705w, https:\/\/radiorevelacionfm.cl\/wp-content\/uploads\/2023\/10\/SEC-AYSEN-4-1-1-450x338.jpeg 450w, https:\/\/radiorevelacionfm.cl\/wp-content\/uploads\/2023\/10\/SEC-AYSEN-4-1-1-600x450.jpeg 600w\" sizes=\"(max-width: 800px) 100vw, 800px\" \/><\/div><\/div><\/div><\/div><div class=\"flex_column av_one_full  flex_column_div av-zero-column-padding first  avia-builder-el-2  el_after_av_one_full  el_before_av_one_full  column-top-margin\" style='border-radius:0px; '><section class=\"av_textblock_section \"  itemscope=\"itemscope\" itemtype=\"https:\/\/schema.org\/BlogPosting\" itemprop=\"blogPost\" ><div class='avia_textblock  '   itemprop=\"text\" ><h2 style=\"text-align: center;\"><span style=\"font-size: 18pt;\"><b>SEC Ays\u00e9n se re\u00fane con Delegado Provincial para analizar situaci\u00f3n actual de las instalaciones el\u00e9ctricas y de gas de jardines infantiles<\/b><\/span><\/h2>\n<div id=\"gtx-trans\" style=\"position: absolute; left: -50px; top: 4.31534px;\">\n<div class=\"gtx-trans-icon\"><\/div>\n<\/div>\n<\/div><\/section><\/div><div class=\"flex_column av_one_full  flex_column_div av-zero-column-padding first  avia-builder-el-4  el_after_av_one_full  el_before_av_hr  column-top-margin\" style='border-radius:0px; '><section class=\"av_textblock_section \"  itemscope=\"itemscope\" itemtype=\"https:\/\/schema.org\/BlogPosting\" itemprop=\"blogPost\" ><div class='avia_textblock  '   itemprop=\"text\" ><p style=\"text-align: justify;\"><i>El Delegado Presidencial Provincial, Jorge D\u00edaz, se reuni\u00f3 con el Director Regional de la Superintendencia de Electricidad y Combustibles, Hugo Ardiles, para potenciar el accionar del organismo fiscalizador y verificar que establecimientos educacionales cumplan con la normativa vigente.<\/i><\/p>\n<p style=\"text-align: justify;\">El Delegado Presidencial Provincial de Ays\u00e9n, Jorge D\u00edaz, se reuni\u00f3 con el Director Regional de la Superintendencia de Electricidad y Combustibles, SEC, Hugo Ardiles, para analizar la situaci\u00f3n actual de las instalaciones el\u00e9ctricas y de gas de los jardines infantiles, a fin de potenciar el rol del organismo fiscalizador y constatar que los recintos educacionales cumplan con la legislaci\u00f3n vigente para resguardar a la comunidad educativa.<\/p>\n<p style=\"text-align: justify;\">El Delegado Presidencial Provincial de Ays\u00e9n explic\u00f3 que el encuentro tuvo por finalidad \u201cponer en marcha un sistema de fiscalizaci\u00f3n en los jardines infantiles, tanto de la JUNJI como de Integra o VTF. La idea es entregar seguridad, ya que todas estas instalaciones, que no s\u00f3lo est\u00e1n relacionadas con gas o combustibles derivados del petr\u00f3leo, sino que tambi\u00e9n todos los sistemas el\u00e9ctricos, est\u00e9n en regla. De esta manera entregar seguridad para los ni\u00f1os y ni\u00f1as, como tambi\u00e9n tranquilidad a los padres y apoderados\u201d.<\/p>\n<p style=\"text-align: justify;\">Y agreg\u00f3 que \u201chabr\u00e1 un trabajo en conjunto con la seremi de Educaci\u00f3n y los municipios de la provincia. Adem\u00e1s, se establecer\u00e1 un protocolo para conocer con rapidez los cortes de energ\u00eda el\u00e9ctrica que se producen en la provincia de Ays\u00e9n\u201d.<\/p>\n<p style=\"text-align: justify;\">Mientras que el Director Regional de SEC Ays\u00e9n sostuvo que \u201cel di\u00e1logo sostenido con las autoridades de la regi\u00f3n, nos ha permitido conocer de forma directa las problem\u00e1ticas espec\u00edficas que afectan a sus comunidades. En esta oportunidad, nos reunimos con el delegado para potenciar el accionar de la SEC, respecto a las fiscalizaciones que ya venimos desarrollando, en relaci\u00f3n con las instalaciones el\u00e9ctricas y de gas en los distintos establecimientos educacionales de la zona para verificar que se cumpla con la normativa vigente\u201d.<\/p>\n<p style=\"text-align: justify;\">Y recalc\u00f3 que \u201clas y los responsables de los colegios o jardines infantiles deben adoptar las medidas correspondientes para minimizar toda situaci\u00f3n de potencial riesgo que, eventualmente, pueda derivar en da\u00f1os a las personas o bienes. Si existen irregularidades, deben regularizar y normalizar la situaci\u00f3n con Instaladores Autorizados por la SEC\u201d.<\/p>\n<p style=\"text-align: justify;\">Adem\u00e1s, la autoridad regional de la SEC sostuvo que en la actualidad existe un trabajo colaborativo con alcaldes y sostenedores de establecimientos educacionales de la provincia \u201ca fin de que cumplan con la obligaci\u00f3n de obtener y renovar oportunamente los Sellos Verdes de los recintos educacionales, distintivo que garantiza el uso seguro de las instalaciones de gas, normalmente utilizadas para los sistemas de calefacci\u00f3n y la preparaci\u00f3n de alimentos\u201d.<\/p>\n<p style=\"text-align: justify;\">Por \u00faltimo, la invitaci\u00f3n es a seguir la cuenta oficial de la SEC en Instagram (@sec_chile), donde la ciudadan\u00eda podr\u00e1 acceder a informaci\u00f3n \u00fatil y consejos de seguridad para el uso de los energ\u00e9ticos, la que se suma a nuestros perfiles disponibles en Twitter (@SEC_cl) y Facebook, como Superintendencia SEC.<\/p>\n<\/div><\/section><\/div><div  style='height:50px' class='hr hr-invisible   avia-builder-el-6  el_after_av_one_full  el_before_av_social_share '><span class='hr-inner ' ><span class='hr-inner-style'><\/span><\/span><\/div><\/p>\n<div  class='av-social-sharing-box  avia-builder-el-7  el_after_av_hr  el_before_av_hr  '><div class='av-share-box'><h5 class='av-share-link-description av-no-toc '>Compartir esta noticia<\/h5><ul class='av-share-box-list noLightbox'><li class='av-share-link av-social-link-facebook' ><a target=\"_blank\" aria-label=\"Compartir en Facebook\" href='https:\/\/www.facebook.com\/sharer.php?u=https:\/\/radiorevelacionfm.cl\/?p=35861&#038;t=SEC%20Ays%C3%A9n%20se%20re%C3%BAne%20con%20Delegado%20Provincial%20para%20analizar%20situaci%C3%B3n%20actual%20de%20las%20instalaciones%20el%C3%A9ctricas%20y%20de%20gas%20de%20jardines%20infantiles' aria-hidden='false' data-av_icon='\ue8f3' data-av_iconfont='entypo-fontello' title='' data-avia-related-tooltip='Compartir en Facebook' rel=\"noopener\"><span class='avia_hidden_link_text'>Compartir en Facebook<\/span><\/a><\/li><li class='av-share-link av-social-link-twitter' ><a target=\"_blank\" aria-label=\"Compartir en Twitter\" href='https:\/\/twitter.com\/share?text=SEC%20Ays%C3%A9n%20se%20re%C3%BAne%20con%20Delegado%20Provincial%20para%20analizar%20situaci%C3%B3n%20actual%20de%20las%20instalaciones%20el%C3%A9ctricas%20y%20de%20gas%20de%20jardines%20infantiles&#038;url=https:\/\/radiorevelacionfm.cl\/?p=35861' aria-hidden='false' data-av_icon='\ue8f1' data-av_iconfont='entypo-fontello' title='' data-avia-related-tooltip='Compartir en Twitter' rel=\"noopener\"><span class='avia_hidden_link_text'>Compartir en Twitter<\/span><\/a><\/li><li class='av-share-link av-social-link-whatsapp' ><a target=\"_blank\" aria-label=\"Compartir en Whatsapp\" href='https:\/\/api.whatsapp.com\/send?text=https:\/\/radiorevelacionfm.cl\/?p=35861' aria-hidden='false' data-av_icon='\uf232' data-av_iconfont='entypo-fontello' title='' data-avia-related-tooltip='Compartir en Whatsapp' rel=\"noopener\"><span class='avia_hidden_link_text'>Compartir en Whatsapp<\/span><\/a><\/li><li class='av-share-link av-social-link-linkedin' ><a target=\"_blank\" aria-label=\"Compartir en LinkedIn\" href='https:\/\/linkedin.com\/shareArticle?mini=true&#038;title=SEC%20Ays%C3%A9n%20se%20re%C3%BAne%20con%20Delegado%20Provincial%20para%20analizar%20situaci%C3%B3n%20actual%20de%20las%20instalaciones%20el%C3%A9ctricas%20y%20de%20gas%20de%20jardines%20infantiles&#038;url=https:\/\/radiorevelacionfm.cl\/?p=35861' aria-hidden='false' data-av_icon='\ue8fc' data-av_iconfont='entypo-fontello' title='' data-avia-related-tooltip='Compartir en LinkedIn' rel=\"noopener\"><span class='avia_hidden_link_text'>Compartir en LinkedIn<\/span><\/a><\/li><li class='av-share-link av-social-link-mail' ><a  aria-label=\"Compartir por correo\" href='mailto:?subject=SEC%20Ays%C3%A9n%20se%20re%C3%BAne%20con%20Delegado%20Provincial%20para%20analizar%20situaci%C3%B3n%20actual%20de%20las%20instalaciones%20el%C3%A9ctricas%20y%20de%20gas%20de%20jardines%20infantiles&#038;body=https:\/\/radiorevelacionfm.cl\/?p=35861' aria-hidden='false' data-av_icon='\ue805' data-av_iconfont='entypo-fontello' title='' data-avia-related-tooltip='Compartir por correo'><span class='avia_hidden_link_text'>Compartir por correo<\/span><\/a><\/li><\/ul><\/div><\/div>\n<div  style='height:50px' class='hr hr-invisible   avia-builder-el-8  el_after_av_social_share  el_before_av_comments_list '><span class='hr-inner ' ><span class='hr-inner-style'><\/span><\/span><\/div>\n<div  class='av-buildercomment  av-blog-meta-html-info-disabled av-blog-meta-tag-disabled  '><\/div>\n","protected":false},"excerpt":{"rendered":"","protected":false},"author":1,"featured_media":35862,"comment_status":"open","ping_status":"open","sticky":false,"template":"","format":"standard","meta":{"footnotes":""},"categories":[38],"tags":[],"class_list":["post-35861","post","type-post","status-publish","format-standard","has-post-thumbnail","hentry","category-regional"],"jetpack_featured_media_url":"https:\/\/radiorevelacionfm.cl\/wp-content\/uploads\/2023\/10\/SEC-AYSEN-4-1-1.jpeg","_links":{"self":[{"href":"https:\/\/radiorevelacionfm.cl\/index.php?rest_route=\/wp\/v2\/posts\/35861","targetHints":{"allow":["GET"]}}],"collection":[{"href":"https:\/\/radiorevelacionfm.cl\/index.php?rest_route=\/wp\/v2\/posts"}],"about":[{"href":"https:\/\/radiorevelacionfm.cl\/index.php?rest_route=\/wp\/v2\/types\/post"}],"author":[{"embeddable":true,"href":"https:\/\/radiorevelacionfm.cl\/index.php?rest_route=\/wp\/v2\/users\/1"}],"replies":[{"embeddable":true,"href":"https:\/\/radiorevelacionfm.cl\/index.php?rest_route=%2Fwp%2Fv2%2Fcomments&post=35861"}],"version-history":[{"count":1,"href":"https:\/\/radiorevelacionfm.cl\/index.php?rest_route=\/wp\/v2\/posts\/35861\/revisions"}],"predecessor-version":[{"id":35863,"href":"https:\/\/radiorevelacionfm.cl\/index.php?rest_route=\/wp\/v2\/posts\/35861\/revisions\/35863"}],"wp:featuredmedia":[{"embeddable":true,"href":"https:\/\/radiorevelacionfm.cl\/index.php?rest_route=\/wp\/v2\/media\/35862"}],"wp:attachment":[{"href":"https:\/\/radiorevelacionfm.cl\/index.php?rest_route=%2Fwp%2Fv2%2Fmedia&parent=35861"}],"wp:term":[{"taxonomy":"category","embeddable":true,"href":"https:\/\/radiorevelacionfm.cl\/index.php?rest_route=%2Fwp%2Fv2%2Fcategories&post=35861"},{"taxonomy":"post_tag","embeddable":true,"href":"https:\/\/radiorevelacionfm.cl\/index.php?rest_route=%2Fwp%2Fv2%2Ftags&post=35861"}],"curies":[{"name":"wp","href":"https:\/\/api.w.org\/{rel}","templated":true}]}}