{"id":3586,"date":"2021-04-27T21:53:16","date_gmt":"2021-04-28T00:53:16","guid":{"rendered":"https:\/\/radiorevelacionfm.cl\/?p=3586"},"modified":"2021-04-27T21:53:16","modified_gmt":"2021-04-28T00:53:16","slug":"diputado-rene-alinco-por-promulgacion-del-tercer-retiro-del-10-por-primera-vez-el-tribunal-constitucional-escucho-a-la-gente-escucho-al-pueblo","status":"publish","type":"post","link":"https:\/\/radiorevelacionfm.cl\/?p=3586","title":{"rendered":"Diputado Ren\u00e9 Alinco por promulgaci\u00f3n del tercer retiro del 10 % \u201cPor primera vez el Tribunal Constitucional escuch\u00f3 a la gente, escuch\u00f3 al pueblo\u201d"},"content":{"rendered":"<div class=\"flex_column av_one_full  flex_column_div av-zero-column-padding first  avia-builder-el-0  el_before_av_one_full  avia-builder-el-first  \" style='border-radius:0px; '><div  class='avia-image-container  av-styling-    avia-builder-el-1  avia-builder-el-no-sibling  avia-align-center '  itemprop=\"image\" itemscope=\"itemscope\" itemtype=\"https:\/\/schema.org\/ImageObject\"  ><div class='avia-image-container-inner'><div class='avia-image-overlay-wrap'><img decoding=\"async\" class='wp-image-0 avia-img-lazy-loading-not-0 avia_image' src=\"https:\/\/radiorevelacionfm.cl\/wp-content\/uploads\/2021\/04\/59722090_n_optimized.jpg\" alt='' title=''   itemprop=\"thumbnailUrl\"  \/><\/div><\/div><\/div><\/div><div class=\"flex_column av_one_full  flex_column_div av-zero-column-padding first  avia-builder-el-2  el_after_av_one_full  el_before_av_one_full  column-top-margin\" style='border-radius:0px; '><section class=\"av_textblock_section \"  itemscope=\"itemscope\" itemtype=\"https:\/\/schema.org\/BlogPosting\" itemprop=\"blogPost\" ><div class='avia_textblock  '   itemprop=\"text\" ><p style=\"text-align: center;\"><span style=\"font-size: 18pt;\"><strong>Diputado Ren\u00e9 Alinco por promulgaci\u00f3n del tercer retiro del 10 % \u201cPor primera vez el Tribunal Constitucional escuch\u00f3 a la gente, escuch\u00f3 al pueblo\u201d<\/strong><\/span><\/p>\n<div id=\"gtx-trans\" style=\"position: absolute; left: -50px; top: 4.31534px;\">\n<div class=\"gtx-trans-icon\"><\/div>\n<\/div>\n<\/div><\/section><\/div><div class=\"flex_column av_one_full  flex_column_div av-zero-column-padding first  avia-builder-el-4  el_after_av_one_full  el_before_av_hr  column-top-margin\" style='border-radius:0px; '><section class=\"av_textblock_section \"  itemscope=\"itemscope\" itemtype=\"https:\/\/schema.org\/BlogPosting\" itemprop=\"blogPost\" ><div class='avia_textblock  '   itemprop=\"text\" ><p style=\"text-align: justify;\"><em>\u201c\u2026Obviamente esta es una derrota muy fuerte para el gobierno de Sebasti\u00e1n Pi\u00f1era\u201d, sostuvo el parlamentario.<\/em><\/p>\n<p style=\"text-align: justify;\">Sin duda la jornada de este martes estuvo marcada por el proyecto del retiro del tercer 10 %, primero porque se desconoc\u00eda si el Tribunal Constitucional iba a declarar admisible o no el requerimiento presentado por el Gobierno de Sebasti\u00e1n Pi\u00f1era. Pasadas las 13 horas supimos que el TC fall\u00f3 en contra de dicha presentaci\u00f3n lo que representa sin duda un duro golpe al mandatario, lo que encendi\u00f3 las alarmas respeto de si Pi\u00f1era iba a decidir promulgar o vetar el proyecto ampliamente aprobado por el Congreso y el Senado.<\/p>\n<p style=\"text-align: justify;\">El diputado Ren\u00e9 Alinco Bustos estuvo muy pendiente de esta marat\u00f3nica jornada donde finalmente se conoci\u00f3 la pronta promulgaci\u00f3n del proyecto de su autor\u00eda, similar a las dos anteriores iniciativas presentadas y que permitieron a miles de chilenos el poder hacer frente a las dificultades generadas en el contexto de pandemia por Covid 19 y desde distintas aristas. Es as\u00ed que tras conocerse primero la decisi\u00f3n del TC, el parlamentario llam\u00f3 a la presi\u00f3n social a solicitarle al presidente Pi\u00f1era el no vetar el proyecto y muy por el contrario, promulgar la Ley lo m\u00e1s pronto posible, situaci\u00f3n que afortunadamente se dio pasadas las 17 horas cuando el propio mandatario mediante mensaje a la naci\u00f3n anunci\u00f3 que retirar\u00eda su iniciativa del Congreso tras escuchar el clamor popular y la voz del Tribunal Constitucional que dio luz verde a una petici\u00f3n de muchos, junto con anunciar que durante los pr\u00f3ximos d\u00edas presentar\u00e1 un proyecto corto referente al bono de 200 mil pesos para aquellos trabajadores que producto de los dos retiros anteriores, quedaron con fondo cero en sus cuentas previsionales, adem\u00e1s de buscar un mecanismo de recuperaci\u00f3n de los ahorros; y donde se agrega un impuesto para el 10% de los cotizantes con mayores ingresos.<\/p>\n<p style=\"text-align: justify;\">Luego del anuncio de promulgaci\u00f3n, el parlamentario aysenino dijo sentirse \u201ccontento, porque este proyecto ten\u00eda un elemento muy profundo, la necesidad de la gente. Despu\u00e9s de haber participado en los tres proyectos, hoy tambi\u00e9n somos parte de este triunfo que principalmente yo quisiera dedicar, este objetivo logrado, a todos los trabajadores y trabajadoras de Chile\u201d, dijo, se\u00f1alando que a su juicio, \u201cpor primera vez el TC escuch\u00f3 a la gente, escuch\u00f3 al pueblo\u201d, a\u00f1adiendo que quiz\u00e1s el Tribunal tuvo sus aprensiones \u201cfrente a la reacci\u00f3n si hubiese aceptado la petici\u00f3n como lo hizo en una segunda vez (segundo proyecto). Creo que ha sido un gran logro para la democracia y trabajadores, adem\u00e1s creo que eso significa una cosa en el quehacer pol\u00edtico, que aprendamos los diputados y senadores a legislar con leyes de fondo, leyes estructurales y no legislar a medida de lo posible. Hoy Chile ha cambiado con esta decisi\u00f3n del TC\u2026\u201d, afirm\u00f3 el congresista Alinco Bustos.<\/p>\n<p style=\"text-align: justify;\">Asimismo, desde la vereda de la oposici\u00f3n, el diputado enfatiz\u00f3 en que \u201cobviamente esta es una derrota muy fuerte para el gobierno de Sebasti\u00e1n Pi\u00f1era\u201d, refiri\u00e9ndose a la decisi\u00f3n del TC de rechazar el requerimiento del Ejecutivo. \u201cYo creo que en este momento deben estar penando las \u00e1nimas en La Moneda, no tengo la menor duda que m\u00e1s de alg\u00fan ministro ha presentado ya su renuncia porque con este veredicto del TC, que era una herramienta de Pi\u00f1era, del sistema neoliberal impuesto en Chile, obviamente algo est\u00e1 pasando\u2026y si no reconocen que lo est\u00e1n haciendo mal significa que est\u00e1n viviendo en otro mundo\u2026Yo creo que este fue un triunfo popular a trav\u00e9s del Tribunal Constitucional\u201d, remarc\u00f3 el parlamentario independiente.<\/p>\n<p style=\"text-align: justify;\">Cabe destacar que este proyecto igualmente contempla a los pensionados con rentas vitalicias, quienes podr\u00e1n retirar el 10 % de sus ahorros en las aseguradoras. El parlamentario Ren\u00e9 Alinco rescat\u00f3 el hecho de que los pensionados en dicha modalidad puedan retirar parte de sus fondos, pues son aproximadamente 670 mil chilenos y chilenas quienes acceder\u00e1n a contar con dineros para paliar los efectos de la pandemia, algo que se hab\u00eda incluido en proyectos anteriores pero que en su oportunidad parte del Parlamento y Gobierno se negaron a aceptar.<\/p>\n<p style=\"text-align: justify;\">Finalmente y consultado por el bono de $200 mil propuesto por el Gobierno para los trabajadores con fondos cero, el parlamentario fue cr\u00edtico indicando que \u201clamentablemente son migajas, aqu\u00ed lo que se busca es un bono universal permanente mientras dure la pandemia porque lamentablemente aunque los trabajadores quieran trabajar no pueden hacerlo y yo tambi\u00e9n discrepo, porque esto va relacionado a decisiones sanitarias (por ejemplo) se acerca una fecha importante donde se va a consumir, hablo del d\u00eda de la madre y resulta que el ministerio de salud decide avanzar en las libertades para la gente\u2026insisto que Chile debe tomar medidas de fondo para controlar esta pandemia\u2026\u201d, sostuvo el parlamentario aysenino.<\/p>\n<\/div><\/section><\/div><div  style='height:50px' class='hr hr-invisible   avia-builder-el-6  el_after_av_one_full  el_before_av_social_share '><span class='hr-inner ' ><span class='hr-inner-style'><\/span><\/span><\/div><\/p>\n<div  class='av-social-sharing-box  avia-builder-el-7  el_after_av_hr  el_before_av_hr  '><div class='av-share-box'><h5 class='av-share-link-description av-no-toc '>Compartir esta noticia<\/h5><ul class='av-share-box-list noLightbox'><li class='av-share-link av-social-link-facebook' ><a target=\"_blank\" aria-label=\"Compartir en Facebook\" href='https:\/\/www.facebook.com\/sharer.php?u=https:\/\/radiorevelacionfm.cl\/?p=3586&#038;t=Diputado%20Ren%C3%A9%20Alinco%20por%20promulgaci%C3%B3n%20del%20tercer%20retiro%20del%2010%20%25%20%E2%80%9CPor%20primera%20vez%20el%20Tribunal%20Constitucional%20escuch%C3%B3%20a%20la%20gente%2C%20escuch%C3%B3%20al%20pueblo%E2%80%9D' aria-hidden='false' data-av_icon='\ue8f3' data-av_iconfont='entypo-fontello' title='' data-avia-related-tooltip='Compartir en Facebook' rel=\"noopener\"><span class='avia_hidden_link_text'>Compartir en Facebook<\/span><\/a><\/li><li class='av-share-link av-social-link-twitter' ><a target=\"_blank\" aria-label=\"Compartir en Twitter\" href='https:\/\/twitter.com\/share?text=Diputado%20Ren%C3%A9%20Alinco%20por%20promulgaci%C3%B3n%20del%20tercer%20retiro%20del%2010%20%25%20%E2%80%9CPor%20primera%20vez%20el%20Tribunal%20Constitucional%20escuch%C3%B3%20a%20la%20gente%2C%20escuch%C3%B3%20al%20pueblo%E2%80%9D&#038;url=https:\/\/radiorevelacionfm.cl\/?p=3586' aria-hidden='false' data-av_icon='\ue8f1' data-av_iconfont='entypo-fontello' title='' data-avia-related-tooltip='Compartir en Twitter' rel=\"noopener\"><span class='avia_hidden_link_text'>Compartir en Twitter<\/span><\/a><\/li><li class='av-share-link av-social-link-whatsapp' ><a target=\"_blank\" aria-label=\"Compartir en Whatsapp\" href='https:\/\/api.whatsapp.com\/send?text=https:\/\/radiorevelacionfm.cl\/?p=3586' aria-hidden='false' data-av_icon='\uf232' data-av_iconfont='entypo-fontello' title='' data-avia-related-tooltip='Compartir en Whatsapp' rel=\"noopener\"><span class='avia_hidden_link_text'>Compartir en Whatsapp<\/span><\/a><\/li><li class='av-share-link av-social-link-linkedin' ><a target=\"_blank\" aria-label=\"Compartir en LinkedIn\" href='https:\/\/linkedin.com\/shareArticle?mini=true&#038;title=Diputado%20Ren%C3%A9%20Alinco%20por%20promulgaci%C3%B3n%20del%20tercer%20retiro%20del%2010%20%25%20%E2%80%9CPor%20primera%20vez%20el%20Tribunal%20Constitucional%20escuch%C3%B3%20a%20la%20gente%2C%20escuch%C3%B3%20al%20pueblo%E2%80%9D&#038;url=https:\/\/radiorevelacionfm.cl\/?p=3586' aria-hidden='false' data-av_icon='\ue8fc' data-av_iconfont='entypo-fontello' title='' data-avia-related-tooltip='Compartir en LinkedIn' rel=\"noopener\"><span class='avia_hidden_link_text'>Compartir en LinkedIn<\/span><\/a><\/li><li class='av-share-link av-social-link-mail' ><a  aria-label=\"Compartir por correo\" href='mailto:?subject=Diputado%20Ren%C3%A9%20Alinco%20por%20promulgaci%C3%B3n%20del%20tercer%20retiro%20del%2010%20%25%20%E2%80%9CPor%20primera%20vez%20el%20Tribunal%20Constitucional%20escuch%C3%B3%20a%20la%20gente%2C%20escuch%C3%B3%20al%20pueblo%E2%80%9D&#038;body=https:\/\/radiorevelacionfm.cl\/?p=3586' aria-hidden='false' data-av_icon='\ue805' data-av_iconfont='entypo-fontello' title='' data-avia-related-tooltip='Compartir por correo'><span class='avia_hidden_link_text'>Compartir por correo<\/span><\/a><\/li><\/ul><\/div><\/div>\n<div  style='height:50px' class='hr hr-invisible   avia-builder-el-8  el_after_av_social_share  el_before_av_comments_list '><span class='hr-inner ' ><span class='hr-inner-style'><\/span><\/span><\/div>\n<div  class='av-buildercomment  av-blog-meta-html-info-disabled av-blog-meta-tag-disabled  '><\/div>\n","protected":false},"excerpt":{"rendered":"","protected":false},"author":1,"featured_media":0,"comment_status":"open","ping_status":"open","sticky":false,"template":"","format":"standard","meta":{"footnotes":""},"categories":[35],"tags":[],"class_list":["post-3586","post","type-post","status-publish","format-standard","hentry","category-politica"],"jetpack_featured_media_url":"","_links":{"self":[{"href":"https:\/\/radiorevelacionfm.cl\/index.php?rest_route=\/wp\/v2\/posts\/3586","targetHints":{"allow":["GET"]}}],"collection":[{"href":"https:\/\/radiorevelacionfm.cl\/index.php?rest_route=\/wp\/v2\/posts"}],"about":[{"href":"https:\/\/radiorevelacionfm.cl\/index.php?rest_route=\/wp\/v2\/types\/post"}],"author":[{"embeddable":true,"href":"https:\/\/radiorevelacionfm.cl\/index.php?rest_route=\/wp\/v2\/users\/1"}],"replies":[{"embeddable":true,"href":"https:\/\/radiorevelacionfm.cl\/index.php?rest_route=%2Fwp%2Fv2%2Fcomments&post=3586"}],"version-history":[{"count":1,"href":"https:\/\/radiorevelacionfm.cl\/index.php?rest_route=\/wp\/v2\/posts\/3586\/revisions"}],"predecessor-version":[{"id":3588,"href":"https:\/\/radiorevelacionfm.cl\/index.php?rest_route=\/wp\/v2\/posts\/3586\/revisions\/3588"}],"wp:attachment":[{"href":"https:\/\/radiorevelacionfm.cl\/index.php?rest_route=%2Fwp%2Fv2%2Fmedia&parent=3586"}],"wp:term":[{"taxonomy":"category","embeddable":true,"href":"https:\/\/radiorevelacionfm.cl\/index.php?rest_route=%2Fwp%2Fv2%2Fcategories&post=3586"},{"taxonomy":"post_tag","embeddable":true,"href":"https:\/\/radiorevelacionfm.cl\/index.php?rest_route=%2Fwp%2Fv2%2Ftags&post=3586"}],"curies":[{"name":"wp","href":"https:\/\/api.w.org\/{rel}","templated":true}]}}