{"id":35858,"date":"2023-10-13T09:55:02","date_gmt":"2023-10-13T12:55:02","guid":{"rendered":"https:\/\/radiorevelacionfm.cl\/?p=35858"},"modified":"2023-10-13T09:55:02","modified_gmt":"2023-10-13T12:55:02","slug":"exitoso-paso-de-la-antorcha-panamericana-por-coyhaique","status":"publish","type":"post","link":"https:\/\/radiorevelacionfm.cl\/?p=35858","title":{"rendered":"Exitoso paso de la Antorcha Panamericana por Coyhaique"},"content":{"rendered":"<div class=\"flex_column av_one_full  flex_column_div av-zero-column-padding first  avia-builder-el-0  el_before_av_one_full  avia-builder-el-first  \" style='border-radius:0px; '><div  class='avia-image-container  av-styling-    avia-builder-el-1  avia-builder-el-no-sibling  avia-align-center '  itemprop=\"image\" itemscope=\"itemscope\" itemtype=\"https:\/\/schema.org\/ImageObject\"  ><div class='avia-image-container-inner'><div class='avia-image-overlay-wrap'><img decoding=\"async\" class='wp-image-35859 avia-img-lazy-loading-not-35859 avia_image' src=\"https:\/\/radiorevelacionfm.cl\/wp-content\/uploads\/2023\/10\/antorcha-2_optimized.jpeg\" alt='' title='antorcha-2_optimized' height=\"600\" width=\"800\"  itemprop=\"thumbnailUrl\" srcset=\"https:\/\/radiorevelacionfm.cl\/wp-content\/uploads\/2023\/10\/antorcha-2_optimized.jpeg 800w, https:\/\/radiorevelacionfm.cl\/wp-content\/uploads\/2023\/10\/antorcha-2_optimized-300x225.jpeg 300w, https:\/\/radiorevelacionfm.cl\/wp-content\/uploads\/2023\/10\/antorcha-2_optimized-768x576.jpeg 768w, https:\/\/radiorevelacionfm.cl\/wp-content\/uploads\/2023\/10\/antorcha-2_optimized-705x529.jpeg 705w, https:\/\/radiorevelacionfm.cl\/wp-content\/uploads\/2023\/10\/antorcha-2_optimized-450x338.jpeg 450w, https:\/\/radiorevelacionfm.cl\/wp-content\/uploads\/2023\/10\/antorcha-2_optimized-600x450.jpeg 600w\" sizes=\"(max-width: 800px) 100vw, 800px\" \/><\/div><\/div><\/div><\/div><div class=\"flex_column av_one_full  flex_column_div av-zero-column-padding first  avia-builder-el-2  el_after_av_one_full  el_before_av_one_full  column-top-margin\" style='border-radius:0px; '><section class=\"av_textblock_section \"  itemscope=\"itemscope\" itemtype=\"https:\/\/schema.org\/BlogPosting\" itemprop=\"blogPost\" ><div class='avia_textblock  '   itemprop=\"text\" ><p style=\"text-align: center;\"><span style=\"font-size: 18pt;\"><b>Exitoso paso de la Antorcha Panamericana por Coyhaique<\/b><\/span><\/p>\n<div id=\"gtx-trans\" style=\"position: absolute; left: -50px; top: 4.31534px;\">\n<div class=\"gtx-trans-icon\"><\/div>\n<\/div>\n<\/div><\/section><\/div><div class=\"flex_column av_one_full  flex_column_div av-zero-column-padding first  avia-builder-el-4  el_after_av_one_full  el_before_av_hr  column-top-margin\" style='border-radius:0px; '><section class=\"av_textblock_section \"  itemscope=\"itemscope\" itemtype=\"https:\/\/schema.org\/BlogPosting\" itemprop=\"blogPost\" ><div class='avia_textblock  '   itemprop=\"text\" ><p style=\"text-align: justify;\">Un balance positivo realiz\u00f3 la Secretaria Regional Ministerial de Deportes, Mar\u00eda Eugenia Dur\u00e1n Jara, sobre el paso de la Antorcha Panamericana por la Regi\u00f3n de Ays\u00e9n, evento que se realiz\u00f3 el s\u00e1bado pasado en un recorrido de cerca de 15 kil\u00f3metros y en el que participaron aproximadamente 500 personas portando la \u201cllama sagrada\u201d por las principales arterias de la capital regional.<\/p>\n<p style=\"text-align: justify;\">\u201cNos llena de orgullo como Ministerio del deporte, haber podido brindar esta oportunidad a la regi\u00f3n de Ays\u00e9n de ser parte de los Juegos Panamericanos, no solamente a trav\u00e9s de los 7 deportistas regionales que competir\u00e1n, sino tambi\u00e9n por medio de este hito hist\u00f3rico del Relevo de Antorcha. El Presidente Boric ha sido enf\u00e1tico en decir que los Juegos Santiago 2023\u00a0son un compromiso de Estado, por tanto, no pertenecen solo a este gobierno, pertenecen a todo Chile y por cierto a la regi\u00f3n de Ays\u00e9n. Por eso,\u00a0velamos por asegurar la representatividad de las 10 comunas que componen nuestra hermosa regi\u00f3n, primero convocando a las comunidades para que nos env\u00eden a sus representantes para luego realizar la selecci\u00f3n final de relevistas junto a la Corporaci\u00f3n Santiago 2023, donde el conocimiento del territorio fue fundamental para integrarlos a\u00a0esta experiencia \u00fanica del paso de la Antorcha Panamericana por Coyhaique. El balance es positivo, pues en una jornada\u00a0sumamente emocionante\u00a0fueron protagonistas los relevistas y el aporte que cada cual representa para sus territorios\u00a0uni\u00e9ndonos como comunidad en torno al deporte y a los Juegos. Agradecer a los integrantes de la Mesa subnacional de la Antorcha en especial a la Delegaci\u00f3n Presidencial, Carabineros de Chile, IND, Corporaci\u00f3n municipal de deportes y particularmente a la Asociaci\u00f3n Ind\u00edgena Ant\u00fc Ka Pire Mapu Mew quienes nos regalaron una hermosa rogativa para desear los mejores parabienes a los participantes de este hist\u00f3rico evento\u201d,se\u00f1al\u00f3 la Seremi del Deporte, Mar\u00eda Eugenia Dur\u00e1n Jara.<\/p>\n<p style=\"text-align: justify;\">Asimismo, el Delegado Presidencial Regional, Rodrigo Araya Morales, precis\u00f3: \u201cNuestros deportistas nos van a representar muy bien en los Juegos Panamericanos y Parapanamericanos. Pero tener la antorcha en la regi\u00f3n de Ays\u00e9n nos hace parte de esta competencia a todas y todos. Como ha dicho el presidente Gabriel Boric, este es un evento de Estado, un evento de la sociedad en su conjunto y nuestro Gobierno est\u00e1 feliz de poder descentralizar este hermoso espect\u00e1culo\u201d.<\/p>\n<p style=\"text-align: justify;\"><b><u>Ceremonial Ancestral y Show Art\u00edstico<\/u><\/b><\/p>\n<p style=\"text-align: justify;\">En el Puente Piedra del Indio y con una rogativa mapuche se dio inicio a la ceremonia donde de la comunidad agradece a las fuerzas de la naturaleza por este evento, instancia en la que participaron relevistas y se sumaron a la\u00a0Seremi del Deporte, la\u00a0Gobernadora Regional, Andrea Mac\u00edas Palma, Delegado Presidencial Regional, Rodrigo Araya Morales y los alcaldes de Coyhaique, Cochrane y Guaitecas.<\/p>\n<p style=\"text-align: justify;\">Posteriormente, se encendi\u00f3 la antorcha que portaron los primeros relevistas para recorrer las calles de la ciudad y que finaliz\u00f3 en el mirador del R\u00edo Simpson con un show art\u00edstico en el que particip\u00f3 el \u00abConjunto de Proyecci\u00f3n folcl\u00f3rica de la Escuela Baquedano\u00bb, \u00abRolando Form\u00f3n\u00bb, artista oriundo de Chile Chico, la banda de estudiantes de pop-rock \u00abMala Pasada\u00bb y la legendaria \u00abBanda Instrumental de Carabineros de Chile de Puerto Ays\u00e9n\u00bb<\/p>\n<p style=\"text-align: justify;\"><b><u>Relevistas<\/u><\/b><\/p>\n<p style=\"text-align: justify;\">En el recorrido de la antorcha participaron relevistas en representaci\u00f3n de las 10 comunas y territorios de la regi\u00f3n, realizando los relevos respectivos acompa\u00f1ados por deportistas y comunidad por las principales avenidas e hitos emblem\u00e1ticos de nuestra ciudad.<\/p>\n<p style=\"text-align: justify;\">1.\u00a0<b>Nicole Jaque Vega<\/b>: Esgrimista, 15 a\u00f1os, perteneciente al programa Promesas Chile de IND y Club 14 Ays\u00e9n, Coyhaique.<\/p>\n<p style=\"text-align: justify;\">2.\u00a0<b>Martino Schafer Rozas<\/b>: Esgrimista, 14 a\u00f1os, perteneciente\u00a0al programa Promesas Chile de IND y Club 14 Ays\u00e9n, Coyhaique.<\/p>\n<p style=\"text-align: justify;\">3.\u00a0<b>Daniel Pedrero Vera:<\/b>\u00a0Docente de Educaci\u00f3n F\u00edsica, 37 a\u00f1os,\u00a0Coordinador de la Unidad de ejercicio y deporte adaptado del Instituto Telet\u00f3n, Formador de deportistas paral\u00edmpicos en diversas disciplinas, T\u00e9cnico de la Academia de Gimnasia Patagonia, integrante de Fundaci\u00f3n Sumergi-2 (buceo adaptado)<\/p>\n<p style=\"text-align: justify;\">4.\u00a0<b>Ariel Torres Ram\u00edrez<\/b>: Docente de Educaci\u00f3n F\u00edsica, 71 a\u00f1os, atleta, 10 r\u00e9cord vigentes de Chile en la categor\u00eda senior y r\u00e9cord sudamericano en la prueba de decatl\u00f3n, Coyhaique.<\/p>\n<p style=\"text-align: justify;\">5.\u00a0<b>Damari Rain Panichine<\/b>: Futbolista destacada, 21 a\u00f1os, representante de Guaitecas.<\/p>\n<p style=\"text-align: justify;\">6.\u00a0<b>Vanessa Garrido Gallardo<\/b>: Triatleta regional, 41 a\u00f1os, primera mujer de la regi\u00f3n en participar en el Patagon Man o triatl\u00f3n extremo, clasificada al Mundial de Triatl\u00f3n, Coyhaique.<\/p>\n<p style=\"text-align: justify;\">7.\u00a0<b>Lorena Carolina Flores Z\u00e1rate<\/b>: Monitora de zumba y baile entretenido, 34 a\u00f1os, comienza de manera autodidacta a convocar a mujeres due\u00f1as de casa, tambi\u00e9n es locutora radial en la Tapera,\u00a0Representante de\u00a0Lago Verde,<\/p>\n<p style=\"text-align: justify;\">8.\u00a0<b>John Medina Llanquinao<\/b>: Docente de Educaci\u00f3n F\u00edsica, 50 a\u00f1os, Triatleta, fundador de Club deportivo Triaysen,\u00a0Representante de\u00a0Puerto Ays\u00e9n.<\/p>\n<p style=\"text-align: justify;\">9.\u00a0<b>Eliana Barr\u00eda Mu\u00f1oz<\/b>: Dirigenta deportiva de Club femenino de Bah\u00eda Murta, 32 a\u00f1os, embarazada 6 meses,\u00a0Representante de\u00a0Puerto Ib\u00e1\u00f1ez.<\/p>\n<p style=\"text-align: justify;\">10.\u00a0<b>Jos\u00e9 Igor Almonacid<\/b>: Emblem\u00e1tico Monitor deportivo de f\u00fatbol formativo y para mujeres, 64 a\u00f1os. La Junta, Representante de Puerto Cisnes.<\/p>\n<p style=\"text-align: justify;\">11.\u00a0<b>Catalina Romero Cheuquian<\/b>: Palife (deportista de pal\u00edn) rapera mapuche, dirigente estudiantil, impulsora del preuniversitario popular Choy\u00fcn, cant\u00f3 en el balc\u00f3n presidencial de La Moneda.<\/p>\n<p style=\"text-align: justify;\">12.\u00a0 <b>Agustina Reyes Navarrete<\/b>: Nadadora, 17 a\u00f1os, estudiante, especialista en estilo espalda y mariposa, doble medalla de oro nacional. Asociaci\u00f3n de Nataci\u00f3n Patagonia Coyhaique.<\/p>\n<p style=\"text-align: justify;\">13.\u00a0 <b>Martina C\u00e1rcamo Vergara<\/b>: Basquetbolista 13 a\u00f1os, estudiante de Escuela Mater Dei, integrante del Club de B\u00e1squetbol CBC.<\/p>\n<p style=\"text-align: justify;\">14.\u00a0<b>Jonathan Vargas Espinoza<\/b>: Triatleta, 26 a\u00f1os. Representante de Cochrane<\/p>\n<p style=\"text-align: justify;\">15.\u00a0 <b>Catalina Pozas Saldivia<\/b>: Nadadora paral\u00edmpica, 19 a\u00f1os, doble medalla de oro en Nacional de Nataci\u00f3n, medallista regional en Juegos Para Araucan\u00eda y artista independiente, Coyhaique.<\/p>\n<p style=\"text-align: justify;\">16.\u00a0<b>Ademir S\u00e1ez Jaramillo<\/b>: Docente de Educaci\u00f3n F\u00edsica emblem\u00e1tico, 66 a\u00f1os, futbolista dirigente deportivo, t\u00e9cnico deportivo en atletismo, representante de Tortel.<\/p>\n<p style=\"text-align: justify;\">17. \u00a0<b>Rub\u00e9n Lepio Manquemilla<\/b>: Dirigente del emblem\u00e1tico grupo de scout R\u00edo Baker, 77 a\u00f1os, monitor de Monta\u00f1a, representante de la Uni\u00f3n Comunal de Clubes de Adultos Mayores, Circulo Hijos de Chilo\u00e9, socio de\u00a0Asociaci\u00f3n Ind\u00edgena Ant\u00fc Ka Pire Mapu Mew<b>\u00a0,<\/b>Coyhaique.<\/p>\n<p style=\"text-align: justify;\">18.\u00a0 <b>Patricia Aburto Far\u00edas:<\/b>\u00a0Atleta de fondo y Trail Running, 37 a\u00f1os, ex seleccionada nacional, madre de 2 hijos, reciente presidenta de Fundaci\u00f3n Oncopatagonia, Coyhaique.<\/p>\n<p style=\"text-align: justify;\">19.\u00a0 <b>Alfredo Asenie Bahamondes<\/b>: Emblem\u00e1tico Atleta y futbolista, 55 a\u00f1os, representante de Chile Chico.<\/p>\n<p style=\"text-align: justify;\">20.\u00a0 <b>Noel Mu\u00f1oz Guenel<\/b>: Judoca, campe\u00f3n sudamericano Asunci\u00f3n Paraguay.<\/p>\n<\/div><\/section><\/div><div  style='height:50px' class='hr hr-invisible   avia-builder-el-6  el_after_av_one_full  el_before_av_social_share '><span class='hr-inner ' ><span class='hr-inner-style'><\/span><\/span><\/div><\/p>\n<div  class='av-social-sharing-box  avia-builder-el-7  el_after_av_hr  el_before_av_hr  '><div class='av-share-box'><h5 class='av-share-link-description av-no-toc '>Compartir esta noticia<\/h5><ul class='av-share-box-list noLightbox'><li class='av-share-link av-social-link-facebook' ><a target=\"_blank\" aria-label=\"Compartir en Facebook\" href='https:\/\/www.facebook.com\/sharer.php?u=https:\/\/radiorevelacionfm.cl\/?p=35858&#038;t=Exitoso%20paso%20de%20la%20Antorcha%20Panamericana%20por%20Coyhaique' aria-hidden='false' data-av_icon='\ue8f3' data-av_iconfont='entypo-fontello' title='' data-avia-related-tooltip='Compartir en Facebook' rel=\"noopener\"><span class='avia_hidden_link_text'>Compartir en Facebook<\/span><\/a><\/li><li class='av-share-link av-social-link-twitter' ><a target=\"_blank\" aria-label=\"Compartir en Twitter\" href='https:\/\/twitter.com\/share?text=Exitoso%20paso%20de%20la%20Antorcha%20Panamericana%20por%20Coyhaique&#038;url=https:\/\/radiorevelacionfm.cl\/?p=35858' aria-hidden='false' data-av_icon='\ue8f1' data-av_iconfont='entypo-fontello' title='' data-avia-related-tooltip='Compartir en Twitter' rel=\"noopener\"><span class='avia_hidden_link_text'>Compartir en Twitter<\/span><\/a><\/li><li class='av-share-link av-social-link-whatsapp' ><a target=\"_blank\" aria-label=\"Compartir en Whatsapp\" href='https:\/\/api.whatsapp.com\/send?text=https:\/\/radiorevelacionfm.cl\/?p=35858' aria-hidden='false' data-av_icon='\uf232' data-av_iconfont='entypo-fontello' title='' data-avia-related-tooltip='Compartir en Whatsapp' rel=\"noopener\"><span class='avia_hidden_link_text'>Compartir en Whatsapp<\/span><\/a><\/li><li class='av-share-link av-social-link-linkedin' ><a target=\"_blank\" aria-label=\"Compartir en LinkedIn\" href='https:\/\/linkedin.com\/shareArticle?mini=true&#038;title=Exitoso%20paso%20de%20la%20Antorcha%20Panamericana%20por%20Coyhaique&#038;url=https:\/\/radiorevelacionfm.cl\/?p=35858' aria-hidden='false' data-av_icon='\ue8fc' data-av_iconfont='entypo-fontello' title='' data-avia-related-tooltip='Compartir en LinkedIn' rel=\"noopener\"><span class='avia_hidden_link_text'>Compartir en LinkedIn<\/span><\/a><\/li><li class='av-share-link av-social-link-mail' ><a  aria-label=\"Compartir por correo\" href='mailto:?subject=Exitoso%20paso%20de%20la%20Antorcha%20Panamericana%20por%20Coyhaique&#038;body=https:\/\/radiorevelacionfm.cl\/?p=35858' aria-hidden='false' data-av_icon='\ue805' data-av_iconfont='entypo-fontello' title='' data-avia-related-tooltip='Compartir por correo'><span class='avia_hidden_link_text'>Compartir por correo<\/span><\/a><\/li><\/ul><\/div><\/div>\n<div  style='height:50px' class='hr hr-invisible   avia-builder-el-8  el_after_av_social_share  el_before_av_comments_list '><span class='hr-inner ' ><span class='hr-inner-style'><\/span><\/span><\/div>\n<div  class='av-buildercomment  av-blog-meta-html-info-disabled av-blog-meta-tag-disabled  '><\/div>\n","protected":false},"excerpt":{"rendered":"","protected":false},"author":1,"featured_media":35859,"comment_status":"open","ping_status":"open","sticky":false,"template":"","format":"standard","meta":{"footnotes":""},"categories":[40],"tags":[],"class_list":["post-35858","post","type-post","status-publish","format-standard","has-post-thumbnail","hentry","category-deportes"],"jetpack_featured_media_url":"https:\/\/radiorevelacionfm.cl\/wp-content\/uploads\/2023\/10\/antorcha-2_optimized.jpeg","_links":{"self":[{"href":"https:\/\/radiorevelacionfm.cl\/index.php?rest_route=\/wp\/v2\/posts\/35858","targetHints":{"allow":["GET"]}}],"collection":[{"href":"https:\/\/radiorevelacionfm.cl\/index.php?rest_route=\/wp\/v2\/posts"}],"about":[{"href":"https:\/\/radiorevelacionfm.cl\/index.php?rest_route=\/wp\/v2\/types\/post"}],"author":[{"embeddable":true,"href":"https:\/\/radiorevelacionfm.cl\/index.php?rest_route=\/wp\/v2\/users\/1"}],"replies":[{"embeddable":true,"href":"https:\/\/radiorevelacionfm.cl\/index.php?rest_route=%2Fwp%2Fv2%2Fcomments&post=35858"}],"version-history":[{"count":1,"href":"https:\/\/radiorevelacionfm.cl\/index.php?rest_route=\/wp\/v2\/posts\/35858\/revisions"}],"predecessor-version":[{"id":35860,"href":"https:\/\/radiorevelacionfm.cl\/index.php?rest_route=\/wp\/v2\/posts\/35858\/revisions\/35860"}],"wp:featuredmedia":[{"embeddable":true,"href":"https:\/\/radiorevelacionfm.cl\/index.php?rest_route=\/wp\/v2\/media\/35859"}],"wp:attachment":[{"href":"https:\/\/radiorevelacionfm.cl\/index.php?rest_route=%2Fwp%2Fv2%2Fmedia&parent=35858"}],"wp:term":[{"taxonomy":"category","embeddable":true,"href":"https:\/\/radiorevelacionfm.cl\/index.php?rest_route=%2Fwp%2Fv2%2Fcategories&post=35858"},{"taxonomy":"post_tag","embeddable":true,"href":"https:\/\/radiorevelacionfm.cl\/index.php?rest_route=%2Fwp%2Fv2%2Ftags&post=35858"}],"curies":[{"name":"wp","href":"https:\/\/api.w.org\/{rel}","templated":true}]}}