{"id":35855,"date":"2023-10-13T15:20:33","date_gmt":"2023-10-13T18:20:33","guid":{"rendered":"https:\/\/radiorevelacionfm.cl\/?p=35855"},"modified":"2023-10-13T15:20:33","modified_gmt":"2023-10-13T18:20:33","slug":"infobus-ciudadano-de-la-dos-realizara-recorrido-por-tres-comunas-coyhaique-cisnes-y-cochrane","status":"publish","type":"post","link":"https:\/\/radiorevelacionfm.cl\/?p=35855","title":{"rendered":"InfoBus Ciudadano de la DOS realizar\u00e1 recorrido por tres comunas: Coyhaique, Cisnes y Cochrane"},"content":{"rendered":"<div class=\"flex_column av_one_full  flex_column_div av-zero-column-padding first  avia-builder-el-0  el_before_av_one_full  avia-builder-el-first  \" style='border-radius:0px; '><div  class='avia-image-container  av-styling-    avia-builder-el-1  avia-builder-el-no-sibling  avia-align-center '  itemprop=\"image\" itemscope=\"itemscope\" itemtype=\"https:\/\/schema.org\/ImageObject\"  ><div class='avia-image-container-inner'><div class='avia-image-overlay-wrap'><img decoding=\"async\" class='wp-image-35856 avia-img-lazy-loading-not-35856 avia_image' src=\"https:\/\/radiorevelacionfm.cl\/wp-content\/uploads\/2023\/10\/infobus-2_optimized-2.jpg\" alt='' title='infobus-2_optimized-2' height=\"600\" width=\"900\"  itemprop=\"thumbnailUrl\" srcset=\"https:\/\/radiorevelacionfm.cl\/wp-content\/uploads\/2023\/10\/infobus-2_optimized-2.jpg 900w, https:\/\/radiorevelacionfm.cl\/wp-content\/uploads\/2023\/10\/infobus-2_optimized-2-300x200.jpg 300w, https:\/\/radiorevelacionfm.cl\/wp-content\/uploads\/2023\/10\/infobus-2_optimized-2-768x512.jpg 768w, https:\/\/radiorevelacionfm.cl\/wp-content\/uploads\/2023\/10\/infobus-2_optimized-2-705x470.jpg 705w, https:\/\/radiorevelacionfm.cl\/wp-content\/uploads\/2023\/10\/infobus-2_optimized-2-450x300.jpg 450w, https:\/\/radiorevelacionfm.cl\/wp-content\/uploads\/2023\/10\/infobus-2_optimized-2-600x400.jpg 600w\" sizes=\"(max-width: 900px) 100vw, 900px\" \/><\/div><\/div><\/div><\/div><div class=\"flex_column av_one_full  flex_column_div av-zero-column-padding first  avia-builder-el-2  el_after_av_one_full  el_before_av_one_full  column-top-margin\" style='border-radius:0px; '><section class=\"av_textblock_section \"  itemscope=\"itemscope\" itemtype=\"https:\/\/schema.org\/BlogPosting\" itemprop=\"blogPost\" ><div class='avia_textblock  '   itemprop=\"text\" ><div style=\"text-align: center;\"><span style=\"font-size: 18pt;\"><b>InfoBus Ciudadano de la DOS realizar\u00e1 recorrido por tres comunas: Coyhaique, Cisnes y Cochrane<\/b><\/span><\/div>\n<div id=\"gtx-trans\" style=\"position: absolute; left: -50px; top: 4.31534px;\">\n<div class=\"gtx-trans-icon\"><\/div>\n<\/div>\n<\/div><\/section><\/div><div class=\"flex_column av_one_full  flex_column_div av-zero-column-padding first  avia-builder-el-4  el_after_av_one_full  el_before_av_hr  column-top-margin\" style='border-radius:0px; '><section class=\"av_textblock_section \"  itemscope=\"itemscope\" itemtype=\"https:\/\/schema.org\/BlogPosting\" itemprop=\"blogPost\" ><div class='avia_textblock  '   itemprop=\"text\" ><p style=\"text-align: justify;\"><em>Clave \u00danica, apoyo en consulta de beneficios sociales y asesor\u00eda para actualizar el Registro Social de Hogares, son algunos de los servicios que se entregar\u00e1n en la regi\u00f3n de Ays\u00e9n.<\/em><\/p>\n<p style=\"text-align: justify;\">Desde el 16 al 19 de octubre, el InfoBus Ciudadano recorrer\u00e1 la regi\u00f3n de Ays\u00e9n para entregar ayuda a las vecinas y vecinos que necesiten informaci\u00f3n de los beneficios que entrega el Gobierno. Este servicio de la Divisi\u00f3n de Organizaciones Sociales (DOS), dependiente del Ministerio Secretar\u00eda General de Gobierno, pasar\u00e1 por Coyhaique, La Junta, Puyuhuapi y Cochrane.<\/p>\n<p style=\"text-align: justify;\">El InfoBus es un veh\u00edculo que entrega informaci\u00f3n relevante de los programas de Gobierno y uno de los principales impulsores de la transferencia de informaci\u00f3n y de atenci\u00f3n, por parte del Estado hacia las y los ciudadanos.<\/p>\n<p style=\"text-align: justify;\">\u201cEl InfoBus Ciudadano es uno de los servicios m\u00e1s importantes de nuestra Divisi\u00f3n de Organizaciones Sociales (DOS), que depende de nuestro ministerio, y durante la pr\u00f3xima semana recorrer\u00e1 tres comunas de nuestra regi\u00f3n y varias localidades, llevando informaci\u00f3n y prestando servicios y asesor\u00eda a los vecinos y vecinas que se acerquen para ser atendidos. Estamos muy contentos de recibir y acompa\u00f1ar al Infobus en este recorrido por nuestra regi\u00f3n, ya que sabemos que los habitantes de las comunas y localidades m\u00e1s alejadas de la capital regional, esperan estos servicios y poder hacer diversas consultas acerca de tr\u00e1mites, sin tener que salir de sus localidades\u201d, inform\u00f3 la Seremi de Gobierno, Tatiana Pl\u00e1.<\/p>\n<p style=\"text-align: justify;\">A continuaci\u00f3n, les contamos las actividades que se realizar\u00e1n durante la\u00a0 segunda semana de octubre: el pr\u00f3ximo lunes 16 llega el Infobus a nuestra regi\u00f3n y se realizar\u00e1 una Escuela de Formaci\u00f3n Social, donde se llevar\u00e1 a cabo el m\u00f3dulo \u201cHerramientas de Liderazgo Comunitario\u201d, a las 18:30 horas, en el Liceo de La Junta, ubicado en calle Camilo Henr\u00edquez s\/n, actividad a la que toda la comunidad de La Junta y alrededores, est\u00e1 invitada.<\/p>\n<p style=\"text-align: justify;\">El martes 17, desde las 10:00 y hasta las 12:00 horas, en la sede comunitaria de la Junta (frente a la Delegaci\u00f3n Municipal), el InfoBus estar\u00e1 atendiendo a la comunidad. Este veh\u00edculo estar\u00e1 entregando informaci\u00f3n relevante de los programas de Gobierno, acompa\u00f1ado por una Feria de Servicios P\u00fablicos, dentro de los que se encuentran: Servicio Nacional de la Discapacidad, Corporaci\u00f3n Nacional de Desarrollo Ind\u00edgena, Servicio Nacional del Adulto Mayor, Registro Civil, Servicio de Salud, Justicia y Municipalidad de Cisnes, donde las personas podr\u00e1n realizar consultas acerca de diversos tr\u00e1mites como clave \u00fanica, documentos de identidad, entre otros.<\/p>\n<p style=\"text-align: justify;\">El mismo martes 17, desde las 14.30 hasta las 17 horas, el InfoBus tambi\u00e9n estar\u00e1 en la Delegaci\u00f3n Municipal de Puyuhuapi, ubicada en calle Otto Uebel s\/n, donde se pondr\u00e1 en marcha una Feria de Servicios, donde estar\u00e1n presentes la Corporaci\u00f3n Nacional de Desarrollo Ind\u00edgena, Servicio Nacional del Adulto Mayor, Registro Civil, Servicio de Salud, Justicia y Municipalidad de Cisnes, oportunidad en que los vecinos y vecinas podr\u00e1n realizar consultas acerca de diversas gestiones.<\/p>\n<p style=\"text-align: justify;\">El mi\u00e9rcoles 18, a las 18:00 horas, el equipo de la Divisi\u00f3n de Organizaciones Sociales (DOS) se traslada a Cochrane, donde realizar\u00e1 una Escuela de Formaci\u00f3n Social llamada: \u201cFormulaci\u00f3n, Rendici\u00f3n y Evaluaci\u00f3n de Proyectos\u201d, en la sala de reuniones de la Delegaci\u00f3n Presidencial Provincial de Capit\u00e1n Prat, ubicada en calle Esmeralda N\u00b0 199.<\/p>\n<p style=\"text-align: justify;\">El jueves 19, el InfoBus realizar\u00e1 atenciones en Cochrane, junto a una Feria de Servicios, donde estar\u00e1n presentes Bienes Nacionales, Registro Civil, Servicio Nacional de Discapacidad, Corporaci\u00f3n Nacional de Desarrollo Ind\u00edgena, Servicio Nacional del Adulto Mayor y Municipalidad de Cochrane, instancia en la cual los usuarios y usuarias podr\u00e1n realizar consultas acerca de diversos tr\u00e1mites y servicios.<\/p>\n<p style=\"text-align: justify;\">La invitaci\u00f3n de la Divisi\u00f3n de Organizaciones Sociales (DOS) del Gobierno del Presidente Gabriel Boric, es que las y los habitantes de las comunas y localidades que recorrer\u00e1 el Infobus participen y acudan a realizar sus consultas. Tanto \u00e9ste, como los servicios que participar\u00e1n en la Feria, estar\u00e1n dispuestos para contestar las dudas de la comunidad y realizar todo tipo de tr\u00e1mites.<\/p>\n<\/div><\/section><\/div><div  style='height:50px' class='hr hr-invisible   avia-builder-el-6  el_after_av_one_full  el_before_av_social_share '><span class='hr-inner ' ><span class='hr-inner-style'><\/span><\/span><\/div><\/p>\n<div  class='av-social-sharing-box  avia-builder-el-7  el_after_av_hr  el_before_av_hr  '><div class='av-share-box'><h5 class='av-share-link-description av-no-toc '>Compartir esta noticia<\/h5><ul class='av-share-box-list noLightbox'><li class='av-share-link av-social-link-facebook' ><a target=\"_blank\" aria-label=\"Compartir en Facebook\" href='https:\/\/www.facebook.com\/sharer.php?u=https:\/\/radiorevelacionfm.cl\/?p=35855&#038;t=InfoBus%20Ciudadano%20de%20la%20DOS%20realizar%C3%A1%20recorrido%20por%20tres%20comunas%3A%20Coyhaique%2C%20Cisnes%20y%20Cochrane' aria-hidden='false' data-av_icon='\ue8f3' data-av_iconfont='entypo-fontello' title='' data-avia-related-tooltip='Compartir en Facebook' rel=\"noopener\"><span class='avia_hidden_link_text'>Compartir en Facebook<\/span><\/a><\/li><li class='av-share-link av-social-link-twitter' ><a target=\"_blank\" aria-label=\"Compartir en Twitter\" href='https:\/\/twitter.com\/share?text=InfoBus%20Ciudadano%20de%20la%20DOS%20realizar%C3%A1%20recorrido%20por%20tres%20comunas%3A%20Coyhaique%2C%20Cisnes%20y%20Cochrane&#038;url=https:\/\/radiorevelacionfm.cl\/?p=35855' aria-hidden='false' data-av_icon='\ue8f1' data-av_iconfont='entypo-fontello' title='' data-avia-related-tooltip='Compartir en Twitter' rel=\"noopener\"><span class='avia_hidden_link_text'>Compartir en Twitter<\/span><\/a><\/li><li class='av-share-link av-social-link-whatsapp' ><a target=\"_blank\" aria-label=\"Compartir en Whatsapp\" href='https:\/\/api.whatsapp.com\/send?text=https:\/\/radiorevelacionfm.cl\/?p=35855' aria-hidden='false' data-av_icon='\uf232' data-av_iconfont='entypo-fontello' title='' data-avia-related-tooltip='Compartir en Whatsapp' rel=\"noopener\"><span class='avia_hidden_link_text'>Compartir en Whatsapp<\/span><\/a><\/li><li class='av-share-link av-social-link-linkedin' ><a target=\"_blank\" aria-label=\"Compartir en LinkedIn\" href='https:\/\/linkedin.com\/shareArticle?mini=true&#038;title=InfoBus%20Ciudadano%20de%20la%20DOS%20realizar%C3%A1%20recorrido%20por%20tres%20comunas%3A%20Coyhaique%2C%20Cisnes%20y%20Cochrane&#038;url=https:\/\/radiorevelacionfm.cl\/?p=35855' aria-hidden='false' data-av_icon='\ue8fc' data-av_iconfont='entypo-fontello' title='' data-avia-related-tooltip='Compartir en LinkedIn' rel=\"noopener\"><span class='avia_hidden_link_text'>Compartir en LinkedIn<\/span><\/a><\/li><li class='av-share-link av-social-link-mail' ><a  aria-label=\"Compartir por correo\" href='mailto:?subject=InfoBus%20Ciudadano%20de%20la%20DOS%20realizar%C3%A1%20recorrido%20por%20tres%20comunas%3A%20Coyhaique%2C%20Cisnes%20y%20Cochrane&#038;body=https:\/\/radiorevelacionfm.cl\/?p=35855' aria-hidden='false' data-av_icon='\ue805' data-av_iconfont='entypo-fontello' title='' data-avia-related-tooltip='Compartir por correo'><span class='avia_hidden_link_text'>Compartir por correo<\/span><\/a><\/li><\/ul><\/div><\/div>\n<div  style='height:50px' class='hr hr-invisible   avia-builder-el-8  el_after_av_social_share  el_before_av_comments_list '><span class='hr-inner ' ><span class='hr-inner-style'><\/span><\/span><\/div>\n<div  class='av-buildercomment  av-blog-meta-html-info-disabled av-blog-meta-tag-disabled  '><\/div>\n","protected":false},"excerpt":{"rendered":"","protected":false},"author":1,"featured_media":35856,"comment_status":"open","ping_status":"open","sticky":false,"template":"","format":"standard","meta":{"footnotes":""},"categories":[38],"tags":[],"class_list":["post-35855","post","type-post","status-publish","format-standard","has-post-thumbnail","hentry","category-regional"],"jetpack_featured_media_url":"https:\/\/radiorevelacionfm.cl\/wp-content\/uploads\/2023\/10\/infobus-2_optimized-2.jpg","_links":{"self":[{"href":"https:\/\/radiorevelacionfm.cl\/index.php?rest_route=\/wp\/v2\/posts\/35855","targetHints":{"allow":["GET"]}}],"collection":[{"href":"https:\/\/radiorevelacionfm.cl\/index.php?rest_route=\/wp\/v2\/posts"}],"about":[{"href":"https:\/\/radiorevelacionfm.cl\/index.php?rest_route=\/wp\/v2\/types\/post"}],"author":[{"embeddable":true,"href":"https:\/\/radiorevelacionfm.cl\/index.php?rest_route=\/wp\/v2\/users\/1"}],"replies":[{"embeddable":true,"href":"https:\/\/radiorevelacionfm.cl\/index.php?rest_route=%2Fwp%2Fv2%2Fcomments&post=35855"}],"version-history":[{"count":1,"href":"https:\/\/radiorevelacionfm.cl\/index.php?rest_route=\/wp\/v2\/posts\/35855\/revisions"}],"predecessor-version":[{"id":35857,"href":"https:\/\/radiorevelacionfm.cl\/index.php?rest_route=\/wp\/v2\/posts\/35855\/revisions\/35857"}],"wp:featuredmedia":[{"embeddable":true,"href":"https:\/\/radiorevelacionfm.cl\/index.php?rest_route=\/wp\/v2\/media\/35856"}],"wp:attachment":[{"href":"https:\/\/radiorevelacionfm.cl\/index.php?rest_route=%2Fwp%2Fv2%2Fmedia&parent=35855"}],"wp:term":[{"taxonomy":"category","embeddable":true,"href":"https:\/\/radiorevelacionfm.cl\/index.php?rest_route=%2Fwp%2Fv2%2Fcategories&post=35855"},{"taxonomy":"post_tag","embeddable":true,"href":"https:\/\/radiorevelacionfm.cl\/index.php?rest_route=%2Fwp%2Fv2%2Ftags&post=35855"}],"curies":[{"name":"wp","href":"https:\/\/api.w.org\/{rel}","templated":true}]}}