{"id":35849,"date":"2023-10-13T12:44:39","date_gmt":"2023-10-13T15:44:39","guid":{"rendered":"https:\/\/radiorevelacionfm.cl\/?p=35849"},"modified":"2023-10-13T12:44:39","modified_gmt":"2023-10-13T15:44:39","slug":"gobernadora-y-carabineros-abordan-desafios-en-conjunto-en-materia-de-seguridad","status":"publish","type":"post","link":"https:\/\/radiorevelacionfm.cl\/?p=35849","title":{"rendered":"Gobernadora y Carabineros abordan desaf\u00edos en conjunto en materia de seguridad"},"content":{"rendered":"<div class=\"flex_column av_one_full  flex_column_div av-zero-column-padding first  avia-builder-el-0  el_before_av_one_full  avia-builder-el-first  \" style='border-radius:0px; '><div  class='avia-image-container  av-styling-    avia-builder-el-1  avia-builder-el-no-sibling  avia-align-center '  itemprop=\"image\" itemscope=\"itemscope\" itemtype=\"https:\/\/schema.org\/ImageObject\"  ><div class='avia-image-container-inner'><div class='avia-image-overlay-wrap'><img decoding=\"async\" class='wp-image-35850 avia-img-lazy-loading-not-35850 avia_image' src=\"https:\/\/radiorevelacionfm.cl\/wp-content\/uploads\/2023\/10\/Gobernadora-y-Carabineros-2-2.jpeg\" alt='' title='Gobernadora y Carabineros-2-2' height=\"600\" width=\"1067\"  itemprop=\"thumbnailUrl\" srcset=\"https:\/\/radiorevelacionfm.cl\/wp-content\/uploads\/2023\/10\/Gobernadora-y-Carabineros-2-2.jpeg 1067w, https:\/\/radiorevelacionfm.cl\/wp-content\/uploads\/2023\/10\/Gobernadora-y-Carabineros-2-2-300x169.jpeg 300w, https:\/\/radiorevelacionfm.cl\/wp-content\/uploads\/2023\/10\/Gobernadora-y-Carabineros-2-2-1030x579.jpeg 1030w, https:\/\/radiorevelacionfm.cl\/wp-content\/uploads\/2023\/10\/Gobernadora-y-Carabineros-2-2-768x432.jpeg 768w, https:\/\/radiorevelacionfm.cl\/wp-content\/uploads\/2023\/10\/Gobernadora-y-Carabineros-2-2-705x396.jpeg 705w, https:\/\/radiorevelacionfm.cl\/wp-content\/uploads\/2023\/10\/Gobernadora-y-Carabineros-2-2-450x253.jpeg 450w, https:\/\/radiorevelacionfm.cl\/wp-content\/uploads\/2023\/10\/Gobernadora-y-Carabineros-2-2-600x337.jpeg 600w\" sizes=\"(max-width: 1067px) 100vw, 1067px\" \/><\/div><\/div><\/div><\/div><div class=\"flex_column av_one_full  flex_column_div av-zero-column-padding first  avia-builder-el-2  el_after_av_one_full  el_before_av_one_full  column-top-margin\" style='border-radius:0px; '><section class=\"av_textblock_section \"  itemscope=\"itemscope\" itemtype=\"https:\/\/schema.org\/BlogPosting\" itemprop=\"blogPost\" ><div class='avia_textblock  '   itemprop=\"text\" ><p style=\"text-align: center;\"><strong><span style=\"font-size: 18pt;\">Gobernadora y Carabineros abordan desaf\u00edos en conjunto en materia de seguridad<\/span><\/strong><\/p>\n<div id=\"gtx-trans\" style=\"position: absolute; left: -50px; top: 4.31534px;\">\n<div class=\"gtx-trans-icon\"><\/div>\n<\/div>\n<\/div><\/section><\/div><div class=\"flex_column av_one_full  flex_column_div av-zero-column-padding first  avia-builder-el-4  el_after_av_one_full  el_before_av_hr  column-top-margin\" style='border-radius:0px; '><section class=\"av_textblock_section \"  itemscope=\"itemscope\" itemtype=\"https:\/\/schema.org\/BlogPosting\" itemprop=\"blogPost\" ><div class='avia_textblock  '   itemprop=\"text\" ><p dir=\"ltr\" style=\"text-align: justify;\">La Gobernadora Regional Andrea Mac\u00edas se reuni\u00f3 con el Jefe de la XI Zona de Carabineros, General Patricio Santos, con quien abordaron el trabajo de la instituci\u00f3n policial en el territorio, sus necesidades y los espacios de colaboraci\u00f3n que pueden existir entre el GORE y las fuerzas de orden.<\/p>\n<p dir=\"ltr\" style=\"text-align: justify;\">\u201cSabemos que la instituci\u00f3n tiene grandes desaf\u00edos en la regi\u00f3n. Sabemos que tenemos problemas de conectividad, de infraestructura y que adem\u00e1s para poder entregar mayor seguridad a la comunidad, Carabineros debe contar con el equipamiento necesario. Seguimos trabajando en aquello\u201d, afirm\u00f3 la gobernadora Mac\u00edas.<\/p>\n<p dir=\"ltr\" style=\"text-align: justify;\">La primera autoridad regional remarc\u00f3 que junto con conocer el avance de los proyectos y adquisiciones financiadas con recursos del Gobierno Regional y su consejo, conoci\u00f3 con satisfacci\u00f3n \u201cdatos que muestran la efectividad del trabajo policial que se est\u00e1 realizando en la Regi\u00f3n de Ays\u00e9n, a pesar de todas las dificultades que tiene la instituci\u00f3n para poder llevar adelante el trabajo en materia de seguridad\u201d.<\/p>\n<p dir=\"ltr\" style=\"text-align: justify;\">El General Santos detall\u00f3, en esa l\u00ednea, que durante este a\u00f1o \u201cCarabineros ha detenido cerca de 3.700\u00a0 personas, decomisado 14 kilogramos de droga en la regi\u00f3n, desarticulado 56 bandas delictuales (\u2026) adem\u00e1s hemos informado a los municipios la participaci\u00f3n de 250 menores en actividades vinculadas con delitos\u201d.<\/p>\n<p dir=\"ltr\" style=\"text-align: justify;\">Por otra parte, la autoridad policial record\u00f3 que a fines del a\u00f1o pasado, el Gobierno Regional de Ays\u00e9n transfiri\u00f3 a Carabineros de Chile 3.300 millones de pesos los que ya est\u00e1n siendo licitados para la adquisici\u00f3n de 35 veh\u00edculos, dos lanchas y un sistema cromat\u00f3grafo para el estudio de evidencias forenses.<\/p>\n<p dir=\"ltr\" style=\"text-align: justify;\">Junto a esto, el Jefe de la XI Zona de Carabineros asegur\u00f3 que plante\u00f3 a la Gobernadora una serie de peticiones para trabajar en el corto, mediano y largo plazo, como la adquisici\u00f3n de c\u00e1maras corporales para los efectivos policiales, mejorar la infraestructura de cuarteles, la habitabilidad de las familias de los carabineros y, a largo aliento, ver la posibilidad de crear escuelas de formaci\u00f3n para Carabineros en nuestra regi\u00f3n.<\/p>\n<\/div><\/section><\/div><div  style='height:50px' class='hr hr-invisible   avia-builder-el-6  el_after_av_one_full  el_before_av_social_share '><span class='hr-inner ' ><span class='hr-inner-style'><\/span><\/span><\/div><\/p>\n<div  class='av-social-sharing-box  avia-builder-el-7  el_after_av_hr  el_before_av_hr  '><div class='av-share-box'><h5 class='av-share-link-description av-no-toc '>Compartir esta noticia<\/h5><ul class='av-share-box-list noLightbox'><li class='av-share-link av-social-link-facebook' ><a target=\"_blank\" aria-label=\"Compartir en Facebook\" href='https:\/\/www.facebook.com\/sharer.php?u=https:\/\/radiorevelacionfm.cl\/?p=35849&#038;t=Gobernadora%20y%20Carabineros%20abordan%20desaf%C3%ADos%20en%20conjunto%20en%20materia%20de%20seguridad' aria-hidden='false' data-av_icon='\ue8f3' data-av_iconfont='entypo-fontello' title='' data-avia-related-tooltip='Compartir en Facebook' rel=\"noopener\"><span class='avia_hidden_link_text'>Compartir en Facebook<\/span><\/a><\/li><li class='av-share-link av-social-link-twitter' ><a target=\"_blank\" aria-label=\"Compartir en Twitter\" href='https:\/\/twitter.com\/share?text=Gobernadora%20y%20Carabineros%20abordan%20desaf%C3%ADos%20en%20conjunto%20en%20materia%20de%20seguridad&#038;url=https:\/\/radiorevelacionfm.cl\/?p=35849' aria-hidden='false' data-av_icon='\ue8f1' data-av_iconfont='entypo-fontello' title='' data-avia-related-tooltip='Compartir en Twitter' rel=\"noopener\"><span class='avia_hidden_link_text'>Compartir en Twitter<\/span><\/a><\/li><li class='av-share-link av-social-link-whatsapp' ><a target=\"_blank\" aria-label=\"Compartir en Whatsapp\" href='https:\/\/api.whatsapp.com\/send?text=https:\/\/radiorevelacionfm.cl\/?p=35849' aria-hidden='false' data-av_icon='\uf232' data-av_iconfont='entypo-fontello' title='' data-avia-related-tooltip='Compartir en Whatsapp' rel=\"noopener\"><span class='avia_hidden_link_text'>Compartir en Whatsapp<\/span><\/a><\/li><li class='av-share-link av-social-link-linkedin' ><a target=\"_blank\" aria-label=\"Compartir en LinkedIn\" href='https:\/\/linkedin.com\/shareArticle?mini=true&#038;title=Gobernadora%20y%20Carabineros%20abordan%20desaf%C3%ADos%20en%20conjunto%20en%20materia%20de%20seguridad&#038;url=https:\/\/radiorevelacionfm.cl\/?p=35849' aria-hidden='false' data-av_icon='\ue8fc' data-av_iconfont='entypo-fontello' title='' data-avia-related-tooltip='Compartir en LinkedIn' rel=\"noopener\"><span class='avia_hidden_link_text'>Compartir en LinkedIn<\/span><\/a><\/li><li class='av-share-link av-social-link-mail' ><a  aria-label=\"Compartir por correo\" href='mailto:?subject=Gobernadora%20y%20Carabineros%20abordan%20desaf%C3%ADos%20en%20conjunto%20en%20materia%20de%20seguridad&#038;body=https:\/\/radiorevelacionfm.cl\/?p=35849' aria-hidden='false' data-av_icon='\ue805' data-av_iconfont='entypo-fontello' title='' data-avia-related-tooltip='Compartir por correo'><span class='avia_hidden_link_text'>Compartir por correo<\/span><\/a><\/li><\/ul><\/div><\/div>\n<div  style='height:50px' class='hr hr-invisible   avia-builder-el-8  el_after_av_social_share  el_before_av_comments_list '><span class='hr-inner ' ><span class='hr-inner-style'><\/span><\/span><\/div>\n<div  class='av-buildercomment  av-blog-meta-html-info-disabled av-blog-meta-tag-disabled  '><\/div>\n","protected":false},"excerpt":{"rendered":"","protected":false},"author":1,"featured_media":35850,"comment_status":"open","ping_status":"open","sticky":false,"template":"","format":"standard","meta":{"footnotes":""},"categories":[38],"tags":[],"class_list":["post-35849","post","type-post","status-publish","format-standard","has-post-thumbnail","hentry","category-regional"],"jetpack_featured_media_url":"https:\/\/radiorevelacionfm.cl\/wp-content\/uploads\/2023\/10\/Gobernadora-y-Carabineros-2-2.jpeg","_links":{"self":[{"href":"https:\/\/radiorevelacionfm.cl\/index.php?rest_route=\/wp\/v2\/posts\/35849","targetHints":{"allow":["GET"]}}],"collection":[{"href":"https:\/\/radiorevelacionfm.cl\/index.php?rest_route=\/wp\/v2\/posts"}],"about":[{"href":"https:\/\/radiorevelacionfm.cl\/index.php?rest_route=\/wp\/v2\/types\/post"}],"author":[{"embeddable":true,"href":"https:\/\/radiorevelacionfm.cl\/index.php?rest_route=\/wp\/v2\/users\/1"}],"replies":[{"embeddable":true,"href":"https:\/\/radiorevelacionfm.cl\/index.php?rest_route=%2Fwp%2Fv2%2Fcomments&post=35849"}],"version-history":[{"count":1,"href":"https:\/\/radiorevelacionfm.cl\/index.php?rest_route=\/wp\/v2\/posts\/35849\/revisions"}],"predecessor-version":[{"id":35851,"href":"https:\/\/radiorevelacionfm.cl\/index.php?rest_route=\/wp\/v2\/posts\/35849\/revisions\/35851"}],"wp:featuredmedia":[{"embeddable":true,"href":"https:\/\/radiorevelacionfm.cl\/index.php?rest_route=\/wp\/v2\/media\/35850"}],"wp:attachment":[{"href":"https:\/\/radiorevelacionfm.cl\/index.php?rest_route=%2Fwp%2Fv2%2Fmedia&parent=35849"}],"wp:term":[{"taxonomy":"category","embeddable":true,"href":"https:\/\/radiorevelacionfm.cl\/index.php?rest_route=%2Fwp%2Fv2%2Fcategories&post=35849"},{"taxonomy":"post_tag","embeddable":true,"href":"https:\/\/radiorevelacionfm.cl\/index.php?rest_route=%2Fwp%2Fv2%2Ftags&post=35849"}],"curies":[{"name":"wp","href":"https:\/\/api.w.org\/{rel}","templated":true}]}}