{"id":35846,"date":"2023-10-13T11:35:10","date_gmt":"2023-10-13T14:35:10","guid":{"rendered":"https:\/\/radiorevelacionfm.cl\/?p=35846"},"modified":"2023-10-13T11:36:03","modified_gmt":"2023-10-13T14:36:03","slug":"nuevos-establecimientos-educacionales-de-la-region-se-unen-al-programa-a-convivir-se-aprende-impulsado-por-el-ministerio-de-educacion","status":"publish","type":"post","link":"https:\/\/radiorevelacionfm.cl\/?p=35846","title":{"rendered":"Nuevos establecimientos educacionales de la regi\u00f3n se unen al Programa \u201cA convivir se aprende\u201d"},"content":{"rendered":"<div class=\"flex_column av_one_full  flex_column_div av-zero-column-padding first  avia-builder-el-0  el_before_av_one_full  avia-builder-el-first  \" style='border-radius:0px; '><div  class='avia-image-container  av-styling-    avia-builder-el-1  avia-builder-el-no-sibling  avia-align-center '  itemprop=\"image\" itemscope=\"itemscope\" itemtype=\"https:\/\/schema.org\/ImageObject\"  ><div class='avia-image-container-inner'><div class='avia-image-overlay-wrap'><img decoding=\"async\" class='wp-image-35847 avia-img-lazy-loading-not-35847 avia_image' src=\"https:\/\/radiorevelacionfm.cl\/wp-content\/uploads\/2023\/10\/Liceo-La-Junta-2-2.jpg\" alt='' title='Liceo-La-Junta-2-2' height=\"600\" width=\"800\"  itemprop=\"thumbnailUrl\" srcset=\"https:\/\/radiorevelacionfm.cl\/wp-content\/uploads\/2023\/10\/Liceo-La-Junta-2-2.jpg 800w, https:\/\/radiorevelacionfm.cl\/wp-content\/uploads\/2023\/10\/Liceo-La-Junta-2-2-300x225.jpg 300w, https:\/\/radiorevelacionfm.cl\/wp-content\/uploads\/2023\/10\/Liceo-La-Junta-2-2-768x576.jpg 768w, https:\/\/radiorevelacionfm.cl\/wp-content\/uploads\/2023\/10\/Liceo-La-Junta-2-2-705x529.jpg 705w, https:\/\/radiorevelacionfm.cl\/wp-content\/uploads\/2023\/10\/Liceo-La-Junta-2-2-450x338.jpg 450w, https:\/\/radiorevelacionfm.cl\/wp-content\/uploads\/2023\/10\/Liceo-La-Junta-2-2-600x450.jpg 600w\" sizes=\"(max-width: 800px) 100vw, 800px\" \/><\/div><\/div><\/div><\/div><div class=\"flex_column av_one_full  flex_column_div av-zero-column-padding first  avia-builder-el-2  el_after_av_one_full  el_before_av_one_full  column-top-margin\" style='border-radius:0px; '><section class=\"av_textblock_section \"  itemscope=\"itemscope\" itemtype=\"https:\/\/schema.org\/BlogPosting\" itemprop=\"blogPost\" ><div class='avia_textblock  '   itemprop=\"text\" ><p align=\"center\"><span style=\"font-size: 18pt;\"><b>Nuevos establecimientos educacionales de la regi\u00f3n se unen al Programa \u201cA convivir se aprende\u201d<\/b><\/span><\/p>\n<div id=\"gtx-trans\" style=\"position: absolute; left: -50px; top: 4.31534px;\">\n<div class=\"gtx-trans-icon\"><\/div>\n<\/div>\n<\/div><\/section><\/div><div class=\"flex_column av_one_full  flex_column_div av-zero-column-padding first  avia-builder-el-4  el_after_av_one_full  el_before_av_hr  column-top-margin\" style='border-radius:0px; '><section class=\"av_textblock_section \"  itemscope=\"itemscope\" itemtype=\"https:\/\/schema.org\/BlogPosting\" itemprop=\"blogPost\" ><div class='avia_textblock  '   itemprop=\"text\" ><p style=\"text-align: justify;\">El programa es parte del Plan de Reactivaci\u00f3n Educativa impulsado por el Gobierno de Chile, ejecutado por la Universidad de Magallanes en alianza con la Universidad de Ays\u00e9n, que busca enfrentar y prevenir la violencia escolar, adem\u00e1s de promover la convivencia y el bienestar socioemocional de las unidades educativas pos Pandemia.<i><\/i><\/p>\n<p style=\"text-align: justify;\">Como \u201cEl pueblo del encuentro\u201d, es definida la localidad de La Junta, ubicada a 277 kil\u00f3metros de Coyhaique. En este lugar se emplaza el Liceo Eusebio Ibar Shepeler, una de las unidades educativas seleccionadas por el Ministerio de Educaci\u00f3n, para ser parte del programa <i>\u201cA convivir se aprende\u201d.<\/i><\/p>\n<p style=\"text-align: justify;\">Al igual que esta, ser\u00e1n otros 12 establecimientos educacionales de las comunas de: Coyhaique, Chile Chico, Cisnes y Ays\u00e9n, que ser\u00e1n parte de este programa, el cual se implementar\u00e1 este 2023 \u2013 2025, dejando de ser un Plan Piloto para formalizar su intervenci\u00f3n y compromiso con modelo educativo regional, promoviendo pr\u00e1cticas de sana convivencia.<\/p>\n<p style=\"text-align: justify;\">Romina Aranda, Coordinadora Regional del Programa \u201c<i>A convivir se aprende\u201d,<\/i> indic\u00f3 que el trabajo con las unidades educativas busca promover competencias y habilidades en los equipos de cada establecimiento, con el objetivo de prevenir la violencia y a su vez, promover el aprendizaje y la ense\u00f1anza convivencia escolar, de tal manera que el compromiso que deber\u00e1n asumir las escuelas y liceos seleccionados, equipos directivos, estudiantes y sus familias, ser\u00e1 de gran relevancia para el \u00e9xito de este \u2013 indic\u00f3, agregando qu\u00e9: <i>\u201cEl modelo aplicado para esta intervenci\u00f3n tiene un enfoque territorial y de Escuela Total, que involucra un acompa\u00f1amiento sostenido y continuo, adem\u00e1s de considerar aspectos claves como la inclusi\u00f3n, descentralizaci\u00f3n y reconocimiento de la diversidad\u201d<\/i><\/p>\n<p style=\"text-align: justify;\">Cabe destacar que el programa ya cuenta con las coordinadoras locales seleccionadas, quienes cumplir\u00e1n el rol de asistir y acompa\u00f1ar el proceso en cada una de las unidades educativas, bajo la figura de redes territoriales, quienes tendr\u00e1n la misi\u00f3n de articular, fortalecer las redes de colaboraci\u00f3n, promoci\u00f3n y acompa\u00f1amiento, a trav\u00e9s la elaboraci\u00f3n de diagn\u00f3sticos, y dise\u00f1o de estrategias de intervenci\u00f3n.<\/p>\n<p style=\"text-align: justify;\">Al respecto, la Seremi de Educaci\u00f3n de Ays\u00e9n Isabel Garrido se\u00f1al\u00f3 que \u201cEl hacernos cargo de los efectos de la pandemia\u00a0 en el sistema educativo es la prioridad que tiene el gobierno del Presidente Gabriel Boric en materia de Educaci\u00f3n. Por ello, apenas asumimos la administraci\u00f3n del pa\u00eds impulsamos el plan de Reactivaci\u00f3n Educativa que tiene entre sus ejes prioritarios la convivencia escolar. Para mejorar la convivencia escolar estamos desplegando acciones y programas, entre las cuales est\u00e1 el programa A Convivir se Aprende que inici\u00f3 en 60 comunas del pa\u00eds y que debido a su buena evaluaci\u00f3n en 2022 se ampli\u00f3 a cien comunas. En nuestra regi\u00f3n se est\u00e1 desarrollando en cuatro comunas, alcanzando una cobertura del 90 por ciento de estudiantes beneficiados\u201d.<\/p>\n<p style=\"text-align: justify;\">De esta manera, en cuanto a los establecimientos seleccionados para este per\u00edodo 2023 \u2013 2025, queda de la siguiente manera: En Coyhaique: Liceo T\u00e9cnico Profesional Profesor Ricardo Navarrete, CEIA Municipal, Liceo San Felipe Benicio y Escuela V\u00edctor Domingo Silva, siendo nombrada como coordinadora Pamela C\u00e1rdenas; En Chile Chico, los establecimientos seleccionados son: La Escuela B\u00e1sica de Chile Chico y el Liceo Bicentenario Luisa Rabal Palma; en la localidad de Puerto Guadal: La Escuela Libertador Bernardo O`Higgins, cuya coordinaci\u00f3n comunal estar\u00e1 a cargo de la se\u00f1orita Francisca Parra; En Puerto Cisnes, fue seleccionado el Liceo Arturo Prat Chac\u00f3n; En Puyuhuapi, la Escuela Hamburgo, y como Coordinadora Ruth Aravena; En La Junta: el Liceo Eusebio Ibar Schepeler; en Puerto Ays\u00e9n, la Escuela \u00abAYS\u00c9N\u00bb y\u00a0 el Liceo Polit\u00e9cnico A-1, y finalmente,\u00a0 en el Liceo Ma\u00f1ihuales, que dar\u00e1 paso a su continuidad en el programa, tras haber participado en la experiencia piloto, estar\u00e1 a cargo de la coordinaci\u00f3n de la se\u00f1ora Julia Cubillos.<\/p>\n<p style=\"text-align: justify;\"><i>\u201cComo Liceo de la localidad de La Junta hemos sido seleccionados para trabajar en este acompa\u00f1amiento del Programa \u201cA convivir se aprende\u201d,\u00a0 que es parte del Plan de Reactivaci\u00f3n Educativa. Estamos\u00a0 muy contentos por el apoyo que nos pueden prestar desde la Universidad de Ays\u00e9n y las expectativas que tenemos son fundamentales, porque sabemos que la Convivencia Escolar es parte del proceso educativo, la base para poder generar aprendizajes. Por lo tanto, la apertura desde nuestro establecimiento como unidad educativa est\u00e1 abierta a trabajar en conjunto para lograr una convivencia sana, adecuada, generar identidad y que seamos una escuela que se caracterice por fomentar buenas pr\u00e1cticas de convivencia escolar, lo que sabemos va a repercutir positivamente en los aprendizajes de nuestros estudiantes\u201d,<\/i> indic\u00f3 Jos\u00e9 Luis Soto Troncoso, director del Liceo Eusebio Ibar Schepeler.<\/p>\n<p style=\"text-align: justify;\">Finalmente, cabe destacar que el programa se implementa en las comunas que tienen mayores necesidades de apoyo para abordar la convivencia educativa, y trabaja a nivel de sostenedores y comunidades educativas, traspasando herramientas de formaci\u00f3n, dirigido a docentes, equipos de convivencia, profesionales de apoyo psicosocial o asistentes de la educaci\u00f3n, lo que se logra sin duda, bajo la base de la articulaci\u00f3n de redes de colaboraci\u00f3n entre el Estado, la Academia y las comunidades educativas en el territorio.<\/p>\n<\/div><\/section><\/div><div  style='height:50px' class='hr hr-invisible   avia-builder-el-6  el_after_av_one_full  el_before_av_social_share '><span class='hr-inner ' ><span class='hr-inner-style'><\/span><\/span><\/div><\/p>\n<div  class='av-social-sharing-box  avia-builder-el-7  el_after_av_hr  el_before_av_hr  '><div class='av-share-box'><h5 class='av-share-link-description av-no-toc '>Compartir esta noticia<\/h5><ul class='av-share-box-list noLightbox'><li class='av-share-link av-social-link-facebook' ><a target=\"_blank\" aria-label=\"Compartir en Facebook\" href='https:\/\/www.facebook.com\/sharer.php?u=https:\/\/radiorevelacionfm.cl\/?p=35846&#038;t=Nuevos%20establecimientos%20educacionales%20de%20la%20regi%C3%B3n%20se%20unen%20al%20Programa%20%E2%80%9CA%20convivir%20se%20aprende%E2%80%9D' aria-hidden='false' data-av_icon='\ue8f3' data-av_iconfont='entypo-fontello' title='' data-avia-related-tooltip='Compartir en Facebook' rel=\"noopener\"><span class='avia_hidden_link_text'>Compartir en Facebook<\/span><\/a><\/li><li class='av-share-link av-social-link-twitter' ><a target=\"_blank\" aria-label=\"Compartir en Twitter\" href='https:\/\/twitter.com\/share?text=Nuevos%20establecimientos%20educacionales%20de%20la%20regi%C3%B3n%20se%20unen%20al%20Programa%20%E2%80%9CA%20convivir%20se%20aprende%E2%80%9D&#038;url=https:\/\/radiorevelacionfm.cl\/?p=35846' aria-hidden='false' data-av_icon='\ue8f1' data-av_iconfont='entypo-fontello' title='' data-avia-related-tooltip='Compartir en Twitter' rel=\"noopener\"><span class='avia_hidden_link_text'>Compartir en Twitter<\/span><\/a><\/li><li class='av-share-link av-social-link-whatsapp' ><a target=\"_blank\" aria-label=\"Compartir en Whatsapp\" href='https:\/\/api.whatsapp.com\/send?text=https:\/\/radiorevelacionfm.cl\/?p=35846' aria-hidden='false' data-av_icon='\uf232' data-av_iconfont='entypo-fontello' title='' data-avia-related-tooltip='Compartir en Whatsapp' rel=\"noopener\"><span class='avia_hidden_link_text'>Compartir en Whatsapp<\/span><\/a><\/li><li class='av-share-link av-social-link-linkedin' ><a target=\"_blank\" aria-label=\"Compartir en LinkedIn\" href='https:\/\/linkedin.com\/shareArticle?mini=true&#038;title=Nuevos%20establecimientos%20educacionales%20de%20la%20regi%C3%B3n%20se%20unen%20al%20Programa%20%E2%80%9CA%20convivir%20se%20aprende%E2%80%9D&#038;url=https:\/\/radiorevelacionfm.cl\/?p=35846' aria-hidden='false' data-av_icon='\ue8fc' data-av_iconfont='entypo-fontello' title='' data-avia-related-tooltip='Compartir en LinkedIn' rel=\"noopener\"><span class='avia_hidden_link_text'>Compartir en LinkedIn<\/span><\/a><\/li><li class='av-share-link av-social-link-mail' ><a  aria-label=\"Compartir por correo\" href='mailto:?subject=Nuevos%20establecimientos%20educacionales%20de%20la%20regi%C3%B3n%20se%20unen%20al%20Programa%20%E2%80%9CA%20convivir%20se%20aprende%E2%80%9D&#038;body=https:\/\/radiorevelacionfm.cl\/?p=35846' aria-hidden='false' data-av_icon='\ue805' data-av_iconfont='entypo-fontello' title='' data-avia-related-tooltip='Compartir por correo'><span class='avia_hidden_link_text'>Compartir por correo<\/span><\/a><\/li><\/ul><\/div><\/div>\n<div  style='height:50px' class='hr hr-invisible   avia-builder-el-8  el_after_av_social_share  el_before_av_comments_list '><span class='hr-inner ' ><span class='hr-inner-style'><\/span><\/span><\/div>\n<div  class='av-buildercomment  av-blog-meta-html-info-disabled av-blog-meta-tag-disabled  '><\/div>\n","protected":false},"excerpt":{"rendered":"","protected":false},"author":1,"featured_media":35847,"comment_status":"open","ping_status":"open","sticky":false,"template":"","format":"standard","meta":{"footnotes":""},"categories":[49],"tags":[],"class_list":["post-35846","post","type-post","status-publish","format-standard","has-post-thumbnail","hentry","category-educacion"],"jetpack_featured_media_url":"https:\/\/radiorevelacionfm.cl\/wp-content\/uploads\/2023\/10\/Liceo-La-Junta-2-2.jpg","_links":{"self":[{"href":"https:\/\/radiorevelacionfm.cl\/index.php?rest_route=\/wp\/v2\/posts\/35846","targetHints":{"allow":["GET"]}}],"collection":[{"href":"https:\/\/radiorevelacionfm.cl\/index.php?rest_route=\/wp\/v2\/posts"}],"about":[{"href":"https:\/\/radiorevelacionfm.cl\/index.php?rest_route=\/wp\/v2\/types\/post"}],"author":[{"embeddable":true,"href":"https:\/\/radiorevelacionfm.cl\/index.php?rest_route=\/wp\/v2\/users\/1"}],"replies":[{"embeddable":true,"href":"https:\/\/radiorevelacionfm.cl\/index.php?rest_route=%2Fwp%2Fv2%2Fcomments&post=35846"}],"version-history":[{"count":2,"href":"https:\/\/radiorevelacionfm.cl\/index.php?rest_route=\/wp\/v2\/posts\/35846\/revisions"}],"predecessor-version":[{"id":35882,"href":"https:\/\/radiorevelacionfm.cl\/index.php?rest_route=\/wp\/v2\/posts\/35846\/revisions\/35882"}],"wp:featuredmedia":[{"embeddable":true,"href":"https:\/\/radiorevelacionfm.cl\/index.php?rest_route=\/wp\/v2\/media\/35847"}],"wp:attachment":[{"href":"https:\/\/radiorevelacionfm.cl\/index.php?rest_route=%2Fwp%2Fv2%2Fmedia&parent=35846"}],"wp:term":[{"taxonomy":"category","embeddable":true,"href":"https:\/\/radiorevelacionfm.cl\/index.php?rest_route=%2Fwp%2Fv2%2Fcategories&post=35846"},{"taxonomy":"post_tag","embeddable":true,"href":"https:\/\/radiorevelacionfm.cl\/index.php?rest_route=%2Fwp%2Fv2%2Ftags&post=35846"}],"curies":[{"name":"wp","href":"https:\/\/api.w.org\/{rel}","templated":true}]}}