{"id":35843,"date":"2023-10-13T10:16:46","date_gmt":"2023-10-13T13:16:46","guid":{"rendered":"https:\/\/radiorevelacionfm.cl\/?p=35843"},"modified":"2023-10-13T10:16:46","modified_gmt":"2023-10-13T13:16:46","slug":"soldados-del-regimiento-n-8-chiloe-reciben-certificacion-de-curso-instalacion-y-montaje-de-paneles-solares-fotovoltaicos","status":"publish","type":"post","link":"https:\/\/radiorevelacionfm.cl\/?p=35843","title":{"rendered":"Soldados del Regimiento N\u00b0 8 \u201cChilo\u00e9\u201d reciben certificaci\u00f3n de curso \u201cInstalaci\u00f3n y Montaje de Paneles Solares Fotovoltaicos\u201d"},"content":{"rendered":"<div class=\"flex_column av_one_full  flex_column_div av-zero-column-padding first  avia-builder-el-0  el_before_av_one_full  avia-builder-el-first  \" style='border-radius:0px; '><div  class='avia-image-container  av-styling-    avia-builder-el-1  avia-builder-el-no-sibling  avia-align-center '  itemprop=\"image\" itemscope=\"itemscope\" itemtype=\"https:\/\/schema.org\/ImageObject\"  ><div class='avia-image-container-inner'><div class='avia-image-overlay-wrap'><img decoding=\"async\" class='wp-image-35844 avia-img-lazy-loading-not-35844 avia_image' src=\"https:\/\/radiorevelacionfm.cl\/wp-content\/uploads\/2023\/10\/IMG-20231010-WA0044-2-2.jpg\" alt='' title='IMG-20231010-WA0044-2-2' height=\"600\" width=\"900\"  itemprop=\"thumbnailUrl\" srcset=\"https:\/\/radiorevelacionfm.cl\/wp-content\/uploads\/2023\/10\/IMG-20231010-WA0044-2-2.jpg 900w, https:\/\/radiorevelacionfm.cl\/wp-content\/uploads\/2023\/10\/IMG-20231010-WA0044-2-2-300x200.jpg 300w, https:\/\/radiorevelacionfm.cl\/wp-content\/uploads\/2023\/10\/IMG-20231010-WA0044-2-2-768x512.jpg 768w, https:\/\/radiorevelacionfm.cl\/wp-content\/uploads\/2023\/10\/IMG-20231010-WA0044-2-2-705x470.jpg 705w, https:\/\/radiorevelacionfm.cl\/wp-content\/uploads\/2023\/10\/IMG-20231010-WA0044-2-2-450x300.jpg 450w, https:\/\/radiorevelacionfm.cl\/wp-content\/uploads\/2023\/10\/IMG-20231010-WA0044-2-2-600x400.jpg 600w\" sizes=\"(max-width: 900px) 100vw, 900px\" \/><\/div><\/div><\/div><\/div><div class=\"flex_column av_one_full  flex_column_div av-zero-column-padding first  avia-builder-el-2  el_after_av_one_full  el_before_av_one_full  column-top-margin\" style='border-radius:0px; '><section class=\"av_textblock_section \"  itemscope=\"itemscope\" itemtype=\"https:\/\/schema.org\/BlogPosting\" itemprop=\"blogPost\" ><div class='avia_textblock  '   itemprop=\"text\" ><p style=\"text-align: center;\"><strong><span style=\"font-size: 18pt;\">Soldados del Regimiento N\u00b0 8 \u201cChilo\u00e9\u201d reciben certificaci\u00f3n de curso \u201cInstalaci\u00f3n y Montaje de Paneles Solares Fotovoltaicos\u201d<\/span><\/strong><\/p>\n<div id=\"gtx-trans\" style=\"position: absolute; left: -50px; top: 4.31534px;\">\n<div class=\"gtx-trans-icon\"><\/div>\n<\/div>\n<\/div><\/section><\/div><div class=\"flex_column av_one_full  flex_column_div av-zero-column-padding first  avia-builder-el-4  el_after_av_one_full  el_before_av_hr  column-top-margin\" style='border-radius:0px; '><section class=\"av_textblock_section \"  itemscope=\"itemscope\" itemtype=\"https:\/\/schema.org\/BlogPosting\" itemprop=\"blogPost\" ><div class='avia_textblock  '   itemprop=\"text\" ><p style=\"text-align: justify;\">Durante la jornada de la ma\u00f1ana del d\u00eda 06 de octubre se realiz\u00f3 la Ceremonia de entrega de certificados de Capacitaci\u00f3n SENCE del Curso <strong>\u201cInstalaci\u00f3n y Montaje de Paneles Solares Fotovoltaicos\u201d<\/strong>, impartido al contingente del Regimiento N\u00b08 \u201cChilo\u00e9\u201d por la <strong>OTEC SOCAFOR<\/strong> y financiado con fondos <strong>SENCE<\/strong> realizado durante el mes de julio y agosto del presente a\u00f1o.<\/p>\n<p style=\"text-align: justify;\">Esta importante actividad cont\u00f3 con la participaci\u00f3n de autoridades regionales tales como el Seremi del Trabajo y Previsi\u00f3n Social, Sr. Rodrigo Diaz Cordaro, la Concejera Regional, Sra. Mar\u00eda Loreta Villegas Almonacid, Director del SENCE de la Regi\u00f3n de Ays\u00e9n, Sr. Nelson Garrido Morales y representantes del ente capacitador, quienes realizaron la entrega de los certificados a 25 Soldados Conscriptos de esta unidad regimentar\u00eda.<\/p>\n<p style=\"text-align: justify;\">Esta importante capacitaci\u00f3n fue desarrollada al interior de esta unidad militar, beneficiando en esta oportunidad a 16 hombres y 09 mujeres soldados conscriptos del Batall\u00f3n de Ingenieros N\u00b08 \u201cChilo\u00e9\u201d, quienes recibieron del ente capacitador las competencias que le permitir\u00e1n desempe\u00f1arse como instalador certificado en paneles solares fotovoltaicos, banco de bater\u00edas, sistema de cableado y los respectivos centros que componen una red domiciliaria para abastecer de suministro el\u00e9ctrico a una vivienda, empleando para ello este tipo de energ\u00eda renovable, siendo una herramientas de trabajo que le permitir\u00e1 a estos j\u00f3venes enfrentar de mejor forma el mundo laboral civil una vez concluido su Servicio Militar.<\/p>\n<\/div><\/section><\/div><div  style='height:50px' class='hr hr-invisible   avia-builder-el-6  el_after_av_one_full  el_before_av_social_share '><span class='hr-inner ' ><span class='hr-inner-style'><\/span><\/span><\/div><\/p>\n<div  class='av-social-sharing-box  avia-builder-el-7  el_after_av_hr  el_before_av_hr  '><div class='av-share-box'><h5 class='av-share-link-description av-no-toc '>Compartir esta noticia<\/h5><ul class='av-share-box-list noLightbox'><li class='av-share-link av-social-link-facebook' ><a target=\"_blank\" aria-label=\"Compartir en Facebook\" href='https:\/\/www.facebook.com\/sharer.php?u=https:\/\/radiorevelacionfm.cl\/?p=35843&#038;t=Soldados%20del%20Regimiento%20N%C2%B0%208%20%E2%80%9CChilo%C3%A9%E2%80%9D%20reciben%20certificaci%C3%B3n%20de%20curso%20%E2%80%9CInstalaci%C3%B3n%20y%20Montaje%20de%20Paneles%20Solares%20Fotovoltaicos%E2%80%9D' aria-hidden='false' data-av_icon='\ue8f3' data-av_iconfont='entypo-fontello' title='' data-avia-related-tooltip='Compartir en Facebook' rel=\"noopener\"><span class='avia_hidden_link_text'>Compartir en Facebook<\/span><\/a><\/li><li class='av-share-link av-social-link-twitter' ><a target=\"_blank\" aria-label=\"Compartir en Twitter\" href='https:\/\/twitter.com\/share?text=Soldados%20del%20Regimiento%20N%C2%B0%208%20%E2%80%9CChilo%C3%A9%E2%80%9D%20reciben%20certificaci%C3%B3n%20de%20curso%20%E2%80%9CInstalaci%C3%B3n%20y%20Montaje%20de%20Paneles%20Solares%20Fotovoltaicos%E2%80%9D&#038;url=https:\/\/radiorevelacionfm.cl\/?p=35843' aria-hidden='false' data-av_icon='\ue8f1' data-av_iconfont='entypo-fontello' title='' data-avia-related-tooltip='Compartir en Twitter' rel=\"noopener\"><span class='avia_hidden_link_text'>Compartir en Twitter<\/span><\/a><\/li><li class='av-share-link av-social-link-whatsapp' ><a target=\"_blank\" aria-label=\"Compartir en Whatsapp\" href='https:\/\/api.whatsapp.com\/send?text=https:\/\/radiorevelacionfm.cl\/?p=35843' aria-hidden='false' data-av_icon='\uf232' data-av_iconfont='entypo-fontello' title='' data-avia-related-tooltip='Compartir en Whatsapp' rel=\"noopener\"><span class='avia_hidden_link_text'>Compartir en Whatsapp<\/span><\/a><\/li><li class='av-share-link av-social-link-linkedin' ><a target=\"_blank\" aria-label=\"Compartir en LinkedIn\" href='https:\/\/linkedin.com\/shareArticle?mini=true&#038;title=Soldados%20del%20Regimiento%20N%C2%B0%208%20%E2%80%9CChilo%C3%A9%E2%80%9D%20reciben%20certificaci%C3%B3n%20de%20curso%20%E2%80%9CInstalaci%C3%B3n%20y%20Montaje%20de%20Paneles%20Solares%20Fotovoltaicos%E2%80%9D&#038;url=https:\/\/radiorevelacionfm.cl\/?p=35843' aria-hidden='false' data-av_icon='\ue8fc' data-av_iconfont='entypo-fontello' title='' data-avia-related-tooltip='Compartir en LinkedIn' rel=\"noopener\"><span class='avia_hidden_link_text'>Compartir en LinkedIn<\/span><\/a><\/li><li class='av-share-link av-social-link-mail' ><a  aria-label=\"Compartir por correo\" href='mailto:?subject=Soldados%20del%20Regimiento%20N%C2%B0%208%20%E2%80%9CChilo%C3%A9%E2%80%9D%20reciben%20certificaci%C3%B3n%20de%20curso%20%E2%80%9CInstalaci%C3%B3n%20y%20Montaje%20de%20Paneles%20Solares%20Fotovoltaicos%E2%80%9D&#038;body=https:\/\/radiorevelacionfm.cl\/?p=35843' aria-hidden='false' data-av_icon='\ue805' data-av_iconfont='entypo-fontello' title='' data-avia-related-tooltip='Compartir por correo'><span class='avia_hidden_link_text'>Compartir por correo<\/span><\/a><\/li><\/ul><\/div><\/div>\n<div  style='height:50px' class='hr hr-invisible   avia-builder-el-8  el_after_av_social_share  el_before_av_comments_list '><span class='hr-inner ' ><span class='hr-inner-style'><\/span><\/span><\/div>\n<div  class='av-buildercomment  av-blog-meta-html-info-disabled av-blog-meta-tag-disabled  '><\/div>\n","protected":false},"excerpt":{"rendered":"","protected":false},"author":1,"featured_media":35844,"comment_status":"open","ping_status":"open","sticky":false,"template":"","format":"standard","meta":{"footnotes":""},"categories":[38],"tags":[],"class_list":["post-35843","post","type-post","status-publish","format-standard","has-post-thumbnail","hentry","category-regional"],"jetpack_featured_media_url":"https:\/\/radiorevelacionfm.cl\/wp-content\/uploads\/2023\/10\/IMG-20231010-WA0044-2-2.jpg","_links":{"self":[{"href":"https:\/\/radiorevelacionfm.cl\/index.php?rest_route=\/wp\/v2\/posts\/35843","targetHints":{"allow":["GET"]}}],"collection":[{"href":"https:\/\/radiorevelacionfm.cl\/index.php?rest_route=\/wp\/v2\/posts"}],"about":[{"href":"https:\/\/radiorevelacionfm.cl\/index.php?rest_route=\/wp\/v2\/types\/post"}],"author":[{"embeddable":true,"href":"https:\/\/radiorevelacionfm.cl\/index.php?rest_route=\/wp\/v2\/users\/1"}],"replies":[{"embeddable":true,"href":"https:\/\/radiorevelacionfm.cl\/index.php?rest_route=%2Fwp%2Fv2%2Fcomments&post=35843"}],"version-history":[{"count":1,"href":"https:\/\/radiorevelacionfm.cl\/index.php?rest_route=\/wp\/v2\/posts\/35843\/revisions"}],"predecessor-version":[{"id":35845,"href":"https:\/\/radiorevelacionfm.cl\/index.php?rest_route=\/wp\/v2\/posts\/35843\/revisions\/35845"}],"wp:featuredmedia":[{"embeddable":true,"href":"https:\/\/radiorevelacionfm.cl\/index.php?rest_route=\/wp\/v2\/media\/35844"}],"wp:attachment":[{"href":"https:\/\/radiorevelacionfm.cl\/index.php?rest_route=%2Fwp%2Fv2%2Fmedia&parent=35843"}],"wp:term":[{"taxonomy":"category","embeddable":true,"href":"https:\/\/radiorevelacionfm.cl\/index.php?rest_route=%2Fwp%2Fv2%2Fcategories&post=35843"},{"taxonomy":"post_tag","embeddable":true,"href":"https:\/\/radiorevelacionfm.cl\/index.php?rest_route=%2Fwp%2Fv2%2Ftags&post=35843"}],"curies":[{"name":"wp","href":"https:\/\/api.w.org\/{rel}","templated":true}]}}