{"id":35835,"date":"2023-10-12T21:04:00","date_gmt":"2023-10-13T00:04:00","guid":{"rendered":"https:\/\/radiorevelacionfm.cl\/?p=35835"},"modified":"2023-10-12T21:04:00","modified_gmt":"2023-10-13T00:04:00","slug":"seremi-de-desarrollo-social-y-familia-invita-a-postular-a-fondo-para-promover-entornos-saludables-en-la-region","status":"publish","type":"post","link":"https:\/\/radiorevelacionfm.cl\/?p=35835","title":{"rendered":"Seremi de Desarrollo Social y Familia invita a postular a Fondo para promover entornos saludables en la regi\u00f3n"},"content":{"rendered":"<div class=\"flex_column av_one_full  flex_column_div av-zero-column-padding first  avia-builder-el-0  el_before_av_one_full  avia-builder-el-first  \" style='border-radius:0px; '><div  class='avia-image-container  av-styling-    avia-builder-el-1  avia-builder-el-no-sibling  avia-align-center '  itemprop=\"image\" itemscope=\"itemscope\" itemtype=\"https:\/\/schema.org\/ImageObject\"  ><div class='avia-image-container-inner'><div class='avia-image-overlay-wrap'><img decoding=\"async\" class='wp-image-35836 avia-img-lazy-loading-not-35836 avia_image' src=\"https:\/\/radiorevelacionfm.cl\/wp-content\/uploads\/2023\/10\/fondos1-1-1.jpg\" alt='' title='fondos1 (1) (1)' height=\"600\" width=\"1067\"  itemprop=\"thumbnailUrl\" srcset=\"https:\/\/radiorevelacionfm.cl\/wp-content\/uploads\/2023\/10\/fondos1-1-1.jpg 1067w, https:\/\/radiorevelacionfm.cl\/wp-content\/uploads\/2023\/10\/fondos1-1-1-300x169.jpg 300w, https:\/\/radiorevelacionfm.cl\/wp-content\/uploads\/2023\/10\/fondos1-1-1-1030x579.jpg 1030w, https:\/\/radiorevelacionfm.cl\/wp-content\/uploads\/2023\/10\/fondos1-1-1-768x432.jpg 768w, https:\/\/radiorevelacionfm.cl\/wp-content\/uploads\/2023\/10\/fondos1-1-1-705x396.jpg 705w, https:\/\/radiorevelacionfm.cl\/wp-content\/uploads\/2023\/10\/fondos1-1-1-450x253.jpg 450w, https:\/\/radiorevelacionfm.cl\/wp-content\/uploads\/2023\/10\/fondos1-1-1-600x337.jpg 600w\" sizes=\"(max-width: 1067px) 100vw, 1067px\" \/><\/div><\/div><\/div><\/div><div class=\"flex_column av_one_full  flex_column_div av-zero-column-padding first  avia-builder-el-2  el_after_av_one_full  el_before_av_one_full  column-top-margin\" style='border-radius:0px; '><section class=\"av_textblock_section \"  itemscope=\"itemscope\" itemtype=\"https:\/\/schema.org\/BlogPosting\" itemprop=\"blogPost\" ><div class='avia_textblock  '   itemprop=\"text\" ><h2 style=\"text-align: center;\"><span style=\"font-size: 18pt;\"><b>Seremi de Desarrollo Social y Familia invita a postular a Fondo para promover entornos saludables en la regi\u00f3n<\/b><\/span><\/h2>\n<div id=\"gtx-trans\" style=\"position: absolute; left: -50px; top: 4.31534px;\">\n<div class=\"gtx-trans-icon\"><\/div>\n<\/div>\n<\/div><\/section><\/div><div class=\"flex_column av_one_full  flex_column_div av-zero-column-padding first  avia-builder-el-4  el_after_av_one_full  el_before_av_hr  column-top-margin\" style='border-radius:0px; '><section class=\"av_textblock_section \"  itemscope=\"itemscope\" itemtype=\"https:\/\/schema.org\/BlogPosting\" itemprop=\"blogPost\" ><div class='avia_textblock  '   itemprop=\"text\" ><p style=\"text-align: justify;\"><i>La convocatoria de Elige Vivir Sano cuenta con presupuesto de hasta 30 millones de pesos por iniciativa regional\u00a0donde pueden postular instituciones privadas sin fines de lucro.<\/i><i><\/i><\/p>\n<p style=\"text-align: justify;\">Hasta el 19 de octubre se encuentra abierta la convocatoria de Elige Vivir Sano al\u00a0Fondo Concursable \u201cPromoci\u00f3n de Entornos Saludables 2023 \u2013 Juntas y juntos por un futuro m\u00e1s sano\u201d,\u00a0iniciativa del Ministerio de Desarrollo Social y Familia que este a\u00f1o dispuso de un total de $818 millones a nivel nacional para el financiamiento de proyectos \u00a0que en la regi\u00f3n de Ays\u00e9n van desde los 15 a 30 millones de pesos, dirigido a instituciones privadas sin fines de lucro que promuevan los h\u00e1bitos y entornos saludables.<\/p>\n<p style=\"text-align: justify;\">As\u00ed lo dio a conocer la Seremi de Desarrollo Social y Familia Karina Acevedo Auad, se\u00f1alando que \u201cEs un fondo que nos tiene muy contentos en la regi\u00f3n y que desde Elige Vivir Sano casi hemos triplicado los recursos disponibles en relaci\u00f3n al a\u00f1o 2022, lo que nos permite aumentar el presupuesto a nivel regional, ya que ten\u00edan un m\u00e1ximo de 10 millones y ahora puede ser hasta 30 millones de pesos. Con esto la modalidad de poner intervenir en la regi\u00f3n de Ays\u00e9n con estos recursos de promoci\u00f3n son muy distintos, reforzados y van a permitir a todas las instituciones que son sin fines de lucro dar respuesta a una demanda que uno \u00a0lo siente en el territorio \u00a0y es de poder llegar con actividades que den respuesta real de lo que las comunidades necesitan para mejorar su vida y entorno saludable\u201d<\/p>\n<p style=\"text-align: justify;\">\u201cJuntas y Juntos por un futuro m\u00e1s sano\u201d busca financiar proyectos innovadores que generen entornos saludables y contribuyan a mejorar el acceso y disponibilidad a una alimentaci\u00f3n sana, nutritiva y culturalmente pertinente, as\u00ed como el fomento de la actividad f\u00edsica y deporte, prevenci\u00f3n tabaco y alcohol, vida al aire libre y desarrollo integral en las personas.<\/p>\n<p style=\"text-align: justify;\">En este sentido, el a\u00f1o 2022 los adjudicados fueron la Corporaci\u00f3n de Deportes Municipal de Coyhaique y el Centro Rehabilita en donde Ingrid Paris, Coordinadora T\u00e9cnica del proyecto destac\u00f3 la oportunidad de los fondos y el uso que pudo entregarse a usuarios de Rehabilita, incluso en otras comunas \u201ceste proyecto nos ayud\u00f3 demasiado en poder expandirnos porque nunca antes lo hab\u00edamos logrado, esto es nuevo para Rehabilita, pero el hecho de salir y tener una participaci\u00f3n m\u00e1s activa y social fue muy gratificante, nosotros hicimos tres tipos de talleres, uno nutricional, f\u00edsico y psicosocial y este proyecto incluso se extendi\u00f3 a Islas Huichas y ahora queremos volver a postular a este proyecto porque nosotros como Corporaci\u00f3n necesitamos estos recursos para concientizar, as\u00ed que invito a las organizaciones a que puedan postular\u201d.<\/p>\n<p style=\"text-align: justify;\">En tanto el director de la Corporaci\u00f3n de Deportes Municipal de Coyhaique, Claudio Mu\u00f1oz coment\u00f3 que tras los excelentes resultados, volver\u00e1n a postular a este fondo valorando el aumento de recursos \u201cpara nosotros fue una excelente experiencia respecto a c\u00f3mo podemos obtener distintas formas de financiamiento en este caso a trav\u00e9s del Ministerio de Desarrollo Social que nos permiti\u00f3 ejecutar un proyecto de 10 millones de pesos, y que nos permiti\u00f3 llegar a la Junta de vecinos de El Bosque\u00a0 donde pudimos hacer acondicionamiento f\u00edsico, talleres de cocina saludable, f\u00fatbol, baile entretenido, entre otros. As\u00ed que para nosotros fue una fuente fundamental para el desarrollo de la actividad f\u00edsica y la orientaci\u00f3n saludable, nos parece adem\u00e1s excelente que se aumente la disponibilidad de fondos y por supuesto que volveremos a postular, estamos en un proceso de dise\u00f1o porque fue muy potente lo logrado\u201d.<\/p>\n<p style=\"text-align: justify;\">Finalmente hay que agregar que el fondo concursable estar\u00e1 abierto hasta el 19 de octubre y est\u00e1 destinado a organizaciones privadas sin fines de lucro con una existencia m\u00ednima de 2 a\u00f1os en donde las postulaciones deben enviarse en formato f\u00edsico a las dependencias de la seremi ubicadas en Gral Parra 326, Coyhaique. Las bases se pueden descargar del sitio web\u00a0<a href=\"http:\/\/www.eligevivirsano.gob.cl\/\" target=\"_blank\" rel=\"noopener\" data-saferedirecturl=\"https:\/\/www.google.com\/url?q=http:\/\/www.eligevivirsano.gob.cl&amp;source=gmail&amp;ust=1697236457600000&amp;usg=AOvVaw2PLhQVwcz4phFkcrpgGLDC\">www.eligevivirsano.gob.cl<\/a>.<\/p>\n<\/div><\/section><\/div><div  style='height:50px' class='hr hr-invisible   avia-builder-el-6  el_after_av_one_full  el_before_av_social_share '><span class='hr-inner ' ><span class='hr-inner-style'><\/span><\/span><\/div><\/p>\n<div  class='av-social-sharing-box  avia-builder-el-7  el_after_av_hr  el_before_av_hr  '><div class='av-share-box'><h5 class='av-share-link-description av-no-toc '>Compartir esta noticia<\/h5><ul class='av-share-box-list noLightbox'><li class='av-share-link av-social-link-facebook' ><a target=\"_blank\" aria-label=\"Compartir en Facebook\" href='https:\/\/www.facebook.com\/sharer.php?u=https:\/\/radiorevelacionfm.cl\/?p=35835&#038;t=Seremi%20de%20Desarrollo%20Social%20y%20Familia%20invita%20a%20postular%20a%20Fondo%20para%20promover%20entornos%20saludables%20en%20la%20regi%C3%B3n' aria-hidden='false' data-av_icon='\ue8f3' data-av_iconfont='entypo-fontello' title='' data-avia-related-tooltip='Compartir en Facebook' rel=\"noopener\"><span class='avia_hidden_link_text'>Compartir en Facebook<\/span><\/a><\/li><li class='av-share-link av-social-link-twitter' ><a target=\"_blank\" aria-label=\"Compartir en Twitter\" href='https:\/\/twitter.com\/share?text=Seremi%20de%20Desarrollo%20Social%20y%20Familia%20invita%20a%20postular%20a%20Fondo%20para%20promover%20entornos%20saludables%20en%20la%20regi%C3%B3n&#038;url=https:\/\/radiorevelacionfm.cl\/?p=35835' aria-hidden='false' data-av_icon='\ue8f1' data-av_iconfont='entypo-fontello' title='' data-avia-related-tooltip='Compartir en Twitter' rel=\"noopener\"><span class='avia_hidden_link_text'>Compartir en Twitter<\/span><\/a><\/li><li class='av-share-link av-social-link-whatsapp' ><a target=\"_blank\" aria-label=\"Compartir en Whatsapp\" href='https:\/\/api.whatsapp.com\/send?text=https:\/\/radiorevelacionfm.cl\/?p=35835' aria-hidden='false' data-av_icon='\uf232' data-av_iconfont='entypo-fontello' title='' data-avia-related-tooltip='Compartir en Whatsapp' rel=\"noopener\"><span class='avia_hidden_link_text'>Compartir en Whatsapp<\/span><\/a><\/li><li class='av-share-link av-social-link-linkedin' ><a target=\"_blank\" aria-label=\"Compartir en LinkedIn\" href='https:\/\/linkedin.com\/shareArticle?mini=true&#038;title=Seremi%20de%20Desarrollo%20Social%20y%20Familia%20invita%20a%20postular%20a%20Fondo%20para%20promover%20entornos%20saludables%20en%20la%20regi%C3%B3n&#038;url=https:\/\/radiorevelacionfm.cl\/?p=35835' aria-hidden='false' data-av_icon='\ue8fc' data-av_iconfont='entypo-fontello' title='' data-avia-related-tooltip='Compartir en LinkedIn' rel=\"noopener\"><span class='avia_hidden_link_text'>Compartir en LinkedIn<\/span><\/a><\/li><li class='av-share-link av-social-link-mail' ><a  aria-label=\"Compartir por correo\" href='mailto:?subject=Seremi%20de%20Desarrollo%20Social%20y%20Familia%20invita%20a%20postular%20a%20Fondo%20para%20promover%20entornos%20saludables%20en%20la%20regi%C3%B3n&#038;body=https:\/\/radiorevelacionfm.cl\/?p=35835' aria-hidden='false' data-av_icon='\ue805' data-av_iconfont='entypo-fontello' title='' data-avia-related-tooltip='Compartir por correo'><span class='avia_hidden_link_text'>Compartir por correo<\/span><\/a><\/li><\/ul><\/div><\/div>\n<div  style='height:50px' class='hr hr-invisible   avia-builder-el-8  el_after_av_social_share  el_before_av_comments_list '><span class='hr-inner ' ><span class='hr-inner-style'><\/span><\/span><\/div>\n<div  class='av-buildercomment  av-blog-meta-html-info-disabled av-blog-meta-tag-disabled  '><\/div>\n","protected":false},"excerpt":{"rendered":"","protected":false},"author":1,"featured_media":35836,"comment_status":"open","ping_status":"open","sticky":false,"template":"","format":"standard","meta":{"footnotes":""},"categories":[38],"tags":[],"class_list":["post-35835","post","type-post","status-publish","format-standard","has-post-thumbnail","hentry","category-regional"],"jetpack_featured_media_url":"https:\/\/radiorevelacionfm.cl\/wp-content\/uploads\/2023\/10\/fondos1-1-1.jpg","_links":{"self":[{"href":"https:\/\/radiorevelacionfm.cl\/index.php?rest_route=\/wp\/v2\/posts\/35835","targetHints":{"allow":["GET"]}}],"collection":[{"href":"https:\/\/radiorevelacionfm.cl\/index.php?rest_route=\/wp\/v2\/posts"}],"about":[{"href":"https:\/\/radiorevelacionfm.cl\/index.php?rest_route=\/wp\/v2\/types\/post"}],"author":[{"embeddable":true,"href":"https:\/\/radiorevelacionfm.cl\/index.php?rest_route=\/wp\/v2\/users\/1"}],"replies":[{"embeddable":true,"href":"https:\/\/radiorevelacionfm.cl\/index.php?rest_route=%2Fwp%2Fv2%2Fcomments&post=35835"}],"version-history":[{"count":1,"href":"https:\/\/radiorevelacionfm.cl\/index.php?rest_route=\/wp\/v2\/posts\/35835\/revisions"}],"predecessor-version":[{"id":35837,"href":"https:\/\/radiorevelacionfm.cl\/index.php?rest_route=\/wp\/v2\/posts\/35835\/revisions\/35837"}],"wp:featuredmedia":[{"embeddable":true,"href":"https:\/\/radiorevelacionfm.cl\/index.php?rest_route=\/wp\/v2\/media\/35836"}],"wp:attachment":[{"href":"https:\/\/radiorevelacionfm.cl\/index.php?rest_route=%2Fwp%2Fv2%2Fmedia&parent=35835"}],"wp:term":[{"taxonomy":"category","embeddable":true,"href":"https:\/\/radiorevelacionfm.cl\/index.php?rest_route=%2Fwp%2Fv2%2Fcategories&post=35835"},{"taxonomy":"post_tag","embeddable":true,"href":"https:\/\/radiorevelacionfm.cl\/index.php?rest_route=%2Fwp%2Fv2%2Ftags&post=35835"}],"curies":[{"name":"wp","href":"https:\/\/api.w.org\/{rel}","templated":true}]}}