{"id":35818,"date":"2023-10-12T17:38:35","date_gmt":"2023-10-12T20:38:35","guid":{"rendered":"https:\/\/radiorevelacionfm.cl\/?p=35818"},"modified":"2023-10-12T17:38:35","modified_gmt":"2023-10-12T20:38:35","slug":"seremi-del-medio-ambiente-invita-a-participar-de-talleres-ciudadanos-de-plan-de-descontaminacion-de-puerto-aysen","status":"publish","type":"post","link":"https:\/\/radiorevelacionfm.cl\/?p=35818","title":{"rendered":"Seremi del Medio Ambiente invita a participar de talleres ciudadanos de Plan de Descontaminaci\u00f3n de Puerto Ays\u00e9n"},"content":{"rendered":"<div class=\"flex_column av_one_full  flex_column_div av-zero-column-padding first  avia-builder-el-0  el_before_av_one_full  avia-builder-el-first  \" style='border-radius:0px; '><div  class='avia-image-container  av-styling-    avia-builder-el-1  avia-builder-el-no-sibling  avia-align-center '  itemprop=\"image\" itemscope=\"itemscope\" itemtype=\"https:\/\/schema.org\/ImageObject\"  ><div class='avia-image-container-inner'><div class='avia-image-overlay-wrap'><img decoding=\"async\" class='wp-image-35819 avia-img-lazy-loading-not-35819 avia_image' src=\"https:\/\/radiorevelacionfm.cl\/wp-content\/uploads\/2023\/10\/pda_aysen-hor-1_optimized.png\" alt='' title='pda_aysen-hor-(1)_optimized' height=\"600\" width=\"1021\"  itemprop=\"thumbnailUrl\" srcset=\"https:\/\/radiorevelacionfm.cl\/wp-content\/uploads\/2023\/10\/pda_aysen-hor-1_optimized.png 1021w, https:\/\/radiorevelacionfm.cl\/wp-content\/uploads\/2023\/10\/pda_aysen-hor-1_optimized-300x176.png 300w, https:\/\/radiorevelacionfm.cl\/wp-content\/uploads\/2023\/10\/pda_aysen-hor-1_optimized-768x451.png 768w, https:\/\/radiorevelacionfm.cl\/wp-content\/uploads\/2023\/10\/pda_aysen-hor-1_optimized-705x414.png 705w, https:\/\/radiorevelacionfm.cl\/wp-content\/uploads\/2023\/10\/pda_aysen-hor-1_optimized-450x264.png 450w, https:\/\/radiorevelacionfm.cl\/wp-content\/uploads\/2023\/10\/pda_aysen-hor-1_optimized-600x353.png 600w\" sizes=\"(max-width: 1021px) 100vw, 1021px\" \/><\/div><\/div><\/div><\/div><div class=\"flex_column av_one_full  flex_column_div av-zero-column-padding first  avia-builder-el-2  el_after_av_one_full  el_before_av_one_full  column-top-margin\" style='border-radius:0px; '><section class=\"av_textblock_section \"  itemscope=\"itemscope\" itemtype=\"https:\/\/schema.org\/BlogPosting\" itemprop=\"blogPost\" ><div class='avia_textblock  '   itemprop=\"text\" ><p style=\"text-align: center;\"><span style=\"font-size: 18pt;\"><strong>Seremi del Medio Ambiente invita a participar de talleres ciudadanos de Plan de Descontaminaci\u00f3n de Puerto Ays\u00e9n <\/strong><\/span><\/p>\n<div id=\"gtx-trans\" style=\"position: absolute; left: -50px; top: 4.31534px;\">\n<div class=\"gtx-trans-icon\"><\/div>\n<\/div>\n<\/div><\/section><\/div><div class=\"flex_column av_one_full  flex_column_div av-zero-column-padding first  avia-builder-el-4  el_after_av_one_full  el_before_av_hr  column-top-margin\" style='border-radius:0px; '><section class=\"av_textblock_section \"  itemscope=\"itemscope\" itemtype=\"https:\/\/schema.org\/BlogPosting\" itemprop=\"blogPost\" ><div class='avia_textblock  '   itemprop=\"text\" ><p style=\"text-align: justify;\">Ya se encuentra abierta la consulta p\u00fablica para el Anteproyecto del Plan de Descontaminaci\u00f3n Atmosf\u00e9rica PDA de la zona saturada de Puerto Ays\u00e9n y su \u00e1rea circundante. El proceso de consulta p\u00fablica se mantendr\u00e1 disponible hasta el 18 de diciembre de este a\u00f1o, en espera de recoger las observaciones de la comunidad respecto a la hoja de ruta propuesta para descontaminar el aire de Puerto Ays\u00e9n.<\/p>\n<p style=\"text-align: justify;\">Para apoyar el proceso de participaci\u00f3n ciudadana, desde la Seremi del Medio Ambiente han planificado una serie de talleres ciudadanos informativos, para compartir con mayor detalle las medidas propuestas en el anteproyecto.<\/p>\n<p style=\"text-align: justify;\">La primera sesi\u00f3n tendr\u00e1 lugar este mi\u00e9rcoles 18 de octubre a las 18:30 hrs. en el sal\u00f3n audit\u00f3rium hospital de Puerto Ays\u00e9n, ubicado en calle Yusseff Laibe N\u00b0 180 <strong>\u201cextendemos esta invitaci\u00f3n a todas las vecinas y los vecinos de la ciudad de Puerto Ays\u00e9n a que participen de este taller, que conozcan las medidas y especialmente, que puedan entregarnos su impresiones y observaciones para mejorar esta propuesta que desde su origen hemos querido que cuente con una mirada local y pertinente a la realidad de las familias de esta ciudad\u201d<\/strong>, asegur\u00f3 del Seremi del Medio Ambiente Yoal D\u00edaz, agregando que esta ser\u00e1 la primera de varias jornadas donde esperan compartir con diversos actores y grupos de la comunidad aysenina.<\/p>\n<p style=\"text-align: justify;\">El anteproyecto re\u00fane diversas medidas de regulaci\u00f3n para el control de emisiones de calefacci\u00f3n domiciliaria, considerando que el diagn\u00f3stico arroja que el 99% de las emisiones corresponden a fuentes residenciales que se calefaccionan y cocinan principalmente con le\u00f1a, por cuanto se incluye dentro de la propuesta, medidas de aislaci\u00f3n t\u00e9rmica para las actuales viviendas, programas de recambio de calefactores, promoci\u00f3n de proyectos de calefacci\u00f3n distrital, difusi\u00f3n y educaci\u00f3n a la ciudadan\u00eda, un plan operacional para la gesti\u00f3n de episodios cr\u00edticos; pero, adem\u00e1s, el plan aborda compensaci\u00f3n de emisiones en el marco del SEIA y regulaci\u00f3n para el control de emisiones del transporte entre otras.<\/p>\n<p style=\"text-align: justify;\">Para conocer el expediente, los y las interesadas pueden ingresar al portal consultasciudadanas.mma.gob.cl; solicitar el material en la oficina de la Seremi del Medio Ambiente, ubicada en portales N\u00b0125, Coyhaique; o bien participar del ciclo de talleres ciudadanos que comenzar\u00e1n este mi\u00e9rcoles 18 de octubre.<\/p>\n<p style=\"text-align: justify;\">Finalmente, el SEREMI indic\u00f3 que las observaciones ciudadanas ser\u00e1n respondidas analizando su pertinencia de incorporaci\u00f3n al proyecto definitivo del Plan dentro de los 45 d\u00edas h\u00e1biles siguientes de concluida la consulta, publicando y\/o remitiendo dichas respuestas a quienes hayan realizado observaciones admisibles.<\/p>\n<\/div><\/section><\/div><div  style='height:50px' class='hr hr-invisible   avia-builder-el-6  el_after_av_one_full  el_before_av_social_share '><span class='hr-inner ' ><span class='hr-inner-style'><\/span><\/span><\/div><\/p>\n<div  class='av-social-sharing-box  avia-builder-el-7  el_after_av_hr  el_before_av_hr  '><div class='av-share-box'><h5 class='av-share-link-description av-no-toc '>Compartir esta noticia<\/h5><ul class='av-share-box-list noLightbox'><li class='av-share-link av-social-link-facebook' ><a target=\"_blank\" aria-label=\"Compartir en Facebook\" href='https:\/\/www.facebook.com\/sharer.php?u=https:\/\/radiorevelacionfm.cl\/?p=35818&#038;t=Seremi%20del%20Medio%20Ambiente%20invita%20a%20participar%20de%20talleres%20ciudadanos%20de%20Plan%20de%20Descontaminaci%C3%B3n%20de%20Puerto%20Ays%C3%A9n' aria-hidden='false' data-av_icon='\ue8f3' data-av_iconfont='entypo-fontello' title='' data-avia-related-tooltip='Compartir en Facebook' rel=\"noopener\"><span class='avia_hidden_link_text'>Compartir en Facebook<\/span><\/a><\/li><li class='av-share-link av-social-link-twitter' ><a target=\"_blank\" aria-label=\"Compartir en Twitter\" href='https:\/\/twitter.com\/share?text=Seremi%20del%20Medio%20Ambiente%20invita%20a%20participar%20de%20talleres%20ciudadanos%20de%20Plan%20de%20Descontaminaci%C3%B3n%20de%20Puerto%20Ays%C3%A9n&#038;url=https:\/\/radiorevelacionfm.cl\/?p=35818' aria-hidden='false' data-av_icon='\ue8f1' data-av_iconfont='entypo-fontello' title='' data-avia-related-tooltip='Compartir en Twitter' rel=\"noopener\"><span class='avia_hidden_link_text'>Compartir en Twitter<\/span><\/a><\/li><li class='av-share-link av-social-link-whatsapp' ><a target=\"_blank\" aria-label=\"Compartir en Whatsapp\" href='https:\/\/api.whatsapp.com\/send?text=https:\/\/radiorevelacionfm.cl\/?p=35818' aria-hidden='false' data-av_icon='\uf232' data-av_iconfont='entypo-fontello' title='' data-avia-related-tooltip='Compartir en Whatsapp' rel=\"noopener\"><span class='avia_hidden_link_text'>Compartir en Whatsapp<\/span><\/a><\/li><li class='av-share-link av-social-link-linkedin' ><a target=\"_blank\" aria-label=\"Compartir en LinkedIn\" href='https:\/\/linkedin.com\/shareArticle?mini=true&#038;title=Seremi%20del%20Medio%20Ambiente%20invita%20a%20participar%20de%20talleres%20ciudadanos%20de%20Plan%20de%20Descontaminaci%C3%B3n%20de%20Puerto%20Ays%C3%A9n&#038;url=https:\/\/radiorevelacionfm.cl\/?p=35818' aria-hidden='false' data-av_icon='\ue8fc' data-av_iconfont='entypo-fontello' title='' data-avia-related-tooltip='Compartir en LinkedIn' rel=\"noopener\"><span class='avia_hidden_link_text'>Compartir en LinkedIn<\/span><\/a><\/li><li class='av-share-link av-social-link-mail' ><a  aria-label=\"Compartir por correo\" href='mailto:?subject=Seremi%20del%20Medio%20Ambiente%20invita%20a%20participar%20de%20talleres%20ciudadanos%20de%20Plan%20de%20Descontaminaci%C3%B3n%20de%20Puerto%20Ays%C3%A9n&#038;body=https:\/\/radiorevelacionfm.cl\/?p=35818' aria-hidden='false' data-av_icon='\ue805' data-av_iconfont='entypo-fontello' title='' data-avia-related-tooltip='Compartir por correo'><span class='avia_hidden_link_text'>Compartir por correo<\/span><\/a><\/li><\/ul><\/div><\/div>\n<div  style='height:50px' class='hr hr-invisible   avia-builder-el-8  el_after_av_social_share  el_before_av_comments_list '><span class='hr-inner ' ><span class='hr-inner-style'><\/span><\/span><\/div>\n<div  class='av-buildercomment  av-blog-meta-html-info-disabled av-blog-meta-tag-disabled  '><\/div>\n","protected":false},"excerpt":{"rendered":"","protected":false},"author":1,"featured_media":35819,"comment_status":"open","ping_status":"open","sticky":false,"template":"","format":"standard","meta":{"footnotes":""},"categories":[39,38],"tags":[],"class_list":["post-35818","post","type-post","status-publish","format-standard","has-post-thumbnail","hentry","category-medio-ambiente","category-regional"],"jetpack_featured_media_url":"https:\/\/radiorevelacionfm.cl\/wp-content\/uploads\/2023\/10\/pda_aysen-hor-1_optimized.png","_links":{"self":[{"href":"https:\/\/radiorevelacionfm.cl\/index.php?rest_route=\/wp\/v2\/posts\/35818","targetHints":{"allow":["GET"]}}],"collection":[{"href":"https:\/\/radiorevelacionfm.cl\/index.php?rest_route=\/wp\/v2\/posts"}],"about":[{"href":"https:\/\/radiorevelacionfm.cl\/index.php?rest_route=\/wp\/v2\/types\/post"}],"author":[{"embeddable":true,"href":"https:\/\/radiorevelacionfm.cl\/index.php?rest_route=\/wp\/v2\/users\/1"}],"replies":[{"embeddable":true,"href":"https:\/\/radiorevelacionfm.cl\/index.php?rest_route=%2Fwp%2Fv2%2Fcomments&post=35818"}],"version-history":[{"count":1,"href":"https:\/\/radiorevelacionfm.cl\/index.php?rest_route=\/wp\/v2\/posts\/35818\/revisions"}],"predecessor-version":[{"id":35820,"href":"https:\/\/radiorevelacionfm.cl\/index.php?rest_route=\/wp\/v2\/posts\/35818\/revisions\/35820"}],"wp:featuredmedia":[{"embeddable":true,"href":"https:\/\/radiorevelacionfm.cl\/index.php?rest_route=\/wp\/v2\/media\/35819"}],"wp:attachment":[{"href":"https:\/\/radiorevelacionfm.cl\/index.php?rest_route=%2Fwp%2Fv2%2Fmedia&parent=35818"}],"wp:term":[{"taxonomy":"category","embeddable":true,"href":"https:\/\/radiorevelacionfm.cl\/index.php?rest_route=%2Fwp%2Fv2%2Fcategories&post=35818"},{"taxonomy":"post_tag","embeddable":true,"href":"https:\/\/radiorevelacionfm.cl\/index.php?rest_route=%2Fwp%2Fv2%2Ftags&post=35818"}],"curies":[{"name":"wp","href":"https:\/\/api.w.org\/{rel}","templated":true}]}}