{"id":35815,"date":"2023-10-12T16:57:17","date_gmt":"2023-10-12T19:57:17","guid":{"rendered":"https:\/\/radiorevelacionfm.cl\/?p=35815"},"modified":"2023-10-12T16:57:17","modified_gmt":"2023-10-12T19:57:17","slug":"este-viernes-en-la-plaza-de-armas-de-puerto-aysen-realizaran-la-primera-feria-campesina-de-la-temporada","status":"publish","type":"post","link":"https:\/\/radiorevelacionfm.cl\/?p=35815","title":{"rendered":"Este viernes: en la Plaza de Armas de Puerto Ays\u00e9n realizar\u00e1n la Primera Feria Campesina de la Temporada"},"content":{"rendered":"<div class=\"flex_column av_one_full  flex_column_div av-zero-column-padding first  avia-builder-el-0  el_before_av_one_full  avia-builder-el-first  \" style='border-radius:0px; '><div  class='avia-image-container  av-styling-    avia-builder-el-1  avia-builder-el-no-sibling  avia-align-center '  itemprop=\"image\" itemscope=\"itemscope\" itemtype=\"https:\/\/schema.org\/ImageObject\"  ><div class='avia-image-container-inner'><div class='avia-image-overlay-wrap'><img decoding=\"async\" class='wp-image-35816 avia-img-lazy-loading-not-35816 avia_image' src=\"https:\/\/radiorevelacionfm.cl\/wp-content\/uploads\/2023\/10\/FERIA-1-archivo-1-1.jpg\" alt='' title='FERIA 1 archivo (1) (1)' height=\"600\" width=\"900\"  itemprop=\"thumbnailUrl\" srcset=\"https:\/\/radiorevelacionfm.cl\/wp-content\/uploads\/2023\/10\/FERIA-1-archivo-1-1.jpg 900w, https:\/\/radiorevelacionfm.cl\/wp-content\/uploads\/2023\/10\/FERIA-1-archivo-1-1-300x200.jpg 300w, https:\/\/radiorevelacionfm.cl\/wp-content\/uploads\/2023\/10\/FERIA-1-archivo-1-1-768x512.jpg 768w, https:\/\/radiorevelacionfm.cl\/wp-content\/uploads\/2023\/10\/FERIA-1-archivo-1-1-705x470.jpg 705w, https:\/\/radiorevelacionfm.cl\/wp-content\/uploads\/2023\/10\/FERIA-1-archivo-1-1-450x300.jpg 450w, https:\/\/radiorevelacionfm.cl\/wp-content\/uploads\/2023\/10\/FERIA-1-archivo-1-1-600x400.jpg 600w\" sizes=\"(max-width: 900px) 100vw, 900px\" \/><\/div><\/div><\/div><\/div><div class=\"flex_column av_one_full  flex_column_div av-zero-column-padding first  avia-builder-el-2  el_after_av_one_full  el_before_av_one_full  column-top-margin\" style='border-radius:0px; '><section class=\"av_textblock_section \"  itemscope=\"itemscope\" itemtype=\"https:\/\/schema.org\/BlogPosting\" itemprop=\"blogPost\" ><div class='avia_textblock  '   itemprop=\"text\" ><p style=\"text-align: center;\"><strong><span style=\"font-size: 18pt;\">Este viernes 13 de octubre se realizar\u00e1 la Primera Feria Campesina de la Temporada en la Plaza de Armas de Puerto Ays\u00e9n<\/span><\/strong><\/p>\n<div id=\"gtx-trans\" style=\"position: absolute; left: -50px; top: 4.31534px;\">\n<div class=\"gtx-trans-icon\"><\/div>\n<\/div>\n<\/div><\/section><\/div><div class=\"flex_column av_one_full  flex_column_div av-zero-column-padding first  avia-builder-el-4  el_after_av_one_full  el_before_av_hr  column-top-margin\" style='border-radius:0px; '><section class=\"av_textblock_section \"  itemscope=\"itemscope\" itemtype=\"https:\/\/schema.org\/BlogPosting\" itemprop=\"blogPost\" ><div class='avia_textblock  '   itemprop=\"text\" ><p style=\"text-align: justify;\">A partir de las 11 de la ma\u00f1ana de este viernes 13 de octubre, en la Plaza de Armas de Puerto Ays\u00e9n, se llevar\u00e1 a cabo la Primera Feria Campesina de la temporada 2023 \u2013 2024, instancia en la que participar\u00e1n productores locales, de Villa Ma\u00f1ihuales y alrededores.<\/p>\n<p style=\"text-align: justify;\">\u201cVamos a comenzar nuestra temporada agr\u00edcola 2023 \u2013 2024 y es por esto que, vamos a tener la primera feria ac\u00e1 en Puerto Ays\u00e9n, en la plaza. Al igual que el a\u00f1o pasado vamos a estar con las usuarias de la oficina del campesino, vendiendo sus productos todo el d\u00eda, vamos a tener la inauguraci\u00f3n alrededor de las 11 de la ma\u00f1ana, para que puedan participar y venir a consumir los productos. En esta ocasi\u00f3n vamos a tener la presencia de las productoras de Villa Ma\u00f1ihuales y alrededores\u201d, se\u00f1al\u00f3 la coordinadora de la oficina municipal del campesino, Danahe Sandoval.<\/p>\n<p style=\"text-align: justify;\">Sandoval, cree que la feria es una buena vitrina para aumentar la cantidad de clientes y estar presente en este tipo de actividades.<\/p>\n<p style=\"text-align: justify;\">\u201cSi bien, hay productoras que ya tienen su clientela, gente que les va a comprar a la misma casa, pero esto les sirve de vitrina para que puedan ir d\u00e1ndose a conocer a\u00fan m\u00e1s y puedan as\u00ed tambi\u00e9n aumentar la superficie productiva. Estamos apoyando tambi\u00e9n en la difusi\u00f3n y en esta ocasi\u00f3n vamos a tener la presencia de la agrupaci\u00f3n Las Maravillas, una agrupaci\u00f3n de artesanas, quienes van a poder ofrecer sus productos en la feria\u201d.<\/p>\n<p style=\"text-align: justify;\">Tomas Aguilar, profesional de la oficina municipal del campesino, remarc\u00f3 que la actividad una ser\u00e1 instancia para compartir conocimientos entre los participantes.<\/p>\n<p style=\"text-align: justify;\">\u201cDonde van a poder encontrar diversos productos de la gente, de artesanos, productores, la idea es que, vengan a conocer, a pasar un momento grato, empaparnos de todo esto que nos rodea, el campo y las cosas tan bonitas que hay en ello. La idea es conocer las actividades que realiza la gente, aprender tambi\u00e9n, hay conocimientos s\u00faper importantes que la gente puede compartir y eso es lo bonito de esta jornada. As\u00ed es que, invitar a toda la comunidad para este viernes 13 de octubre, a las 11 de la ma\u00f1ana y hasta las 6 de la tarde, ac\u00e1 en la plaza de Puerto Ays\u00e9n\u201d.<\/p>\n<p style=\"text-align: justify;\">Esta es la primera de varias ferias campesinas que va a desarrollar la Municipalidad de Ays\u00e9n, en Puerto Ays\u00e9n y en otros puntos de la comuna.<\/p>\n<\/div><\/section><\/div><div  style='height:50px' class='hr hr-invisible   avia-builder-el-6  el_after_av_one_full  el_before_av_social_share '><span class='hr-inner ' ><span class='hr-inner-style'><\/span><\/span><\/div><\/p>\n<div  class='av-social-sharing-box  avia-builder-el-7  el_after_av_hr  el_before_av_hr  '><div class='av-share-box'><h5 class='av-share-link-description av-no-toc '>Compartir esta noticia<\/h5><ul class='av-share-box-list noLightbox'><li class='av-share-link av-social-link-facebook' ><a target=\"_blank\" aria-label=\"Compartir en Facebook\" href='https:\/\/www.facebook.com\/sharer.php?u=https:\/\/radiorevelacionfm.cl\/?p=35815&#038;t=Este%20viernes%3A%20en%20la%20Plaza%20de%20Armas%20de%20Puerto%20Ays%C3%A9n%20realizar%C3%A1n%20la%20Primera%20Feria%20Campesina%20de%20la%20Temporada' aria-hidden='false' data-av_icon='\ue8f3' data-av_iconfont='entypo-fontello' title='' data-avia-related-tooltip='Compartir en Facebook' rel=\"noopener\"><span class='avia_hidden_link_text'>Compartir en Facebook<\/span><\/a><\/li><li class='av-share-link av-social-link-twitter' ><a target=\"_blank\" aria-label=\"Compartir en Twitter\" href='https:\/\/twitter.com\/share?text=Este%20viernes%3A%20en%20la%20Plaza%20de%20Armas%20de%20Puerto%20Ays%C3%A9n%20realizar%C3%A1n%20la%20Primera%20Feria%20Campesina%20de%20la%20Temporada&#038;url=https:\/\/radiorevelacionfm.cl\/?p=35815' aria-hidden='false' data-av_icon='\ue8f1' data-av_iconfont='entypo-fontello' title='' data-avia-related-tooltip='Compartir en Twitter' rel=\"noopener\"><span class='avia_hidden_link_text'>Compartir en Twitter<\/span><\/a><\/li><li class='av-share-link av-social-link-whatsapp' ><a target=\"_blank\" aria-label=\"Compartir en Whatsapp\" href='https:\/\/api.whatsapp.com\/send?text=https:\/\/radiorevelacionfm.cl\/?p=35815' aria-hidden='false' data-av_icon='\uf232' data-av_iconfont='entypo-fontello' title='' data-avia-related-tooltip='Compartir en Whatsapp' rel=\"noopener\"><span class='avia_hidden_link_text'>Compartir en Whatsapp<\/span><\/a><\/li><li class='av-share-link av-social-link-linkedin' ><a target=\"_blank\" aria-label=\"Compartir en LinkedIn\" href='https:\/\/linkedin.com\/shareArticle?mini=true&#038;title=Este%20viernes%3A%20en%20la%20Plaza%20de%20Armas%20de%20Puerto%20Ays%C3%A9n%20realizar%C3%A1n%20la%20Primera%20Feria%20Campesina%20de%20la%20Temporada&#038;url=https:\/\/radiorevelacionfm.cl\/?p=35815' aria-hidden='false' data-av_icon='\ue8fc' data-av_iconfont='entypo-fontello' title='' data-avia-related-tooltip='Compartir en LinkedIn' rel=\"noopener\"><span class='avia_hidden_link_text'>Compartir en LinkedIn<\/span><\/a><\/li><li class='av-share-link av-social-link-mail' ><a  aria-label=\"Compartir por correo\" href='mailto:?subject=Este%20viernes%3A%20en%20la%20Plaza%20de%20Armas%20de%20Puerto%20Ays%C3%A9n%20realizar%C3%A1n%20la%20Primera%20Feria%20Campesina%20de%20la%20Temporada&#038;body=https:\/\/radiorevelacionfm.cl\/?p=35815' aria-hidden='false' data-av_icon='\ue805' data-av_iconfont='entypo-fontello' title='' data-avia-related-tooltip='Compartir por correo'><span class='avia_hidden_link_text'>Compartir por correo<\/span><\/a><\/li><\/ul><\/div><\/div>\n<div  style='height:50px' class='hr hr-invisible   avia-builder-el-8  el_after_av_social_share  el_before_av_comments_list '><span class='hr-inner ' ><span class='hr-inner-style'><\/span><\/span><\/div>\n<div  class='av-buildercomment  av-blog-meta-html-info-disabled av-blog-meta-tag-disabled  '><\/div>\n","protected":false},"excerpt":{"rendered":"","protected":false},"author":1,"featured_media":35816,"comment_status":"open","ping_status":"open","sticky":false,"template":"","format":"standard","meta":{"footnotes":""},"categories":[38],"tags":[],"class_list":["post-35815","post","type-post","status-publish","format-standard","has-post-thumbnail","hentry","category-regional"],"jetpack_featured_media_url":"https:\/\/radiorevelacionfm.cl\/wp-content\/uploads\/2023\/10\/FERIA-1-archivo-1-1.jpg","_links":{"self":[{"href":"https:\/\/radiorevelacionfm.cl\/index.php?rest_route=\/wp\/v2\/posts\/35815","targetHints":{"allow":["GET"]}}],"collection":[{"href":"https:\/\/radiorevelacionfm.cl\/index.php?rest_route=\/wp\/v2\/posts"}],"about":[{"href":"https:\/\/radiorevelacionfm.cl\/index.php?rest_route=\/wp\/v2\/types\/post"}],"author":[{"embeddable":true,"href":"https:\/\/radiorevelacionfm.cl\/index.php?rest_route=\/wp\/v2\/users\/1"}],"replies":[{"embeddable":true,"href":"https:\/\/radiorevelacionfm.cl\/index.php?rest_route=%2Fwp%2Fv2%2Fcomments&post=35815"}],"version-history":[{"count":1,"href":"https:\/\/radiorevelacionfm.cl\/index.php?rest_route=\/wp\/v2\/posts\/35815\/revisions"}],"predecessor-version":[{"id":35817,"href":"https:\/\/radiorevelacionfm.cl\/index.php?rest_route=\/wp\/v2\/posts\/35815\/revisions\/35817"}],"wp:featuredmedia":[{"embeddable":true,"href":"https:\/\/radiorevelacionfm.cl\/index.php?rest_route=\/wp\/v2\/media\/35816"}],"wp:attachment":[{"href":"https:\/\/radiorevelacionfm.cl\/index.php?rest_route=%2Fwp%2Fv2%2Fmedia&parent=35815"}],"wp:term":[{"taxonomy":"category","embeddable":true,"href":"https:\/\/radiorevelacionfm.cl\/index.php?rest_route=%2Fwp%2Fv2%2Fcategories&post=35815"},{"taxonomy":"post_tag","embeddable":true,"href":"https:\/\/radiorevelacionfm.cl\/index.php?rest_route=%2Fwp%2Fv2%2Ftags&post=35815"}],"curies":[{"name":"wp","href":"https:\/\/api.w.org\/{rel}","templated":true}]}}