{"id":35812,"date":"2023-10-12T16:02:33","date_gmt":"2023-10-12T19:02:33","guid":{"rendered":"https:\/\/radiorevelacionfm.cl\/?p=35812"},"modified":"2023-10-12T16:02:33","modified_gmt":"2023-10-12T19:02:33","slug":"comenzo-la-temporada-de-pesca-recreativa-en-la-region-de-aysen","status":"publish","type":"post","link":"https:\/\/radiorevelacionfm.cl\/?p=35812","title":{"rendered":"Comenz\u00f3 la temporada de pesca recreativa en la regi\u00f3n de Ays\u00e9n"},"content":{"rendered":"<div class=\"flex_column av_one_full  flex_column_div av-zero-column-padding first  avia-builder-el-0  el_before_av_one_full  avia-builder-el-first  \" style='border-radius:0px; '><div  class='avia-image-container  av-styling-    avia-builder-el-1  avia-builder-el-no-sibling  avia-align-center '  itemprop=\"image\" itemscope=\"itemscope\" itemtype=\"https:\/\/schema.org\/ImageObject\"  ><div class='avia-image-container-inner'><div class='avia-image-overlay-wrap'><img decoding=\"async\" class='wp-image-35813 avia-img-lazy-loading-not-35813 avia_image' src=\"https:\/\/radiorevelacionfm.cl\/wp-content\/uploads\/2023\/10\/lanzamiento-pesca-recreativa1_optimized.jpg\" alt='' title='lanzamiento-pesca-recreativa1_optimized' height=\"600\" width=\"1067\"  itemprop=\"thumbnailUrl\" srcset=\"https:\/\/radiorevelacionfm.cl\/wp-content\/uploads\/2023\/10\/lanzamiento-pesca-recreativa1_optimized.jpg 1067w, https:\/\/radiorevelacionfm.cl\/wp-content\/uploads\/2023\/10\/lanzamiento-pesca-recreativa1_optimized-300x169.jpg 300w, https:\/\/radiorevelacionfm.cl\/wp-content\/uploads\/2023\/10\/lanzamiento-pesca-recreativa1_optimized-1030x579.jpg 1030w, https:\/\/radiorevelacionfm.cl\/wp-content\/uploads\/2023\/10\/lanzamiento-pesca-recreativa1_optimized-768x432.jpg 768w, https:\/\/radiorevelacionfm.cl\/wp-content\/uploads\/2023\/10\/lanzamiento-pesca-recreativa1_optimized-705x396.jpg 705w, https:\/\/radiorevelacionfm.cl\/wp-content\/uploads\/2023\/10\/lanzamiento-pesca-recreativa1_optimized-450x253.jpg 450w, https:\/\/radiorevelacionfm.cl\/wp-content\/uploads\/2023\/10\/lanzamiento-pesca-recreativa1_optimized-600x337.jpg 600w\" sizes=\"(max-width: 1067px) 100vw, 1067px\" \/><\/div><\/div><\/div><\/div><div class=\"flex_column av_one_full  flex_column_div av-zero-column-padding first  avia-builder-el-2  el_after_av_one_full  el_before_av_one_full  column-top-margin\" style='border-radius:0px; '><section class=\"av_textblock_section \"  itemscope=\"itemscope\" itemtype=\"https:\/\/schema.org\/BlogPosting\" itemprop=\"blogPost\" ><div class='avia_textblock  '   itemprop=\"text\" ><h2 class=\"title\" style=\"text-align: center;\"><span style=\"font-family: georgia, palatino, serif; font-size: 18pt;\"><b>Comenz\u00f3 la temporada de pesca recreativa en la regi\u00f3n de Ays\u00e9n<\/b><\/span><\/h2>\n<div id=\"gtx-trans\" style=\"position: absolute; left: -50px; top: 4.31534px;\">\n<div class=\"gtx-trans-icon\"><\/div>\n<\/div>\n<\/div><\/section><\/div><div class=\"flex_column av_one_full  flex_column_div av-zero-column-padding first  avia-builder-el-4  el_after_av_one_full  el_before_av_hr  column-top-margin\" style='border-radius:0px; '><section class=\"av_textblock_section \"  itemscope=\"itemscope\" itemtype=\"https:\/\/schema.org\/BlogPosting\" itemprop=\"blogPost\" ><div class='avia_textblock  '   itemprop=\"text\" ><div>\n<p style=\"text-align: justify;\">A contar del jueves 12 de octubre del 2023 se dio inicio a una nueva temporada de pesca recreativa en aguas continentales en Ays\u00e9n, donde los y las amantes de la actividad podr\u00e1n realizar lances en los r\u00edos, lagos y lagunas de la regi\u00f3n, pero con algunas restricciones de acuerdo a las\u00a0Resoluciones\u00a0\u00a0Exentas N\u00b0028\/2022 y N\u00b001\/2023 que establecen medidas de administraci\u00f3n especiales para efectuar pesca recreativa en las diferentes cuencas de la regi\u00f3n.<\/p>\n<p style=\"text-align: justify;\">El lanzamiento de la temporada se llev\u00f3 a cabo en una actividad realizada en Coyhaique que cont\u00f3 con la participaci\u00f3n del Seremi de Econom\u00eda, Fomento y Turismo, Felipe Rojas, el Director Regional (s) de Sernapesca Ays\u00e9n, Jorge Padilla, el Director Regional de Sernatur, Claudio Montecinos, y con la ic\u00f3nica mascota de Sernapesca, Chungungo, quien entreg\u00f3 informaci\u00f3n importante a la ciudadan\u00eda sobre la nueva temporada.<\/p>\n<p style=\"text-align: justify;\">El Seremi de Econom\u00eda, Felipe Rojas, coment\u00f3 sobre la relevancia de esta actividad para la econom\u00eda local. \u201cLa pesca recreativa en Ays\u00e9n es muy importante para el turismo y para los distintos operadores tur\u00edsticos a lo largo de toda la regi\u00f3n. Esta actividad atrae a turistas nacionales como internacionales, y por lo tanto es un hito que puede reactivar la econom\u00eda. Estamos muy contentos de participar en este lanzamiento de temporada de pesca recreativa que de cierto modo le da vida a la regi\u00f3n\u201d.<\/p>\n<p style=\"text-align: justify;\">En este sentido,\u00a0<strong>Claudio Montecinos, Director Regional Sernatur, agreg\u00f3 \u201cLa pesca recreativa es una de las actividades m\u00e1s importantes en el turismo de intereses especiales, es una actividad tur\u00edstica que adem\u00e1s destaca por una mayor permanencia del turista en los destinos y esto lo diferencia de otros tipos de actividades tur\u00edstica. Nuestra regi\u00f3n es reconocida a nivel mundial como un destino de pesca recreativa, que destaca por la experiencia que ofrece la regi\u00f3n, su entorno y la calidad de sus operadores regionales\u201d.<\/strong><\/p>\n<p style=\"text-align: justify;\">La licencia de pesca recreativa se puede adquirir a trav\u00e9s de la p\u00e1gina web de Sernapesca en el siguiente enlace\u00a0<a href=\"https:\/\/pescarecreativa.sernapesca.cl\/\" target=\"_blank\" rel=\"noopener\" data-saferedirecturl=\"https:\/\/www.google.com\/url?q=https:\/\/pescarecreativa.sernapesca.cl\/&amp;source=gmail&amp;ust=1697222877639000&amp;usg=AOvVaw3SvZeE53Nhp8fjM2LZh4RR\">https:\/\/pescarecreativa.<wbr \/>sernapesca.cl\/<\/a>\u00a0o tambi\u00e9n de manera presencial en la oficina de Sernapesca en Puerto Ays\u00e9n.\u00a0Al momento de realizar la actividad, las personas siempre deben portar la licencia digital o impresa, y puede ser solicitada por un funcionario o funcionaria de Sernapesca, La Armada de Chile, Carabineros de Chile o un inspector o inspectora\u00a0<i>ad hon\u00f3rem<\/i>.<u><\/u><u><\/u><\/p>\n<p style=\"text-align: justify;\">El Director Regional (s) de Sernapesca Ays\u00e9n, Jorge Padilla, invit\u00f3 a la comunidad y turistas a practicar esta actividad con responsabilidad y para eso llam\u00f3 a informarse sobre las medidas de administraci\u00f3n para cada curso de agua de la regi\u00f3n. \u201cEsperamos que esta temporada sea activa, y que se respete tanto el entorno natural como la normativa vigente, por nuestra parte continuaremos con las fiscalizaciones para resguardar que la actividad se desarrolle cumpliendo con la obtenci\u00f3n y el porte de la licencia de pesca recreativa, el uso de aparejos personales, el cumplimiento del l\u00edmite m\u00e1ximo de captura diario por pescador, entre otras medidas\u201d.<\/p>\n<p style=\"text-align: justify;\">La autoridad regional tambi\u00e9n record\u00f3 que es<strong>\u00a0de gran importancia mantener los cuidados necesarios para evitar la propagaci\u00f3n del didymo (microalga que afecta paisaj\u00edsticamente y altera el ecosistema), mediante acciones de desinfecci\u00f3n de los elementos utilizados como ca\u00f1as, botas, botes, ruedas de carros, etc.<\/strong><u><\/u><u><\/u><\/p>\n<p style=\"text-align: justify;\">En el marco del Programa Especial de Aguas Continentales, que busca resguardar la sustentabilidad de la pesca recreativa, desde Sernapesca continuar\u00e1n con la vigilancia y fiscalizaciones durante la temporada de pesca recreativa para velar por el cumplimiento de la ley N\u00b0 20.256 de Pesca Recreativa. Para denuncias y consultas Sernapesca cuenta con la l\u00ednea 800 320 032.\u00a0<u><\/u><u><\/u><\/p>\n<\/div>\n<\/div><\/section><\/div><div  style='height:50px' class='hr hr-invisible   avia-builder-el-6  el_after_av_one_full  el_before_av_social_share '><span class='hr-inner ' ><span class='hr-inner-style'><\/span><\/span><\/div><\/p>\n<div  class='av-social-sharing-box  avia-builder-el-7  el_after_av_hr  el_before_av_hr  '><div class='av-share-box'><h5 class='av-share-link-description av-no-toc '>Compartir esta noticia<\/h5><ul class='av-share-box-list noLightbox'><li class='av-share-link av-social-link-facebook' ><a target=\"_blank\" aria-label=\"Compartir en Facebook\" href='https:\/\/www.facebook.com\/sharer.php?u=https:\/\/radiorevelacionfm.cl\/?p=35812&#038;t=Comenz%C3%B3%20la%20temporada%20de%20pesca%20recreativa%20en%20la%20regi%C3%B3n%20de%20Ays%C3%A9n' aria-hidden='false' data-av_icon='\ue8f3' data-av_iconfont='entypo-fontello' title='' data-avia-related-tooltip='Compartir en Facebook' rel=\"noopener\"><span class='avia_hidden_link_text'>Compartir en Facebook<\/span><\/a><\/li><li class='av-share-link av-social-link-twitter' ><a target=\"_blank\" aria-label=\"Compartir en Twitter\" href='https:\/\/twitter.com\/share?text=Comenz%C3%B3%20la%20temporada%20de%20pesca%20recreativa%20en%20la%20regi%C3%B3n%20de%20Ays%C3%A9n&#038;url=https:\/\/radiorevelacionfm.cl\/?p=35812' aria-hidden='false' data-av_icon='\ue8f1' data-av_iconfont='entypo-fontello' title='' data-avia-related-tooltip='Compartir en Twitter' rel=\"noopener\"><span class='avia_hidden_link_text'>Compartir en Twitter<\/span><\/a><\/li><li class='av-share-link av-social-link-whatsapp' ><a target=\"_blank\" aria-label=\"Compartir en Whatsapp\" href='https:\/\/api.whatsapp.com\/send?text=https:\/\/radiorevelacionfm.cl\/?p=35812' aria-hidden='false' data-av_icon='\uf232' data-av_iconfont='entypo-fontello' title='' data-avia-related-tooltip='Compartir en Whatsapp' rel=\"noopener\"><span class='avia_hidden_link_text'>Compartir en Whatsapp<\/span><\/a><\/li><li class='av-share-link av-social-link-linkedin' ><a target=\"_blank\" aria-label=\"Compartir en LinkedIn\" href='https:\/\/linkedin.com\/shareArticle?mini=true&#038;title=Comenz%C3%B3%20la%20temporada%20de%20pesca%20recreativa%20en%20la%20regi%C3%B3n%20de%20Ays%C3%A9n&#038;url=https:\/\/radiorevelacionfm.cl\/?p=35812' aria-hidden='false' data-av_icon='\ue8fc' data-av_iconfont='entypo-fontello' title='' data-avia-related-tooltip='Compartir en LinkedIn' rel=\"noopener\"><span class='avia_hidden_link_text'>Compartir en LinkedIn<\/span><\/a><\/li><li class='av-share-link av-social-link-mail' ><a  aria-label=\"Compartir por correo\" href='mailto:?subject=Comenz%C3%B3%20la%20temporada%20de%20pesca%20recreativa%20en%20la%20regi%C3%B3n%20de%20Ays%C3%A9n&#038;body=https:\/\/radiorevelacionfm.cl\/?p=35812' aria-hidden='false' data-av_icon='\ue805' data-av_iconfont='entypo-fontello' title='' data-avia-related-tooltip='Compartir por correo'><span class='avia_hidden_link_text'>Compartir por correo<\/span><\/a><\/li><\/ul><\/div><\/div>\n<div  style='height:50px' class='hr hr-invisible   avia-builder-el-8  el_after_av_social_share  el_before_av_comments_list '><span class='hr-inner ' ><span class='hr-inner-style'><\/span><\/span><\/div>\n<div  class='av-buildercomment  av-blog-meta-html-info-disabled av-blog-meta-tag-disabled  '><\/div>\n","protected":false},"excerpt":{"rendered":"","protected":false},"author":1,"featured_media":35813,"comment_status":"open","ping_status":"open","sticky":false,"template":"","format":"standard","meta":{"footnotes":""},"categories":[1],"tags":[],"class_list":["post-35812","post","type-post","status-publish","format-standard","has-post-thumbnail","hentry","category-sin-categoria"],"jetpack_featured_media_url":"https:\/\/radiorevelacionfm.cl\/wp-content\/uploads\/2023\/10\/lanzamiento-pesca-recreativa1_optimized.jpg","_links":{"self":[{"href":"https:\/\/radiorevelacionfm.cl\/index.php?rest_route=\/wp\/v2\/posts\/35812","targetHints":{"allow":["GET"]}}],"collection":[{"href":"https:\/\/radiorevelacionfm.cl\/index.php?rest_route=\/wp\/v2\/posts"}],"about":[{"href":"https:\/\/radiorevelacionfm.cl\/index.php?rest_route=\/wp\/v2\/types\/post"}],"author":[{"embeddable":true,"href":"https:\/\/radiorevelacionfm.cl\/index.php?rest_route=\/wp\/v2\/users\/1"}],"replies":[{"embeddable":true,"href":"https:\/\/radiorevelacionfm.cl\/index.php?rest_route=%2Fwp%2Fv2%2Fcomments&post=35812"}],"version-history":[{"count":1,"href":"https:\/\/radiorevelacionfm.cl\/index.php?rest_route=\/wp\/v2\/posts\/35812\/revisions"}],"predecessor-version":[{"id":35814,"href":"https:\/\/radiorevelacionfm.cl\/index.php?rest_route=\/wp\/v2\/posts\/35812\/revisions\/35814"}],"wp:featuredmedia":[{"embeddable":true,"href":"https:\/\/radiorevelacionfm.cl\/index.php?rest_route=\/wp\/v2\/media\/35813"}],"wp:attachment":[{"href":"https:\/\/radiorevelacionfm.cl\/index.php?rest_route=%2Fwp%2Fv2%2Fmedia&parent=35812"}],"wp:term":[{"taxonomy":"category","embeddable":true,"href":"https:\/\/radiorevelacionfm.cl\/index.php?rest_route=%2Fwp%2Fv2%2Fcategories&post=35812"},{"taxonomy":"post_tag","embeddable":true,"href":"https:\/\/radiorevelacionfm.cl\/index.php?rest_route=%2Fwp%2Fv2%2Ftags&post=35812"}],"curies":[{"name":"wp","href":"https:\/\/api.w.org\/{rel}","templated":true}]}}