{"id":35809,"date":"2023-10-12T10:46:13","date_gmt":"2023-10-12T13:46:13","guid":{"rendered":"https:\/\/radiorevelacionfm.cl\/?p=35809"},"modified":"2023-10-12T10:46:13","modified_gmt":"2023-10-12T13:46:13","slug":"expertos-recorrieron-campos-de-hielo-sur-y-analizaron-necesidad-de-proteccion-de-zona-sur-austral-de-aysen","status":"publish","type":"post","link":"https:\/\/radiorevelacionfm.cl\/?p=35809","title":{"rendered":"Expertos recorrieron Campos de Hielo Sur y analizaron necesidad de protecci\u00f3n de zona sur austral de Ays\u00e9n"},"content":{"rendered":"<div class=\"flex_column av_one_full  flex_column_div av-zero-column-padding first  avia-builder-el-0  el_before_av_one_full  avia-builder-el-first  \" style='border-radius:0px; '><div  class='avia-image-container  av-styling-    avia-builder-el-1  avia-builder-el-no-sibling  avia-align-center '  itemprop=\"image\" itemscope=\"itemscope\" itemtype=\"https:\/\/schema.org\/ImageObject\"  ><div class='avia-image-container-inner'><div class='avia-image-overlay-wrap'><img decoding=\"async\" class='wp-image-35810 avia-img-lazy-loading-not-35810 avia_image' src=\"https:\/\/radiorevelacionfm.cl\/wp-content\/uploads\/2023\/10\/1-45-1-2.jpeg\" alt='' title='1 (45) (1) (2)' height=\"600\" width=\"800\"  itemprop=\"thumbnailUrl\" srcset=\"https:\/\/radiorevelacionfm.cl\/wp-content\/uploads\/2023\/10\/1-45-1-2.jpeg 800w, https:\/\/radiorevelacionfm.cl\/wp-content\/uploads\/2023\/10\/1-45-1-2-300x225.jpeg 300w, https:\/\/radiorevelacionfm.cl\/wp-content\/uploads\/2023\/10\/1-45-1-2-768x576.jpeg 768w, https:\/\/radiorevelacionfm.cl\/wp-content\/uploads\/2023\/10\/1-45-1-2-705x529.jpeg 705w, https:\/\/radiorevelacionfm.cl\/wp-content\/uploads\/2023\/10\/1-45-1-2-450x338.jpeg 450w, https:\/\/radiorevelacionfm.cl\/wp-content\/uploads\/2023\/10\/1-45-1-2-600x450.jpeg 600w\" sizes=\"(max-width: 800px) 100vw, 800px\" \/><\/div><\/div><\/div><\/div><div class=\"flex_column av_one_full  flex_column_div av-zero-column-padding first  avia-builder-el-2  el_after_av_one_full  el_before_av_one_full  column-top-margin\" style='border-radius:0px; '><section class=\"av_textblock_section \"  itemscope=\"itemscope\" itemtype=\"https:\/\/schema.org\/BlogPosting\" itemprop=\"blogPost\" ><div class='avia_textblock  '   itemprop=\"text\" ><p style=\"text-align: center;\"><span style=\"font-size: 18pt;\"><strong>Expertos recorrieron Campos de Hielo Sur y analizaron necesidad de protecci\u00f3n de zona sur austral de Ays\u00e9n<\/strong><\/span><\/p>\n<div id=\"gtx-trans\" style=\"position: absolute; left: -50px; top: 4.31534px;\">\n<div class=\"gtx-trans-icon\"><\/div>\n<\/div>\n<\/div><\/section><\/div><div class=\"flex_column av_one_full  flex_column_div av-zero-column-padding first  avia-builder-el-4  el_after_av_one_full  el_before_av_hr  column-top-margin\" style='border-radius:0px; '><section class=\"av_textblock_section \"  itemscope=\"itemscope\" itemtype=\"https:\/\/schema.org\/BlogPosting\" itemprop=\"blogPost\" ><div class='avia_textblock  '   itemprop=\"text\" ><p style=\"text-align: justify;\">Durante ocho d\u00edas, una expedici\u00f3n llev\u00f3 a un grupo de monta\u00f1istas e investigadores, a profundizar su conocimiento sobre la comuna de O\u00b4Higgins, en el extremo sur de la regi\u00f3n de Ays\u00e9n. El recorrido por escarpados, bosques, senderos y plataformas de hielos continentales, propici\u00f3 el an\u00e1lisis en torno a la realidad territorial de este apartado punto del sur austral chileno.<\/p>\n<p style=\"text-align: justify;\">Esta \u00e1rea cuenta con diversos atractivos tur\u00edsticos con potencial de desarrollo, pero tambi\u00e9n enfrenta carencias en cuanto a conectividad b\u00e1sica. A lo anterior, se suma que es una zona estrat\u00e9gica y geopol\u00edticamente relevante, por lo que apuntan a que tenga protecci\u00f3n por parte del Estado.<\/p>\n<p style=\"text-align: justify;\">Uno de los expertos que recorri\u00f3 la zona es Marcelo Masalleras, destacado investigador ligado a Athena Lab. Su conocimiento en materia de defensa nacional, propici\u00f3 su an\u00e1lisis en torno a la realidad geogr\u00e1fica en una zona donde los l\u00edmites son acotados, como Campos de Hielo Sur.<\/p>\n<p style=\"text-align: justify;\">\u201cEn el recorrido que hicimos, tanto por aire como por tierra, es f\u00e1cil percatarse de la carencia que hay de una red caminera robusta, que permita una integraci\u00f3n local, regional y nacional\u201d, expres\u00f3. Masalleras asegura que se van \u201cconvencidos, que continuar con la ruta 8, que una a la Carretera Austral con Torres del Paine, es una necesidad estrat\u00e9gica del pa\u00eds, que debemos impulsar y apoyar\u201d.<\/p>\n<p style=\"text-align: justify;\">La visita incluy\u00f3 un recorrido por Campos de Hielo, la tercera reserva m\u00e1s grande de agua dulce del planeta, cuya defensa es necesaria, a juicio expertos ligados a Athena Lab, centro de estudios acad\u00e9micos, dedicados al an\u00e1lisis de las relaciones internacionales y de seguridad, que busca proponer pol\u00edticas p\u00fablicas que sean de utilidad para profundizar el crecimiento y desarrollo de esta apartada zona.<\/p>\n<p style=\"text-align: justify;\"><strong>Proponer pol\u00edticas p\u00fablicas<\/strong><\/p>\n<p style=\"text-align: justify;\">De acuerdo a lo planteado tras la expedici\u00f3n por el jefe de estudio John Griffiths, la visita a la zona de este grupo de expertos, busca proponer \u201cpol\u00edticas p\u00fablicas a quienes toman las decisiones, a los acad\u00e9micos, para que conozcan mejor una zona con tremendo potencial estrat\u00e9gico\u201d. Asegur\u00f3 de paso que uno de los desaf\u00edos es la integraci\u00f3n regional, aduciendo que \u201cno basta con un camino, hay que complementar, hay que luchar para exista una red caminera que le permita a los habitantes tener otras alternativas\u201d.<\/p>\n<p style=\"text-align: justify;\">Otro de los conocedores de este territorio austral es el destacado monta\u00f1ista nacional, Eugenio Guzm\u00e1n que a su haber tiene tres ascensos al monte Everest. Sostiene que Campos de Hielo Sur, \u201ces un lugar que atrae, que nos congrega a cuidar el medio ambiente, a desarrollar el turismo y el cuidado de nuestro territorio\u201d.<\/p>\n<p style=\"text-align: justify;\">La mirada local estuvo presente en esta expedici\u00f3n de ocho d\u00edas, de la mano Roberto Recabal, quien valor\u00f3 la visita de los acad\u00e9micos y expertos en esta traves\u00eda, profundizando en que se detect\u00f3 la necesidad \u201cdel retorno del Cuerpo Militar del Trabajo, para continuar con la v\u00eda entre Bah\u00eda Bahamondes \u2013 Bah\u00eda Pescado; Puerto Yungay \u2013 Bravo y el puente sobre el r\u00edo Pascua, adem\u00e1s de seguir trabajando en la ruta entre Punta Pisagua y Puerto Natales, para as\u00ed tener el camino del planeta\u201d.<\/p>\n<p style=\"text-align: justify;\">Otras de las conclusiones es la necesidad de extender la pista a\u00e9rea de Villa O\u00b4Higgins, que propicie la llegada de aviones de mayor aproximaci\u00f3n y que permita llegar con m\u00e1s carga a este rinc\u00f3n del sur austral de Ays\u00e9n.<\/p>\n<p style=\"text-align: justify;\">Los resultados de este estudio ejecutado por Athena Lab, ser\u00e1n transmitidos a trav\u00e9s de un seminario a realizarse en el mes de noviembre, que apunta a entregar este an\u00e1lisis a las autoridades que tomen decisiones que permitan el desarrollo de unos de los rincones m\u00e1s apartados de la regi\u00f3n.<\/p>\n<\/div><\/section><\/div><div  style='height:50px' class='hr hr-invisible   avia-builder-el-6  el_after_av_one_full  el_before_av_social_share '><span class='hr-inner ' ><span class='hr-inner-style'><\/span><\/span><\/div><\/p>\n<div  class='av-social-sharing-box  avia-builder-el-7  el_after_av_hr  el_before_av_hr  '><div class='av-share-box'><h5 class='av-share-link-description av-no-toc '>Compartir esta noticia<\/h5><ul class='av-share-box-list noLightbox'><li class='av-share-link av-social-link-facebook' ><a target=\"_blank\" aria-label=\"Compartir en Facebook\" href='https:\/\/www.facebook.com\/sharer.php?u=https:\/\/radiorevelacionfm.cl\/?p=35809&#038;t=Expertos%20recorrieron%20Campos%20de%20Hielo%20Sur%20y%20analizaron%20necesidad%20de%20protecci%C3%B3n%20de%20zona%20sur%20austral%20de%20Ays%C3%A9n' aria-hidden='false' data-av_icon='\ue8f3' data-av_iconfont='entypo-fontello' title='' data-avia-related-tooltip='Compartir en Facebook' rel=\"noopener\"><span class='avia_hidden_link_text'>Compartir en Facebook<\/span><\/a><\/li><li class='av-share-link av-social-link-twitter' ><a target=\"_blank\" aria-label=\"Compartir en Twitter\" href='https:\/\/twitter.com\/share?text=Expertos%20recorrieron%20Campos%20de%20Hielo%20Sur%20y%20analizaron%20necesidad%20de%20protecci%C3%B3n%20de%20zona%20sur%20austral%20de%20Ays%C3%A9n&#038;url=https:\/\/radiorevelacionfm.cl\/?p=35809' aria-hidden='false' data-av_icon='\ue8f1' data-av_iconfont='entypo-fontello' title='' data-avia-related-tooltip='Compartir en Twitter' rel=\"noopener\"><span class='avia_hidden_link_text'>Compartir en Twitter<\/span><\/a><\/li><li class='av-share-link av-social-link-whatsapp' ><a target=\"_blank\" aria-label=\"Compartir en Whatsapp\" href='https:\/\/api.whatsapp.com\/send?text=https:\/\/radiorevelacionfm.cl\/?p=35809' aria-hidden='false' data-av_icon='\uf232' data-av_iconfont='entypo-fontello' title='' data-avia-related-tooltip='Compartir en Whatsapp' rel=\"noopener\"><span class='avia_hidden_link_text'>Compartir en Whatsapp<\/span><\/a><\/li><li class='av-share-link av-social-link-linkedin' ><a target=\"_blank\" aria-label=\"Compartir en LinkedIn\" href='https:\/\/linkedin.com\/shareArticle?mini=true&#038;title=Expertos%20recorrieron%20Campos%20de%20Hielo%20Sur%20y%20analizaron%20necesidad%20de%20protecci%C3%B3n%20de%20zona%20sur%20austral%20de%20Ays%C3%A9n&#038;url=https:\/\/radiorevelacionfm.cl\/?p=35809' aria-hidden='false' data-av_icon='\ue8fc' data-av_iconfont='entypo-fontello' title='' data-avia-related-tooltip='Compartir en LinkedIn' rel=\"noopener\"><span class='avia_hidden_link_text'>Compartir en LinkedIn<\/span><\/a><\/li><li class='av-share-link av-social-link-mail' ><a  aria-label=\"Compartir por correo\" href='mailto:?subject=Expertos%20recorrieron%20Campos%20de%20Hielo%20Sur%20y%20analizaron%20necesidad%20de%20protecci%C3%B3n%20de%20zona%20sur%20austral%20de%20Ays%C3%A9n&#038;body=https:\/\/radiorevelacionfm.cl\/?p=35809' aria-hidden='false' data-av_icon='\ue805' data-av_iconfont='entypo-fontello' title='' data-avia-related-tooltip='Compartir por correo'><span class='avia_hidden_link_text'>Compartir por correo<\/span><\/a><\/li><\/ul><\/div><\/div>\n<div  style='height:50px' class='hr hr-invisible   avia-builder-el-8  el_after_av_social_share  el_before_av_comments_list '><span class='hr-inner ' ><span class='hr-inner-style'><\/span><\/span><\/div>\n<div  class='av-buildercomment  av-blog-meta-html-info-disabled av-blog-meta-tag-disabled  '><\/div>\n","protected":false},"excerpt":{"rendered":"","protected":false},"author":1,"featured_media":35810,"comment_status":"open","ping_status":"open","sticky":false,"template":"","format":"standard","meta":{"footnotes":""},"categories":[38],"tags":[],"class_list":["post-35809","post","type-post","status-publish","format-standard","has-post-thumbnail","hentry","category-regional"],"jetpack_featured_media_url":"https:\/\/radiorevelacionfm.cl\/wp-content\/uploads\/2023\/10\/1-45-1-2.jpeg","_links":{"self":[{"href":"https:\/\/radiorevelacionfm.cl\/index.php?rest_route=\/wp\/v2\/posts\/35809","targetHints":{"allow":["GET"]}}],"collection":[{"href":"https:\/\/radiorevelacionfm.cl\/index.php?rest_route=\/wp\/v2\/posts"}],"about":[{"href":"https:\/\/radiorevelacionfm.cl\/index.php?rest_route=\/wp\/v2\/types\/post"}],"author":[{"embeddable":true,"href":"https:\/\/radiorevelacionfm.cl\/index.php?rest_route=\/wp\/v2\/users\/1"}],"replies":[{"embeddable":true,"href":"https:\/\/radiorevelacionfm.cl\/index.php?rest_route=%2Fwp%2Fv2%2Fcomments&post=35809"}],"version-history":[{"count":1,"href":"https:\/\/radiorevelacionfm.cl\/index.php?rest_route=\/wp\/v2\/posts\/35809\/revisions"}],"predecessor-version":[{"id":35811,"href":"https:\/\/radiorevelacionfm.cl\/index.php?rest_route=\/wp\/v2\/posts\/35809\/revisions\/35811"}],"wp:featuredmedia":[{"embeddable":true,"href":"https:\/\/radiorevelacionfm.cl\/index.php?rest_route=\/wp\/v2\/media\/35810"}],"wp:attachment":[{"href":"https:\/\/radiorevelacionfm.cl\/index.php?rest_route=%2Fwp%2Fv2%2Fmedia&parent=35809"}],"wp:term":[{"taxonomy":"category","embeddable":true,"href":"https:\/\/radiorevelacionfm.cl\/index.php?rest_route=%2Fwp%2Fv2%2Fcategories&post=35809"},{"taxonomy":"post_tag","embeddable":true,"href":"https:\/\/radiorevelacionfm.cl\/index.php?rest_route=%2Fwp%2Fv2%2Ftags&post=35809"}],"curies":[{"name":"wp","href":"https:\/\/api.w.org\/{rel}","templated":true}]}}