{"id":35806,"date":"2023-10-12T10:17:46","date_gmt":"2023-10-12T13:17:46","guid":{"rendered":"https:\/\/radiorevelacionfm.cl\/?p=35806"},"modified":"2023-10-12T10:17:46","modified_gmt":"2023-10-12T13:17:46","slug":"prevencion-del-suicidio-con-campana-informativa-buscan-aumentar-el-conocimiento-de-la-comunidad-sobre-las-senales-de-alerta","status":"publish","type":"post","link":"https:\/\/radiorevelacionfm.cl\/?p=35806","title":{"rendered":"Prevenci\u00f3n del Suicidio: Con campa\u00f1a informativa buscan aumentar el conocimiento de la comunidad sobre las se\u00f1ales de alerta"},"content":{"rendered":"<div class=\"flex_column av_one_full  flex_column_div av-zero-column-padding first  avia-builder-el-0  el_before_av_one_full  avia-builder-el-first  \" style='border-radius:0px; '><div  class='avia-image-container  av-styling-    avia-builder-el-1  avia-builder-el-no-sibling  avia-align-center '  itemprop=\"image\" itemscope=\"itemscope\" itemtype=\"https:\/\/schema.org\/ImageObject\"  ><div class='avia-image-container-inner'><div class='avia-image-overlay-wrap'><img decoding=\"async\" class='wp-image-35807 avia-img-lazy-loading-not-35807 avia_image' src=\"https:\/\/radiorevelacionfm.cl\/wp-content\/uploads\/2023\/10\/WhatsApp-Image-2023-10-10-at-10.31.03-AM-1-1.jpeg\" alt='' title='WhatsApp Image 2023-10-10 at 10.31.03 AM (1) (1)' height=\"600\" width=\"800\"  itemprop=\"thumbnailUrl\" srcset=\"https:\/\/radiorevelacionfm.cl\/wp-content\/uploads\/2023\/10\/WhatsApp-Image-2023-10-10-at-10.31.03-AM-1-1.jpeg 800w, https:\/\/radiorevelacionfm.cl\/wp-content\/uploads\/2023\/10\/WhatsApp-Image-2023-10-10-at-10.31.03-AM-1-1-300x225.jpeg 300w, https:\/\/radiorevelacionfm.cl\/wp-content\/uploads\/2023\/10\/WhatsApp-Image-2023-10-10-at-10.31.03-AM-1-1-768x576.jpeg 768w, https:\/\/radiorevelacionfm.cl\/wp-content\/uploads\/2023\/10\/WhatsApp-Image-2023-10-10-at-10.31.03-AM-1-1-705x529.jpeg 705w, https:\/\/radiorevelacionfm.cl\/wp-content\/uploads\/2023\/10\/WhatsApp-Image-2023-10-10-at-10.31.03-AM-1-1-450x338.jpeg 450w, https:\/\/radiorevelacionfm.cl\/wp-content\/uploads\/2023\/10\/WhatsApp-Image-2023-10-10-at-10.31.03-AM-1-1-600x450.jpeg 600w\" sizes=\"(max-width: 800px) 100vw, 800px\" \/><\/div><\/div><\/div><\/div><div class=\"flex_column av_one_full  flex_column_div av-zero-column-padding first  avia-builder-el-2  el_after_av_one_full  el_before_av_one_full  column-top-margin\" style='border-radius:0px; '><section class=\"av_textblock_section \"  itemscope=\"itemscope\" itemtype=\"https:\/\/schema.org\/BlogPosting\" itemprop=\"blogPost\" ><div class='avia_textblock  '   itemprop=\"text\" ><p style=\"text-align: center;\"><span style=\"font-size: 18pt;\"><b>Prevenci\u00f3n del Suicidio: Con campa\u00f1a informativa buscan aumentar el conocimiento de la comunidad sobre las se\u00f1ales de alerta<\/b><\/span><\/p>\n<div id=\"gtx-trans\" style=\"position: absolute; left: -50px; top: 4.31534px;\">\n<div class=\"gtx-trans-icon\"><\/div>\n<\/div>\n<\/div><\/section><\/div><div class=\"flex_column av_one_full  flex_column_div av-zero-column-padding first  avia-builder-el-4  el_after_av_one_full  el_before_av_hr  column-top-margin\" style='border-radius:0px; '><section class=\"av_textblock_section \"  itemscope=\"itemscope\" itemtype=\"https:\/\/schema.org\/BlogPosting\" itemprop=\"blogPost\" ><div class='avia_textblock  '   itemprop=\"text\" ><p style=\"font-weight: 400; text-align: justify;\">En el marco del D\u00eda Mundial de la Salud Mental, el Servicio de Salud Ays\u00e9n en colaboraci\u00f3n con Sodimac Coyhaique, inici\u00f3 el proyecto de instalaci\u00f3n de T\u00f3tems Informativos que buscan educar a la comunidad para que aprenda a detectar cu\u00e1ndo una persona est\u00e1 sintiendo un dolor emocional extremadamente intenso con ideas de hacerse da\u00f1o o de querer morir.<\/p>\n<p style=\"font-weight: 400; text-align: justify;\">En estos prismas, que estar\u00e1n instalados en lugares de alta afluencia de p\u00fablico, se entrega el detalle de las se\u00f1ales de alerta en espacios como el hogar y los ambientes educativos, adem\u00e1s de promover la l\u00ednea de prevenci\u00f3n del suicidio *4141.<\/p>\n<p style=\"font-weight: 400; text-align: justify;\">\u201cPara nosotros es prioritario aunar esfuerzos en pos de la prevenci\u00f3n de suicidios, esta es una tarea real y posible y eso es importante que la comunidad lo sepa. Hoy comenzamos instalando estos t\u00f3tems que buscan acercar a las personas informaci\u00f3n relevante con el n\u00famero de tel\u00e9fono de la l\u00ednea *4141, disponible todos los d\u00edas del a\u00f1o para que quienes los requieran puedan sentirse contenidos y orientados\u201d, se\u00f1al\u00f3 la Dra. Daniela Vargas del Subdepartamento de Salud Mental del SSA.<\/p>\n<p style=\"font-weight: 400; text-align: justify;\">La salud mental es una de las prioridades del gobierno cuyos esfuerzos a nivel local y nacional han estado enfocados en mejorar la capacidad de respuesta de la red asistencial, facilitando el acceso a atenciones en esta \u00e1rea espec\u00edfica y propiciando instancias de di\u00e1logo y educaci\u00f3n para la comunidad.<\/p>\n<p style=\"font-weight: 400; text-align: justify;\">\u201cUna de las prioridades que tiene el desarrollo de la salud en Chile es precisamente la salud mental y por eso en este lugar, que tiene mucha concurrencia, donde la gente de la regi\u00f3n y especialmente los coyhaiquinos nos reunimos, quisimos celebrar este d\u00eda e iniciar este nuevo programa de apoyo a la comunidad como es el que hoy estamos trabajando para la prevenci\u00f3n del suicidio\u201d, explic\u00f3 el Dr. Rodrigo Verdugo, subdirector de Gesti\u00f3n Asistencial del SSA.<\/p>\n<p style=\"font-weight: 400; text-align: justify;\">La prevenci\u00f3n del suicidio es tarea de cada una y cada uno de nosotros y bajo este precepto la colaboraci\u00f3n entre los sectores p\u00fablicos y privados resulta fundamental para llegar con este tipo de informaci\u00f3n a la comunidad.<\/p>\n<p style=\"font-weight: 400; text-align: justify;\">\u201cNos unimos a trabajar con ustedes para instalar este t\u00f3tem donde queremos como empresa trabajar en salud mental. Nosotros teneos varios programas dentro de la compa\u00f1\u00eda y entre eso aportamos al autocuidado y tenemos canales para apoyar temas de salud mental a los colaboradores, donde reciben orientaci\u00f3n a los que les sucede\u201d, dijo Graciela Andrade, jefa de Recursos Humanos de Sodimac Coyhaique.<\/p>\n<p style=\"font-weight: 400; text-align: justify;\">En Sodimac Coyhaique, en el sector de las cajas, se instal\u00f3 el primero de una decena de t\u00f3tems que se ubicar\u00e1n en sitios con alta afluencia de p\u00fablico en las ciudades de Puerto Cisnes, Puerto Ays\u00e9n, Chile Chico y Cochrane.<\/p>\n<\/div><\/section><\/div><div  style='height:50px' class='hr hr-invisible   avia-builder-el-6  el_after_av_one_full  el_before_av_social_share '><span class='hr-inner ' ><span class='hr-inner-style'><\/span><\/span><\/div><\/p>\n<div  class='av-social-sharing-box  avia-builder-el-7  el_after_av_hr  el_before_av_hr  '><div class='av-share-box'><h5 class='av-share-link-description av-no-toc '>Compartir esta noticia<\/h5><ul class='av-share-box-list noLightbox'><li class='av-share-link av-social-link-facebook' ><a target=\"_blank\" aria-label=\"Compartir en Facebook\" href='https:\/\/www.facebook.com\/sharer.php?u=https:\/\/radiorevelacionfm.cl\/?p=35806&#038;t=Prevenci%C3%B3n%20del%20Suicidio%3A%20Con%20campa%C3%B1a%20informativa%20buscan%20aumentar%20el%20conocimiento%20de%20la%20comunidad%20sobre%20las%20se%C3%B1ales%20de%20alerta' aria-hidden='false' data-av_icon='\ue8f3' data-av_iconfont='entypo-fontello' title='' data-avia-related-tooltip='Compartir en Facebook' rel=\"noopener\"><span class='avia_hidden_link_text'>Compartir en Facebook<\/span><\/a><\/li><li class='av-share-link av-social-link-twitter' ><a target=\"_blank\" aria-label=\"Compartir en Twitter\" href='https:\/\/twitter.com\/share?text=Prevenci%C3%B3n%20del%20Suicidio%3A%20Con%20campa%C3%B1a%20informativa%20buscan%20aumentar%20el%20conocimiento%20de%20la%20comunidad%20sobre%20las%20se%C3%B1ales%20de%20alerta&#038;url=https:\/\/radiorevelacionfm.cl\/?p=35806' aria-hidden='false' data-av_icon='\ue8f1' data-av_iconfont='entypo-fontello' title='' data-avia-related-tooltip='Compartir en Twitter' rel=\"noopener\"><span class='avia_hidden_link_text'>Compartir en Twitter<\/span><\/a><\/li><li class='av-share-link av-social-link-whatsapp' ><a target=\"_blank\" aria-label=\"Compartir en Whatsapp\" href='https:\/\/api.whatsapp.com\/send?text=https:\/\/radiorevelacionfm.cl\/?p=35806' aria-hidden='false' data-av_icon='\uf232' data-av_iconfont='entypo-fontello' title='' data-avia-related-tooltip='Compartir en Whatsapp' rel=\"noopener\"><span class='avia_hidden_link_text'>Compartir en Whatsapp<\/span><\/a><\/li><li class='av-share-link av-social-link-linkedin' ><a target=\"_blank\" aria-label=\"Compartir en LinkedIn\" href='https:\/\/linkedin.com\/shareArticle?mini=true&#038;title=Prevenci%C3%B3n%20del%20Suicidio%3A%20Con%20campa%C3%B1a%20informativa%20buscan%20aumentar%20el%20conocimiento%20de%20la%20comunidad%20sobre%20las%20se%C3%B1ales%20de%20alerta&#038;url=https:\/\/radiorevelacionfm.cl\/?p=35806' aria-hidden='false' data-av_icon='\ue8fc' data-av_iconfont='entypo-fontello' title='' data-avia-related-tooltip='Compartir en LinkedIn' rel=\"noopener\"><span class='avia_hidden_link_text'>Compartir en LinkedIn<\/span><\/a><\/li><li class='av-share-link av-social-link-mail' ><a  aria-label=\"Compartir por correo\" href='mailto:?subject=Prevenci%C3%B3n%20del%20Suicidio%3A%20Con%20campa%C3%B1a%20informativa%20buscan%20aumentar%20el%20conocimiento%20de%20la%20comunidad%20sobre%20las%20se%C3%B1ales%20de%20alerta&#038;body=https:\/\/radiorevelacionfm.cl\/?p=35806' aria-hidden='false' data-av_icon='\ue805' data-av_iconfont='entypo-fontello' title='' data-avia-related-tooltip='Compartir por correo'><span class='avia_hidden_link_text'>Compartir por correo<\/span><\/a><\/li><\/ul><\/div><\/div>\n<div  style='height:50px' class='hr hr-invisible   avia-builder-el-8  el_after_av_social_share  el_before_av_comments_list '><span class='hr-inner ' ><span class='hr-inner-style'><\/span><\/span><\/div>\n<div  class='av-buildercomment  av-blog-meta-html-info-disabled av-blog-meta-tag-disabled  '><\/div>\n","protected":false},"excerpt":{"rendered":"","protected":false},"author":1,"featured_media":35807,"comment_status":"open","ping_status":"open","sticky":false,"template":"","format":"standard","meta":{"footnotes":""},"categories":[38,46],"tags":[],"class_list":["post-35806","post","type-post","status-publish","format-standard","has-post-thumbnail","hentry","category-regional","category-salud"],"jetpack_featured_media_url":"https:\/\/radiorevelacionfm.cl\/wp-content\/uploads\/2023\/10\/WhatsApp-Image-2023-10-10-at-10.31.03-AM-1-1.jpeg","_links":{"self":[{"href":"https:\/\/radiorevelacionfm.cl\/index.php?rest_route=\/wp\/v2\/posts\/35806","targetHints":{"allow":["GET"]}}],"collection":[{"href":"https:\/\/radiorevelacionfm.cl\/index.php?rest_route=\/wp\/v2\/posts"}],"about":[{"href":"https:\/\/radiorevelacionfm.cl\/index.php?rest_route=\/wp\/v2\/types\/post"}],"author":[{"embeddable":true,"href":"https:\/\/radiorevelacionfm.cl\/index.php?rest_route=\/wp\/v2\/users\/1"}],"replies":[{"embeddable":true,"href":"https:\/\/radiorevelacionfm.cl\/index.php?rest_route=%2Fwp%2Fv2%2Fcomments&post=35806"}],"version-history":[{"count":1,"href":"https:\/\/radiorevelacionfm.cl\/index.php?rest_route=\/wp\/v2\/posts\/35806\/revisions"}],"predecessor-version":[{"id":35808,"href":"https:\/\/radiorevelacionfm.cl\/index.php?rest_route=\/wp\/v2\/posts\/35806\/revisions\/35808"}],"wp:featuredmedia":[{"embeddable":true,"href":"https:\/\/radiorevelacionfm.cl\/index.php?rest_route=\/wp\/v2\/media\/35807"}],"wp:attachment":[{"href":"https:\/\/radiorevelacionfm.cl\/index.php?rest_route=%2Fwp%2Fv2%2Fmedia&parent=35806"}],"wp:term":[{"taxonomy":"category","embeddable":true,"href":"https:\/\/radiorevelacionfm.cl\/index.php?rest_route=%2Fwp%2Fv2%2Fcategories&post=35806"},{"taxonomy":"post_tag","embeddable":true,"href":"https:\/\/radiorevelacionfm.cl\/index.php?rest_route=%2Fwp%2Fv2%2Ftags&post=35806"}],"curies":[{"name":"wp","href":"https:\/\/api.w.org\/{rel}","templated":true}]}}