{"id":35800,"date":"2023-10-11T22:51:21","date_gmt":"2023-10-12T01:51:21","guid":{"rendered":"https:\/\/radiorevelacionfm.cl\/?p=35800"},"modified":"2023-10-11T23:06:34","modified_gmt":"2023-10-12T02:06:34","slug":"gope-aysen-rescato-a-dos-personas-desde-lago-zentenobajo-bajo-adversas-condiciones-climaticas","status":"publish","type":"post","link":"https:\/\/radiorevelacionfm.cl\/?p=35800","title":{"rendered":"GOPE Ays\u00e9n rescat\u00f3 a dos personas desde lago Zenteno bajo adversas condiciones clim\u00e1ticas"},"content":{"rendered":"<div class=\"flex_column av_one_full  flex_column_div av-zero-column-padding first  avia-builder-el-0  el_before_av_one_full  avia-builder-el-first  \" style='border-radius:0px; '><div  class='avia-image-container  av-styling-    avia-builder-el-1  avia-builder-el-no-sibling  avia-align-center '  itemprop=\"image\" itemscope=\"itemscope\" itemtype=\"https:\/\/schema.org\/ImageObject\"  ><div class='avia-image-container-inner'><div class='avia-image-overlay-wrap'><img decoding=\"async\" class='wp-image-35801 avia-img-lazy-loading-not-35801 avia_image' src=\"https:\/\/radiorevelacionfm.cl\/wp-content\/uploads\/2023\/10\/d01703b6-c326-4313-b5e6-7a4478968a0f-2-2.jpg\" alt='' title='d01703b6-c326-4313-b5e6-7a4478968a0f-2-2' height=\"600\" width=\"1065\"  itemprop=\"thumbnailUrl\" srcset=\"https:\/\/radiorevelacionfm.cl\/wp-content\/uploads\/2023\/10\/d01703b6-c326-4313-b5e6-7a4478968a0f-2-2.jpg 1065w, https:\/\/radiorevelacionfm.cl\/wp-content\/uploads\/2023\/10\/d01703b6-c326-4313-b5e6-7a4478968a0f-2-2-300x169.jpg 300w, https:\/\/radiorevelacionfm.cl\/wp-content\/uploads\/2023\/10\/d01703b6-c326-4313-b5e6-7a4478968a0f-2-2-1030x580.jpg 1030w, https:\/\/radiorevelacionfm.cl\/wp-content\/uploads\/2023\/10\/d01703b6-c326-4313-b5e6-7a4478968a0f-2-2-768x433.jpg 768w, https:\/\/radiorevelacionfm.cl\/wp-content\/uploads\/2023\/10\/d01703b6-c326-4313-b5e6-7a4478968a0f-2-2-705x397.jpg 705w, https:\/\/radiorevelacionfm.cl\/wp-content\/uploads\/2023\/10\/d01703b6-c326-4313-b5e6-7a4478968a0f-2-2-450x254.jpg 450w, https:\/\/radiorevelacionfm.cl\/wp-content\/uploads\/2023\/10\/d01703b6-c326-4313-b5e6-7a4478968a0f-2-2-600x338.jpg 600w\" sizes=\"(max-width: 1065px) 100vw, 1065px\" \/><\/div><\/div><\/div><\/div><div class=\"flex_column av_one_full  flex_column_div av-zero-column-padding first  avia-builder-el-2  el_after_av_one_full  el_before_av_one_full  column-top-margin\" style='border-radius:0px; '><section class=\"av_textblock_section \"  itemscope=\"itemscope\" itemtype=\"https:\/\/schema.org\/BlogPosting\" itemprop=\"blogPost\" ><div class='avia_textblock  '   itemprop=\"text\" ><h2 class=\"title\" style=\"text-align: center;\"><span style=\"font-size: 18pt;\"><b><span lang=\"ES\">GOPE Ays\u00e9n rescat\u00f3 a dos personas desde lago Zenteno bajo adversas condiciones clim\u00e1ticas<\/span><\/b><\/span><\/h2>\n<div id=\"gtx-trans\" style=\"position: absolute; left: -50px; top: 4.31534px;\">\n<div class=\"gtx-trans-icon\"><\/div>\n<\/div>\n<\/div><\/section><\/div><div class=\"flex_column av_one_full  flex_column_div av-zero-column-padding first  avia-builder-el-4  el_after_av_one_full  el_before_av_hr  column-top-margin\" style='border-radius:0px; '><section class=\"av_textblock_section \"  itemscope=\"itemscope\" itemtype=\"https:\/\/schema.org\/BlogPosting\" itemprop=\"blogPost\" ><div class='avia_textblock  '   itemprop=\"text\" ><div>\n<p class=\"v1MsoNormal\" style=\"text-align: justify;\"><em><span lang=\"ES\">Los dos extraviados pasaron una noche quemando colihues, como una forma de hacer frente a la condici\u00f3n clim\u00e1tica de fr\u00edo, viento y lluvia, hasta ser rescatados en una compleja navegaci\u00f3n por este grupo especializado de Carabineros.<\/span><\/em><\/p>\n<p class=\"v1MsoNormal\" style=\"text-align: justify;\"><span lang=\"ES\">Tras una compleja navegaci\u00f3n en medio de las agitadas aguas del lago Zenteno producto del fuerte viento reinante, sumado a las bajas temperaturas, Carabineros del Grupo de Operaciones Policiales Especiales (GOPE) Ays\u00e9n rescat\u00f3 sanos y salvos a dos personas de sexo masculino quienes quedaron a la deriva tras sufrir un desperfecto mec\u00e1nico en el motor de su embarcaci\u00f3n.<\/span><\/p>\n<p class=\"v1MsoNormal\" style=\"text-align: justify;\"><span lang=\"ES\">Ricardo G\u00f3mez y C\u00e9sar Mansilla, dos amigos desde la infancia, hab\u00edan aprovechado el fin de semana largo para compartir una jornada de pesca recreativa, llegando al lugar aproximadamente a las 11:00 horas del d\u00eda s\u00e1bado reci\u00e9n pasado. Luego de cuatro horas de actividad y navegaci\u00f3n, escogieron un sector para almorzar, no obstante, al iniciar el regreso, la chaveta del motor habr\u00eda golpeado una roca, generando un desperfecto en la transmisi\u00f3n imposibilitando transmitir el movimiento a la h\u00e9lice, quedando a la deriva en el lugar.<\/span><\/p>\n<p class=\"v1MsoNormal\" style=\"text-align: justify;\"><span lang=\"ES\">Pese a que ambos intentaron salir mediante remos hasta una puntilla \u2013seg\u00fan relat\u00f3 Ricardo G\u00f3mez- el fuerte viento reinante en el sector imposibilit\u00f3 la maniobra, siendo impulsados nuevamente hacia la rivera, cerca de la parte posterior del lago. Ante esto, ambos descendieron y amarraron la embarcaci\u00f3n a un \u00e1rbol intentando regresar a pie a trav\u00e9s del denso bosque, mientras el fr\u00edo, la lluvia y la luz comenzaba a escasear en el lugar.<\/span><\/p>\n<p class=\"v1MsoNormal\" style=\"text-align: justify;\"><b><span lang=\"ES\">Respuesta oportuna<\/span><\/b><\/p>\n<p class=\"v1MsoNormal\" style=\"text-align: justify;\"><span lang=\"ES\">El Jefe del GOPE Ays\u00e9n, Capit\u00e1n Claudio Troncoso, indic\u00f3 que una de las personas tom\u00f3 contacto con la Central de Comunicaciones (Cenco) de Carabineros a trav\u00e9s del nivel de emergencias 133 reportando la situaci\u00f3n, solicitando apoyo para salir del lugar.<\/span><\/p>\n<p class=\"v1MsoNormal\" style=\"text-align: justify;\"><span lang=\"ES\">\u00abEllos tras dejar su embarcaci\u00f3n amarrada, comenzaron a caminar para intentar salir por sus propios medios y al no lograrlo, dieron el comunicado a Cenco, quienes tomaron contacto con el GOPE Ays\u00e9n (&#8230;) nos comunicamos en forma telef\u00f3nica de inmediato con ellos para orientarlos sobre los cursos de acci\u00f3n que deb\u00edan seguir para una extracci\u00f3n segura del lugar\u00bb, indic\u00f3 el Oficial.<\/span><\/p>\n<p class=\"v1MsoNormal\" style=\"text-align: justify;\"><span lang=\"ES\">Tras lo anterior, el personal especializado los inst\u00f3 a permanecer en el lugar y reservar la bater\u00eda del tel\u00e9fono para mantener comunicaci\u00f3n cada cierto tiempo.<\/span><\/p>\n<p class=\"v1MsoNormal\" style=\"text-align: justify;\"><span lang=\"ES\">\u00abSimult\u00e1neamente en horas de la noche nos trasladamos al lugar donde ocurrieron los hechos, donde las condiciones eran adversas con mucha lluvia, viento y oleaje en el lago Zenteno, haciendo compleja la navegaci\u00f3n, indic\u00e1ndoles que se cobijen, toda vez que estaban con abrigo y no ten\u00edan mayores inconvenientes, por lo que tras chequear la meteorolog\u00eda, se planific\u00f3 el ingreso al lago a primera hora de la ma\u00f1ana del domingo y con luz d\u00eda para una navegaci\u00f3n segura y concretar la extracci\u00f3n\u00bb, explic\u00f3 el Capit\u00e1n Troncoso.<\/span><\/p>\n<p class=\"v1MsoNormal\" style=\"text-align: justify;\"><span lang=\"ES\">Por su parte C\u00e9sar Mansilla -uno de los rescatados- indic\u00f3 que \u00aben la noche no dormimos, porque en ese lago hay mucha humedad, no hay le\u00f1a, pasamos la noche quemando colihue, es tan h\u00famedo que la otra le\u00f1a no enciende\u00bb, record\u00f3.<\/span><\/p>\n<p class=\"v1MsoNormal\" style=\"text-align: justify;\"><b><span lang=\"ES\">Extracci\u00f3n<\/span><\/b><\/p>\n<p class=\"v1MsoNormal\" style=\"text-align: justify;\"><span lang=\"ES\">Tras la compleja navegaci\u00f3n, la patrulla del GOPE logr\u00f3 divisar a la distancia a dos personas realizando se\u00f1as entre juncos y la densa vegetaci\u00f3n del sector, pudiendo embarcarlos y sacarlos sanos y salvos del lugar.<\/span><\/p>\n<p class=\"v1MsoNormal\" style=\"text-align: justify;\"><span lang=\"ES\">\u00abAl ver nuestra llegada y ya seguros al interior de la embarcaci\u00f3n, estaban muy alegres, muy agradecidos, estaban felices por la orientaci\u00f3n que se les dio como GOPE para resguardar su seguridad, y el estar comunicados cada ciertos periodos de la noche les dio tranquilidad, porque sab\u00edan que nos encontr\u00e1bamos en el lugar, toda vez que est\u00e1bamos buscando la forma de aproximarnos lo m\u00e1s r\u00e1pido posible y segura para todos, mostr\u00e1ndose ambos muy satisfechos por el trabajo realizado por Carabineros del GOPE luego de ser evacuados a una zona segura y sin novedad\u00bb, detall\u00f3 el Jefe del GOPE Ays\u00e9n, Capit\u00e1n Claudio Troncoso.<\/span><\/p>\n<p class=\"v1MsoNormal\" style=\"text-align: justify;\"><span lang=\"ES\">Frente a lo anterior C\u00e9sar Mansilla tuvo palabras de reconocimiento para el trabajo desarrollado por esta patrulla altamente especializada, resaltando el compromiso y profesionalismo demostrado por el personal.<\/span><\/p>\n<p class=\"v1MsoNormal\" style=\"text-align: justify;\"><span lang=\"ES\">\u00abEllos (la patrulla GOPE) fue un equipo muy preocupado, porque estuvimos en contacto siempre, nos llamaban, nosotros los llam\u00e1bamos de vuelta y nos daban respuesta inmediata. Ellos salieron a las 07:30 horas y a las 08:15 ya nos ten\u00edan sobre el bote. Muy preocupados y muy profesional el equipo GOPE, nuestras felicitaciones y una estrella m\u00e1s por su trabajo\u00bb, indic\u00f3 a\u00fan con alegr\u00eda en el rostro, mientras sosten\u00eda un vaso de caf\u00e9 en sus manos.<\/span><\/p>\n<p class=\"v1MsoNormal\" style=\"text-align: justify;\"><span lang=\"ES\">La arriesgada acci\u00f3n, permiti\u00f3 en definitiva un rescate exitoso, posibilitando hoy que Ricardo y C\u00e9sar est\u00e9n de regreso sanos y salvos en casa reunidos junto a su familia.<\/span><\/p>\n<\/div>\n<\/div><\/section><\/div><div  style='height:50px' class='hr hr-invisible   avia-builder-el-6  el_after_av_one_full  el_before_av_social_share '><span class='hr-inner ' ><span class='hr-inner-style'><\/span><\/span><\/div><\/p>\n<div  class='av-social-sharing-box  avia-builder-el-7  el_after_av_hr  el_before_av_hr  '><div class='av-share-box'><h5 class='av-share-link-description av-no-toc '>Compartir esta noticia<\/h5><ul class='av-share-box-list noLightbox'><li class='av-share-link av-social-link-facebook' ><a target=\"_blank\" aria-label=\"Compartir en Facebook\" href='https:\/\/www.facebook.com\/sharer.php?u=https:\/\/radiorevelacionfm.cl\/?p=35800&#038;t=GOPE%20Ays%C3%A9n%20rescat%C3%B3%20a%20dos%20personas%20desde%20lago%20Zenteno%20bajo%20adversas%20condiciones%20clim%C3%A1ticas' aria-hidden='false' data-av_icon='\ue8f3' data-av_iconfont='entypo-fontello' title='' data-avia-related-tooltip='Compartir en Facebook' rel=\"noopener\"><span class='avia_hidden_link_text'>Compartir en Facebook<\/span><\/a><\/li><li class='av-share-link av-social-link-twitter' ><a target=\"_blank\" aria-label=\"Compartir en Twitter\" href='https:\/\/twitter.com\/share?text=GOPE%20Ays%C3%A9n%20rescat%C3%B3%20a%20dos%20personas%20desde%20lago%20Zenteno%20bajo%20adversas%20condiciones%20clim%C3%A1ticas&#038;url=https:\/\/radiorevelacionfm.cl\/?p=35800' aria-hidden='false' data-av_icon='\ue8f1' data-av_iconfont='entypo-fontello' title='' data-avia-related-tooltip='Compartir en Twitter' rel=\"noopener\"><span class='avia_hidden_link_text'>Compartir en Twitter<\/span><\/a><\/li><li class='av-share-link av-social-link-whatsapp' ><a target=\"_blank\" aria-label=\"Compartir en Whatsapp\" href='https:\/\/api.whatsapp.com\/send?text=https:\/\/radiorevelacionfm.cl\/?p=35800' aria-hidden='false' data-av_icon='\uf232' data-av_iconfont='entypo-fontello' title='' data-avia-related-tooltip='Compartir en Whatsapp' rel=\"noopener\"><span class='avia_hidden_link_text'>Compartir en Whatsapp<\/span><\/a><\/li><li class='av-share-link av-social-link-linkedin' ><a target=\"_blank\" aria-label=\"Compartir en LinkedIn\" href='https:\/\/linkedin.com\/shareArticle?mini=true&#038;title=GOPE%20Ays%C3%A9n%20rescat%C3%B3%20a%20dos%20personas%20desde%20lago%20Zenteno%20bajo%20adversas%20condiciones%20clim%C3%A1ticas&#038;url=https:\/\/radiorevelacionfm.cl\/?p=35800' aria-hidden='false' data-av_icon='\ue8fc' data-av_iconfont='entypo-fontello' title='' data-avia-related-tooltip='Compartir en LinkedIn' rel=\"noopener\"><span class='avia_hidden_link_text'>Compartir en LinkedIn<\/span><\/a><\/li><li class='av-share-link av-social-link-mail' ><a  aria-label=\"Compartir por correo\" href='mailto:?subject=GOPE%20Ays%C3%A9n%20rescat%C3%B3%20a%20dos%20personas%20desde%20lago%20Zenteno%20bajo%20adversas%20condiciones%20clim%C3%A1ticas&#038;body=https:\/\/radiorevelacionfm.cl\/?p=35800' aria-hidden='false' data-av_icon='\ue805' data-av_iconfont='entypo-fontello' title='' data-avia-related-tooltip='Compartir por correo'><span class='avia_hidden_link_text'>Compartir por correo<\/span><\/a><\/li><\/ul><\/div><\/div>\n<div  style='height:50px' class='hr hr-invisible   avia-builder-el-8  el_after_av_social_share  el_before_av_comments_list '><span class='hr-inner ' ><span class='hr-inner-style'><\/span><\/span><\/div>\n<div  class='av-buildercomment  av-blog-meta-html-info-disabled av-blog-meta-tag-disabled  '><\/div>\n","protected":false},"excerpt":{"rendered":"","protected":false},"author":1,"featured_media":35801,"comment_status":"open","ping_status":"open","sticky":false,"template":"","format":"standard","meta":{"footnotes":""},"categories":[36],"tags":[],"class_list":["post-35800","post","type-post","status-publish","format-standard","has-post-thumbnail","hentry","category-policial"],"jetpack_featured_media_url":"https:\/\/radiorevelacionfm.cl\/wp-content\/uploads\/2023\/10\/d01703b6-c326-4313-b5e6-7a4478968a0f-2-2.jpg","_links":{"self":[{"href":"https:\/\/radiorevelacionfm.cl\/index.php?rest_route=\/wp\/v2\/posts\/35800","targetHints":{"allow":["GET"]}}],"collection":[{"href":"https:\/\/radiorevelacionfm.cl\/index.php?rest_route=\/wp\/v2\/posts"}],"about":[{"href":"https:\/\/radiorevelacionfm.cl\/index.php?rest_route=\/wp\/v2\/types\/post"}],"author":[{"embeddable":true,"href":"https:\/\/radiorevelacionfm.cl\/index.php?rest_route=\/wp\/v2\/users\/1"}],"replies":[{"embeddable":true,"href":"https:\/\/radiorevelacionfm.cl\/index.php?rest_route=%2Fwp%2Fv2%2Fcomments&post=35800"}],"version-history":[{"count":3,"href":"https:\/\/radiorevelacionfm.cl\/index.php?rest_route=\/wp\/v2\/posts\/35800\/revisions"}],"predecessor-version":[{"id":35803,"href":"https:\/\/radiorevelacionfm.cl\/index.php?rest_route=\/wp\/v2\/posts\/35800\/revisions\/35803"}],"wp:featuredmedia":[{"embeddable":true,"href":"https:\/\/radiorevelacionfm.cl\/index.php?rest_route=\/wp\/v2\/media\/35801"}],"wp:attachment":[{"href":"https:\/\/radiorevelacionfm.cl\/index.php?rest_route=%2Fwp%2Fv2%2Fmedia&parent=35800"}],"wp:term":[{"taxonomy":"category","embeddable":true,"href":"https:\/\/radiorevelacionfm.cl\/index.php?rest_route=%2Fwp%2Fv2%2Fcategories&post=35800"},{"taxonomy":"post_tag","embeddable":true,"href":"https:\/\/radiorevelacionfm.cl\/index.php?rest_route=%2Fwp%2Fv2%2Ftags&post=35800"}],"curies":[{"name":"wp","href":"https:\/\/api.w.org\/{rel}","templated":true}]}}