{"id":35794,"date":"2023-10-11T21:00:04","date_gmt":"2023-10-12T00:00:04","guid":{"rendered":"https:\/\/radiorevelacionfm.cl\/?p=35794"},"modified":"2023-10-11T21:00:25","modified_gmt":"2023-10-12T00:00:25","slug":"construyendo-cambios-la-nueva-etapa-del-minvu-para-fortalecer-su-trabajo-en-favor-de-la-comunidad","status":"publish","type":"post","link":"https:\/\/radiorevelacionfm.cl\/?p=35794","title":{"rendered":"Construyendo Cambios: La nueva etapa del Minvu  para fortalecer su trabajo en favor de la comunidad"},"content":{"rendered":"<div class=\"flex_column av_one_full  flex_column_div av-zero-column-padding first  avia-builder-el-0  el_before_av_one_full  avia-builder-el-first  \" style='border-radius:0px; '><div  class='avia-image-container  av-styling-    avia-builder-el-1  avia-builder-el-no-sibling  avia-align-center '  itemprop=\"image\" itemscope=\"itemscope\" itemtype=\"https:\/\/schema.org\/ImageObject\"  ><div class='avia-image-container-inner'><div class='avia-image-overlay-wrap'><img decoding=\"async\" class='wp-image-35795 avia-img-lazy-loading-not-35795 avia_image' src=\"https:\/\/radiorevelacionfm.cl\/wp-content\/uploads\/2023\/10\/archivo-entrega-de-viviendas-aysEn-avance-plan-de-emergencia-habitacional-1_optimized.jpg\" alt='' title='archivo-entrega-de-viviendas-ays\u00c9n-avance-plan-de-emergencia-habitacional-(1)_optimized' height=\"600\" width=\"900\"  itemprop=\"thumbnailUrl\" srcset=\"https:\/\/radiorevelacionfm.cl\/wp-content\/uploads\/2023\/10\/archivo-entrega-de-viviendas-aysEn-avance-plan-de-emergencia-habitacional-1_optimized.jpg 900w, https:\/\/radiorevelacionfm.cl\/wp-content\/uploads\/2023\/10\/archivo-entrega-de-viviendas-aysEn-avance-plan-de-emergencia-habitacional-1_optimized-300x200.jpg 300w, https:\/\/radiorevelacionfm.cl\/wp-content\/uploads\/2023\/10\/archivo-entrega-de-viviendas-aysEn-avance-plan-de-emergencia-habitacional-1_optimized-768x512.jpg 768w, https:\/\/radiorevelacionfm.cl\/wp-content\/uploads\/2023\/10\/archivo-entrega-de-viviendas-aysEn-avance-plan-de-emergencia-habitacional-1_optimized-705x470.jpg 705w, https:\/\/radiorevelacionfm.cl\/wp-content\/uploads\/2023\/10\/archivo-entrega-de-viviendas-aysEn-avance-plan-de-emergencia-habitacional-1_optimized-450x300.jpg 450w, https:\/\/radiorevelacionfm.cl\/wp-content\/uploads\/2023\/10\/archivo-entrega-de-viviendas-aysEn-avance-plan-de-emergencia-habitacional-1_optimized-600x400.jpg 600w\" sizes=\"(max-width: 900px) 100vw, 900px\" \/><\/div><\/div><\/div><\/div><div class=\"flex_column av_one_full  flex_column_div av-zero-column-padding first  avia-builder-el-2  el_after_av_one_full  el_before_av_one_full  column-top-margin\" style='border-radius:0px; '><section class=\"av_textblock_section \"  itemscope=\"itemscope\" itemtype=\"https:\/\/schema.org\/BlogPosting\" itemprop=\"blogPost\" ><div class='avia_textblock  '   itemprop=\"text\" ><p style=\"text-align: center;\"><span style=\"font-size: 18pt;\"><strong>Construyendo Cambios: La nueva etapa del Minvu <\/strong><strong>para fortalecer su trabajo en favor de la comunidad<\/strong><\/span><\/p>\n<div id=\"gtx-trans\" style=\"position: absolute; left: -50px; top: 4.31534px;\">\n<div class=\"gtx-trans-icon\"><\/div>\n<\/div>\n<\/div><\/section><\/div><div class=\"flex_column av_one_full  flex_column_div av-zero-column-padding first  avia-builder-el-4  el_after_av_one_full  el_before_av_hr  column-top-margin\" style='border-radius:0px; '><section class=\"av_textblock_section \"  itemscope=\"itemscope\" itemtype=\"https:\/\/schema.org\/BlogPosting\" itemprop=\"blogPost\" ><div class='avia_textblock  '   itemprop=\"text\" ><p style=\"text-align: justify;\">\u201cEstamos iniciando una nueva etapa en el Ministerio de Vivienda y Urbanismo, una etapa que presenta cambios, desaf\u00edos y proyecciones para mejorar el trabajo y la gesti\u00f3n que llevamos adelante en beneficio de nuestra comunidad regional\u201d, asegur\u00f3 la Seremi del ramo, Paulina Ruz Delf\u00edn, al ser consultada por los avances y expectativas de su cartera para 2024 en la regi\u00f3n Ays\u00e9n.<\/p>\n<p style=\"text-align: justify;\">Detall\u00f3 la Seremi que esta nueva fase de trabajo se denomina \u201cConstruyendo Cambios\u201d y se caracteriza por incorporar una serie de innovaciones y medidas tendientes a fortalecer la gesti\u00f3n que desarrolla el sector en el pa\u00eds y en las diez comunas de la regi\u00f3n. \u201cLo dijo hace algunas semanas nuestro Ministro Carlos Montes y lo reiteramos nosotros en varias ocasiones, existe la necesidad de revitalizar este gran Ministerio con mucha fuerza y energ\u00eda, con una actitud positiva y con mucha gesti\u00f3n, para que al final del d\u00eda nuestras familias mejoren de forma concreta su calidad de vida mediante los proyectos y programas que impulsamos tanto desde el \u00e1mbito habitacional como urbano\u201d, afirm\u00f3.<\/p>\n<p style=\"text-align: justify;\">Agreg\u00f3 la Seremi Paulina Ruz que otro gran objetivo de este nuevo proceso es elevar los est\u00e1ndares de probidad y transparencia, para as\u00ed fortalecer la gesti\u00f3n institucional en beneficio de la ciudadan\u00eda, que tambi\u00e9n cumple un rol fundamental en esta tarea conjunta para llevar adelante las transformaciones que el Minvu necesita.\u00a0\u201cPor eso, entre todos y todas, vamos construyendo los cambios que nuestra comunidad y nuestra regi\u00f3n necesitan. Esto implica, por ejemplo, fortalecer la relaci\u00f3n entre el Estado y la ciudadan\u00eda; entre la vivienda y la ciudad; entre el ejercicio de la probidad y la transparencia; al mismo tiempo que avanzamos con fuerza en la implementaci\u00f3n de nuestro Plan de Emergencia Habitacional y Ciudades Justas.\u00a0Aqu\u00ed el di\u00e1logo y la colaboraci\u00f3n con las distintas comunidades adquiere gran relevancia, y por eso desde un principio hemos privilegiado el trabajo en terreno, llegando con informaci\u00f3n y participaci\u00f3n ciudadana hasta los lugares m\u00e1s alejados de nuestra regi\u00f3n, como Tortel, Villa O\u2019Higgins, Lago Verde, Guaitecas, Puerto Aguirre, Puerto Gala o Melinka\u201d, precis\u00f3.<\/p>\n<p style=\"text-align: justify;\">En ese contexto, la autoridad sectorial reafirm\u00f3 el compromiso de los directivos y funcionarios para seguir avanzando en las diferentes tareas asumidas por el Gobierno y en particular por el Ministerio de Vivienda, lo que ha permitido que a la fecha existan m\u00e1s de mil viviendas en construcci\u00f3n, las que una vez terminadas permitir\u00e1n avanzar en casi un 80% de la meta asumida por la regi\u00f3n en el marco del Plan de Emergencia Habitacional del Gobierno.<\/p>\n<\/div><\/section><\/div><div  style='height:50px' class='hr hr-invisible   avia-builder-el-6  el_after_av_one_full  el_before_av_social_share '><span class='hr-inner ' ><span class='hr-inner-style'><\/span><\/span><\/div><\/p>\n<div  class='av-social-sharing-box  avia-builder-el-7  el_after_av_hr  el_before_av_hr  '><div class='av-share-box'><h5 class='av-share-link-description av-no-toc '>Compartir esta noticia<\/h5><ul class='av-share-box-list noLightbox'><li class='av-share-link av-social-link-facebook' ><a target=\"_blank\" aria-label=\"Compartir en Facebook\" href='https:\/\/www.facebook.com\/sharer.php?u=https:\/\/radiorevelacionfm.cl\/?p=35794&#038;t=Construyendo%20Cambios%3A%20La%20nueva%20etapa%20del%20Minvu%20%20para%20fortalecer%20su%20trabajo%20en%20favor%20de%20la%20comunidad' aria-hidden='false' data-av_icon='\ue8f3' data-av_iconfont='entypo-fontello' title='' data-avia-related-tooltip='Compartir en Facebook' rel=\"noopener\"><span class='avia_hidden_link_text'>Compartir en Facebook<\/span><\/a><\/li><li class='av-share-link av-social-link-twitter' ><a target=\"_blank\" aria-label=\"Compartir en Twitter\" href='https:\/\/twitter.com\/share?text=Construyendo%20Cambios%3A%20La%20nueva%20etapa%20del%20Minvu%20%20para%20fortalecer%20su%20trabajo%20en%20favor%20de%20la%20comunidad&#038;url=https:\/\/radiorevelacionfm.cl\/?p=35794' aria-hidden='false' data-av_icon='\ue8f1' data-av_iconfont='entypo-fontello' title='' data-avia-related-tooltip='Compartir en Twitter' rel=\"noopener\"><span class='avia_hidden_link_text'>Compartir en Twitter<\/span><\/a><\/li><li class='av-share-link av-social-link-whatsapp' ><a target=\"_blank\" aria-label=\"Compartir en Whatsapp\" href='https:\/\/api.whatsapp.com\/send?text=https:\/\/radiorevelacionfm.cl\/?p=35794' aria-hidden='false' data-av_icon='\uf232' data-av_iconfont='entypo-fontello' title='' data-avia-related-tooltip='Compartir en Whatsapp' rel=\"noopener\"><span class='avia_hidden_link_text'>Compartir en Whatsapp<\/span><\/a><\/li><li class='av-share-link av-social-link-linkedin' ><a target=\"_blank\" aria-label=\"Compartir en LinkedIn\" href='https:\/\/linkedin.com\/shareArticle?mini=true&#038;title=Construyendo%20Cambios%3A%20La%20nueva%20etapa%20del%20Minvu%20%20para%20fortalecer%20su%20trabajo%20en%20favor%20de%20la%20comunidad&#038;url=https:\/\/radiorevelacionfm.cl\/?p=35794' aria-hidden='false' data-av_icon='\ue8fc' data-av_iconfont='entypo-fontello' title='' data-avia-related-tooltip='Compartir en LinkedIn' rel=\"noopener\"><span class='avia_hidden_link_text'>Compartir en LinkedIn<\/span><\/a><\/li><li class='av-share-link av-social-link-mail' ><a  aria-label=\"Compartir por correo\" href='mailto:?subject=Construyendo%20Cambios%3A%20La%20nueva%20etapa%20del%20Minvu%20%20para%20fortalecer%20su%20trabajo%20en%20favor%20de%20la%20comunidad&#038;body=https:\/\/radiorevelacionfm.cl\/?p=35794' aria-hidden='false' data-av_icon='\ue805' data-av_iconfont='entypo-fontello' title='' data-avia-related-tooltip='Compartir por correo'><span class='avia_hidden_link_text'>Compartir por correo<\/span><\/a><\/li><\/ul><\/div><\/div>\n<div  style='height:50px' class='hr hr-invisible   avia-builder-el-8  el_after_av_social_share  el_before_av_comments_list '><span class='hr-inner ' ><span class='hr-inner-style'><\/span><\/span><\/div>\n<div  class='av-buildercomment  av-blog-meta-html-info-disabled av-blog-meta-tag-disabled  '><\/div>\n","protected":false},"excerpt":{"rendered":"","protected":false},"author":1,"featured_media":35795,"comment_status":"open","ping_status":"open","sticky":false,"template":"","format":"standard","meta":{"footnotes":""},"categories":[38],"tags":[],"class_list":["post-35794","post","type-post","status-publish","format-standard","has-post-thumbnail","hentry","category-regional"],"jetpack_featured_media_url":"https:\/\/radiorevelacionfm.cl\/wp-content\/uploads\/2023\/10\/archivo-entrega-de-viviendas-aysEn-avance-plan-de-emergencia-habitacional-1_optimized.jpg","_links":{"self":[{"href":"https:\/\/radiorevelacionfm.cl\/index.php?rest_route=\/wp\/v2\/posts\/35794","targetHints":{"allow":["GET"]}}],"collection":[{"href":"https:\/\/radiorevelacionfm.cl\/index.php?rest_route=\/wp\/v2\/posts"}],"about":[{"href":"https:\/\/radiorevelacionfm.cl\/index.php?rest_route=\/wp\/v2\/types\/post"}],"author":[{"embeddable":true,"href":"https:\/\/radiorevelacionfm.cl\/index.php?rest_route=\/wp\/v2\/users\/1"}],"replies":[{"embeddable":true,"href":"https:\/\/radiorevelacionfm.cl\/index.php?rest_route=%2Fwp%2Fv2%2Fcomments&post=35794"}],"version-history":[{"count":1,"href":"https:\/\/radiorevelacionfm.cl\/index.php?rest_route=\/wp\/v2\/posts\/35794\/revisions"}],"predecessor-version":[{"id":35796,"href":"https:\/\/radiorevelacionfm.cl\/index.php?rest_route=\/wp\/v2\/posts\/35794\/revisions\/35796"}],"wp:featuredmedia":[{"embeddable":true,"href":"https:\/\/radiorevelacionfm.cl\/index.php?rest_route=\/wp\/v2\/media\/35795"}],"wp:attachment":[{"href":"https:\/\/radiorevelacionfm.cl\/index.php?rest_route=%2Fwp%2Fv2%2Fmedia&parent=35794"}],"wp:term":[{"taxonomy":"category","embeddable":true,"href":"https:\/\/radiorevelacionfm.cl\/index.php?rest_route=%2Fwp%2Fv2%2Fcategories&post=35794"},{"taxonomy":"post_tag","embeddable":true,"href":"https:\/\/radiorevelacionfm.cl\/index.php?rest_route=%2Fwp%2Fv2%2Ftags&post=35794"}],"curies":[{"name":"wp","href":"https:\/\/api.w.org\/{rel}","templated":true}]}}