{"id":35791,"date":"2023-10-11T20:48:06","date_gmt":"2023-10-11T23:48:06","guid":{"rendered":"https:\/\/radiorevelacionfm.cl\/?p=35791"},"modified":"2023-10-11T23:16:09","modified_gmt":"2023-10-12T02:16:09","slug":"gobierno-anuncio-llamado-a-licitacion-de-conservacion-de-barcaza-pilchero","status":"publish","type":"post","link":"https:\/\/radiorevelacionfm.cl\/?p=35791","title":{"rendered":"Gobierno anunci\u00f3 llamado a licitaci\u00f3n de conservaci\u00f3n de barcaza Pilchero"},"content":{"rendered":"<div class=\"flex_column av_one_full  flex_column_div av-zero-column-padding first  avia-builder-el-0  el_before_av_one_full  avia-builder-el-first  \" style='border-radius:0px; '><div  class='avia-image-container  av-styling-    avia-builder-el-1  avia-builder-el-no-sibling  avia-align-center '  itemprop=\"image\" itemscope=\"itemscope\" itemtype=\"https:\/\/schema.org\/ImageObject\"  ><div class='avia-image-container-inner'><div class='avia-image-overlay-wrap'><img decoding=\"async\" class='wp-image-10181 avia-img-lazy-loading-not-10181 avia_image' src=\"https:\/\/radiorevelacionfm.cl\/wp-content\/uploads\/2021\/10\/Barcaza-Pilchero02-1-1.jpg\" alt='' title='Barcaza Pilchero02 (1) (1)' height=\"600\" width=\"864\"  itemprop=\"thumbnailUrl\" srcset=\"https:\/\/radiorevelacionfm.cl\/wp-content\/uploads\/2021\/10\/Barcaza-Pilchero02-1-1.jpg 864w, https:\/\/radiorevelacionfm.cl\/wp-content\/uploads\/2021\/10\/Barcaza-Pilchero02-1-1-300x208.jpg 300w, https:\/\/radiorevelacionfm.cl\/wp-content\/uploads\/2021\/10\/Barcaza-Pilchero02-1-1-768x533.jpg 768w, https:\/\/radiorevelacionfm.cl\/wp-content\/uploads\/2021\/10\/Barcaza-Pilchero02-1-1-705x490.jpg 705w, https:\/\/radiorevelacionfm.cl\/wp-content\/uploads\/2021\/10\/Barcaza-Pilchero02-1-1-600x417.jpg 600w\" sizes=\"(max-width: 864px) 100vw, 864px\" \/><\/div><\/div><\/div><\/div><div class=\"flex_column av_one_full  flex_column_div av-zero-column-padding first  avia-builder-el-2  el_after_av_one_full  el_before_av_one_full  column-top-margin\" style='border-radius:0px; '><section class=\"av_textblock_section \"  itemscope=\"itemscope\" itemtype=\"https:\/\/schema.org\/BlogPosting\" itemprop=\"blogPost\" ><div class='avia_textblock  '   itemprop=\"text\" ><p style=\"text-align: center;\"><span style=\"font-size: 18pt;\"><strong>Gobierno anunci\u00f3 llamado a licitaci\u00f3n de conservaci\u00f3n de barcaza Pilchero<\/strong><\/span><\/p>\n<div id=\"gtx-trans\" style=\"position: absolute; left: -50px; top: 4.31534px;\">\n<div class=\"gtx-trans-icon\"><\/div>\n<\/div>\n<\/div><\/section><\/div><\/p>\n<div class=\"flex_column av_one_full  flex_column_div av-zero-column-padding first  avia-builder-el-4  el_after_av_one_full  el_before_av_hr  column-top-margin\" style='border-radius:0px; '><section class=\"av_textblock_section \"  itemscope=\"itemscope\" itemtype=\"https:\/\/schema.org\/BlogPosting\" itemprop=\"blogPost\" ><div class='avia_textblock  '   itemprop=\"text\" ><p style=\"text-align: justify;\">El Delegado Presidencial Regional Rodrigo Araya Morales junto al Delegado Presidencial Provincial de General Carrera Crist\u00f3bal Barcel\u00f3 Veas, el Secretario Regional Ministerial de Obras P\u00fablicas Patricio Sanhueza Ulloa y el Director Regional de Obras Portuarias del MOP \u00c1lvaro D\u00edaz Contreras anunciaron que el gobierno cuenta con los recursos para realizar la conservaci\u00f3n de la Barcaza Pilchero.<\/p>\n<p style=\"text-align: justify;\">El traspaso de los fondos desde el Ministerio de Obras P\u00fablicas a la Delegaci\u00f3n Presidencial Provincial de General Carrera \u00a0tienen como fin realizar la conservaci\u00f3n de esta embarcaci\u00f3n para su pronta navegaci\u00f3n en el Lago General Carrera,\u00a0 compromiso del presidente de la Rep\u00fablica Gabriel Boric Font y de la ministra de Obras P\u00fablicas Jessica L\u00f3pez Saffie, que hoy con este importante paso cumple su primera etapa, beneficiando a toda la comunidad que viven en la cuenca del Lago General Carrera.<\/p>\n<p style=\"text-align: justify;\">As\u00ed lo se\u00f1al\u00f3 esta tarde Rodrigo Araya Morales, quien indic\u00f3 que ya se encuentra en el Mercado P\u00fablico la publicaci\u00f3n del llamado a licitaci\u00f3n para realizar la conservaci\u00f3n de esta nave, lo que es parte de los compromisos realizados en el marco del desarrollo del Plan de Conectividad. \u201cQueremos informar a la comunidad y en particular a la comunidad de Chile Chico que tenemos muy buenas noticias de parte de nuestro gobierno, ya que estamos avanzando en el Plan de Conectividad. Tenemos los recursos para las obras de conservaci\u00f3n de la Barcaza Pilchero de lo que va a ser responsable la Delegaci\u00f3n Presidencial Provincial de General Carrera con el apoyo del Ministerio de Obras P\u00fablicas a trav\u00e9s de su Direcci\u00f3n Regional de Obras Portuarias\u201d, indic\u00f3 el Delegado Presidencial Regional.<\/p>\n<p style=\"text-align: justify;\">Esta noticia es bien recibida por los vecinos y vecinas que utilizaban la barcaza Pilchero para mantenerse conectados con Chile Chico, e Ib\u00e1\u00f1ez, as\u00ed como tambi\u00e9n entre las localidades al interior del Lago por la Pen\u00ednsula Levic\u00e1n, el sector El Avellano y Puerto Cristal, situaci\u00f3n que resalt\u00f3 el Delegado Presidencial Provincial de General Carrera Crist\u00f3bal Barcel\u00f3 Veas, quien se sum\u00f3 al anuncio del Delegado Presidencial Regional, destacando que \u201cel d\u00eda de hoy como Delegaci\u00f3n Presidencial Provincial de General Carrera estamos publicando las bases de licitaci\u00f3n en el portal del Mercado P\u00fablico, lo que va a significar que durante todo este mes van a estar disponibles a todas las empresas oferentes para que puedan participar en el proceso de licitaci\u00f3n de la conservaci\u00f3n de nuestra nave Pilchero\u201d.<\/p>\n<p style=\"text-align: justify;\">La nave que tiene una importancia estrat\u00e9gica por la contribuci\u00f3n que realiza a mejorar la vida y conectividad de las personas, fue resaltada por el SEREMI del MOP, quien expres\u00f3: \u201cCon esta acci\u00f3n avanzamos de manera sustancial en restituir la conectividad para todas las familias al interior del lago General Carrera, lo que es muy relevante porque da cuenta del inter\u00e9s genuino respecto a que no importa d\u00f3nde vivamos todos somos importantes y debemos lograr equidad territorial. Es necesario recordar que el aporte del Ministerio de Obras P\u00fablicas es que incorporamos esta medida dentro del Plan de Conectividad, luego concurrimos con el financiamiento a trav\u00e9s del Fondo de Infraestructura para el Desarrollo (FIDE) y adem\u00e1s, estamos aportando con el diagn\u00f3stico y siendo la Unidad T\u00e9cnica en la conservaci\u00f3n de esta embarcaci\u00f3n a trav\u00e9s de nuestra Direcci\u00f3n Regional de Obras Portuarias\u201d.<\/p>\n<p style=\"text-align: justify;\">El Director Regional de Obras Portuarias del MOP \u00c1lvaro D\u00edaz Contreras agreg\u00f3 que \u201cla Direcci\u00f3n Regional de Obras Portuarias va a disponer de personal t\u00e9cnico necesario para la evaluaci\u00f3n de las propuestas como para la inspecci\u00f3n durante la ejecuci\u00f3n de la conservaci\u00f3n de nuestra nave Pilchero. Son obras que principalmente van a involucrar actualizar planos y toda la instalaci\u00f3n el\u00e9ctrica de la embarcaci\u00f3n sumado a otras conservaciones menores, por lo tanto estamos muy contentos de estar publicando el d\u00eda de hoy junto a la Delegaci\u00f3n Provincial hemos hecho un trabajo arduo para poder cumplir con el objetivo de restablecer la conectividad en el lago General Carrera\u201d.<\/p>\n<\/div><\/section><\/div>\n<div  style='height:50px' class='hr hr-invisible   avia-builder-el-6  el_after_av_one_full  el_before_av_social_share '><span class='hr-inner ' ><span class='hr-inner-style'><\/span><\/span><\/div>\n<div  class='av-social-sharing-box  avia-builder-el-7  el_after_av_hr  el_before_av_hr  '><div class='av-share-box'><h5 class='av-share-link-description av-no-toc '>Compartir esta noticia<\/h5><ul class='av-share-box-list noLightbox'><li class='av-share-link av-social-link-facebook' ><a target=\"_blank\" aria-label=\"Compartir en Facebook\" href='https:\/\/www.facebook.com\/sharer.php?u=https:\/\/radiorevelacionfm.cl\/?p=35791&#038;t=Gobierno%20anunci%C3%B3%20llamado%20a%20licitaci%C3%B3n%20de%20conservaci%C3%B3n%20de%20barcaza%20Pilchero' aria-hidden='false' data-av_icon='\ue8f3' data-av_iconfont='entypo-fontello' title='' data-avia-related-tooltip='Compartir en Facebook' rel=\"noopener\"><span class='avia_hidden_link_text'>Compartir en Facebook<\/span><\/a><\/li><li class='av-share-link av-social-link-twitter' ><a target=\"_blank\" aria-label=\"Compartir en Twitter\" href='https:\/\/twitter.com\/share?text=Gobierno%20anunci%C3%B3%20llamado%20a%20licitaci%C3%B3n%20de%20conservaci%C3%B3n%20de%20barcaza%20Pilchero&#038;url=https:\/\/radiorevelacionfm.cl\/?p=35791' aria-hidden='false' data-av_icon='\ue8f1' data-av_iconfont='entypo-fontello' title='' data-avia-related-tooltip='Compartir en Twitter' rel=\"noopener\"><span class='avia_hidden_link_text'>Compartir en Twitter<\/span><\/a><\/li><li class='av-share-link av-social-link-whatsapp' ><a target=\"_blank\" aria-label=\"Compartir en Whatsapp\" href='https:\/\/api.whatsapp.com\/send?text=https:\/\/radiorevelacionfm.cl\/?p=35791' aria-hidden='false' data-av_icon='\uf232' data-av_iconfont='entypo-fontello' title='' data-avia-related-tooltip='Compartir en Whatsapp' rel=\"noopener\"><span class='avia_hidden_link_text'>Compartir en Whatsapp<\/span><\/a><\/li><li class='av-share-link av-social-link-linkedin' ><a target=\"_blank\" aria-label=\"Compartir en LinkedIn\" href='https:\/\/linkedin.com\/shareArticle?mini=true&#038;title=Gobierno%20anunci%C3%B3%20llamado%20a%20licitaci%C3%B3n%20de%20conservaci%C3%B3n%20de%20barcaza%20Pilchero&#038;url=https:\/\/radiorevelacionfm.cl\/?p=35791' aria-hidden='false' data-av_icon='\ue8fc' data-av_iconfont='entypo-fontello' title='' data-avia-related-tooltip='Compartir en LinkedIn' rel=\"noopener\"><span class='avia_hidden_link_text'>Compartir en LinkedIn<\/span><\/a><\/li><li class='av-share-link av-social-link-mail' ><a  aria-label=\"Compartir por correo\" href='mailto:?subject=Gobierno%20anunci%C3%B3%20llamado%20a%20licitaci%C3%B3n%20de%20conservaci%C3%B3n%20de%20barcaza%20Pilchero&#038;body=https:\/\/radiorevelacionfm.cl\/?p=35791' aria-hidden='false' data-av_icon='\ue805' data-av_iconfont='entypo-fontello' title='' data-avia-related-tooltip='Compartir por correo'><span class='avia_hidden_link_text'>Compartir por correo<\/span><\/a><\/li><\/ul><\/div><\/div>\n<div  style='height:50px' class='hr hr-invisible   avia-builder-el-8  el_after_av_social_share  el_before_av_comments_list '><span class='hr-inner ' ><span class='hr-inner-style'><\/span><\/span><\/div>\n<div  class='av-buildercomment  av-blog-meta-html-info-disabled av-blog-meta-tag-disabled  '><\/div>\n","protected":false},"excerpt":{"rendered":"","protected":false},"author":1,"featured_media":10181,"comment_status":"open","ping_status":"open","sticky":false,"template":"","format":"standard","meta":{"footnotes":""},"categories":[38],"tags":[],"class_list":["post-35791","post","type-post","status-publish","format-standard","has-post-thumbnail","hentry","category-regional"],"jetpack_featured_media_url":"https:\/\/radiorevelacionfm.cl\/wp-content\/uploads\/2021\/10\/Barcaza-Pilchero02-1-1.jpg","_links":{"self":[{"href":"https:\/\/radiorevelacionfm.cl\/index.php?rest_route=\/wp\/v2\/posts\/35791","targetHints":{"allow":["GET"]}}],"collection":[{"href":"https:\/\/radiorevelacionfm.cl\/index.php?rest_route=\/wp\/v2\/posts"}],"about":[{"href":"https:\/\/radiorevelacionfm.cl\/index.php?rest_route=\/wp\/v2\/types\/post"}],"author":[{"embeddable":true,"href":"https:\/\/radiorevelacionfm.cl\/index.php?rest_route=\/wp\/v2\/users\/1"}],"replies":[{"embeddable":true,"href":"https:\/\/radiorevelacionfm.cl\/index.php?rest_route=%2Fwp%2Fv2%2Fcomments&post=35791"}],"version-history":[{"count":2,"href":"https:\/\/radiorevelacionfm.cl\/index.php?rest_route=\/wp\/v2\/posts\/35791\/revisions"}],"predecessor-version":[{"id":35805,"href":"https:\/\/radiorevelacionfm.cl\/index.php?rest_route=\/wp\/v2\/posts\/35791\/revisions\/35805"}],"wp:featuredmedia":[{"embeddable":true,"href":"https:\/\/radiorevelacionfm.cl\/index.php?rest_route=\/wp\/v2\/media\/10181"}],"wp:attachment":[{"href":"https:\/\/radiorevelacionfm.cl\/index.php?rest_route=%2Fwp%2Fv2%2Fmedia&parent=35791"}],"wp:term":[{"taxonomy":"category","embeddable":true,"href":"https:\/\/radiorevelacionfm.cl\/index.php?rest_route=%2Fwp%2Fv2%2Fcategories&post=35791"},{"taxonomy":"post_tag","embeddable":true,"href":"https:\/\/radiorevelacionfm.cl\/index.php?rest_route=%2Fwp%2Fv2%2Ftags&post=35791"}],"curies":[{"name":"wp","href":"https:\/\/api.w.org\/{rel}","templated":true}]}}