{"id":3579,"date":"2021-04-27T19:59:11","date_gmt":"2021-04-27T22:59:11","guid":{"rendered":"https:\/\/radiorevelacionfm.cl\/?p=3579"},"modified":"2021-04-27T20:12:11","modified_gmt":"2021-04-27T23:12:11","slug":"aysen-coyhaique-y-cochrane-continuan-presentando-aumento-de-casos-por-covid-19","status":"publish","type":"post","link":"https:\/\/radiorevelacionfm.cl\/?p=3579","title":{"rendered":"Ays\u00e9n, Coyhaique y Cochrane contin\u00faan presentando aumento de casos por COVID-19"},"content":{"rendered":"<div class=\"flex_column av_one_full  flex_column_div av-zero-column-padding first  avia-builder-el-0  el_before_av_one_full  avia-builder-el-first  \" style='border-radius:0px; '><div  class='avia-image-container  av-styling-    avia-builder-el-1  avia-builder-el-no-sibling  avia-align-center '  itemprop=\"image\" itemscope=\"itemscope\" itemtype=\"https:\/\/schema.org\/ImageObject\"  ><div class='avia-image-container-inner'><div class='avia-image-overlay-wrap'><img decoding=\"async\" class='wp-image-0 avia-img-lazy-loading-not-0 avia_image' src=\"https:\/\/radiorevelacionfm.cl\/wp-content\/uploads\/2021\/04\/image-16-2_optimized.png\" alt='' title=''   itemprop=\"thumbnailUrl\"  \/><\/div><\/div><\/div><\/div>\n<div class=\"flex_column av_one_full  flex_column_div av-zero-column-padding first  avia-builder-el-2  el_after_av_one_full  el_before_av_one_full  column-top-margin\" style='border-radius:0px; '><section class=\"av_textblock_section \"  itemscope=\"itemscope\" itemtype=\"https:\/\/schema.org\/BlogPosting\" itemprop=\"blogPost\" ><div class='avia_textblock  '   itemprop=\"text\" ><p style=\"text-align: center;\"><strong><span style=\"font-size: 18pt;\">Ays\u00e9n, Coyhaique y Cochrane contin\u00faan presentando aumento de casos por COVID-19<\/span><\/strong><\/p>\n<div id=\"gtx-trans\" style=\"position: absolute; left: -50px; top: 4.31534px;\">\n<div class=\"gtx-trans-icon\"><\/div>\n<\/div>\n<\/div><\/section><\/div>\n<div class=\"flex_column av_one_full  flex_column_div av-zero-column-padding first  avia-builder-el-4  el_after_av_one_full  el_before_av_hr  column-top-margin\" style='border-radius:0px; '><section class=\"av_textblock_section \"  itemscope=\"itemscope\" itemtype=\"https:\/\/schema.org\/BlogPosting\" itemprop=\"blogPost\" ><div class='avia_textblock  '   itemprop=\"text\" ><p style=\"text-align: justify;\">Esta situaci\u00f3n se suma a la baja disponibilidad de camas cr\u00edticas disponibles en el Hospital Regional Coyhaique, por lo que se hace un llamado a la comunidad a extremar medidas de autocuidado frente al COVID-19.<\/p>\n<p style=\"text-align: justify;\">Por indicaci\u00f3n del Ministerio de Salud, este lunes se indic\u00f3 el retroceso de fase para las comunas de Ays\u00e9n, Coyhaique y Cochrane, quienes ingresar\u00e1n este jueves a las 05AM a Fase 2 de Transici\u00f3n; mientras que ese mismo d\u00eda, seg\u00fan lo informado en este mismo reporte, Guaitecas que estaba en cuarentena, avanzar\u00e1 a Transici\u00f3n.\u00a0 Lo anterior, se suma a que en el transcurso de los \u00faltimos d\u00edas, la situaci\u00f3n epidemiol\u00f3gica de la regi\u00f3n present\u00f3 el aumento de casos en cuatro comunas de la regi\u00f3n en relaci\u00f3n a casos por COVID-19, registr\u00e1ndose incluso un incremento de m\u00e1s del 100% de casos en sectores como la comuna de Cochrane.<\/p>\n<p style=\"text-align: justify;\">La informaci\u00f3n la dio a conocer la Seremi de Salud Ays\u00e9n, Alejandra Valdebenito Torres, quien adem\u00e1s indic\u00f3 que este aumento de casos tambi\u00e9n ha involucrado a otras tres comunas. \u201cLamentablemente en la \u00faltima semana epidemiol\u00f3gica, estamos observando un incremento de casos por COVID 19 en cuatro comunas de la regi\u00f3n, liderados por la comuna de Cochrane con un 133% de aumento (de 09 a 21 casos); Coyhaique con un 68,6% (de 70 a 118 casos); Ays\u00e9n con un aumento de 42,4% (de 34 a 59 casos); y la comuna de Cisnes con un incremento de casos del 13,2% (de 38 a 43 casos).\u201d<\/p>\n<p style=\"text-align: justify;\">Cifras que a su vez, tambi\u00e9n presentan un retroceso en los casos para tres comunas de la regi\u00f3n, como lo son R\u00edo Ib\u00e1\u00f1ez con la disminuci\u00f3n de un 75% (de 08 a 02 casos); Guaitecas con la disminuci\u00f3n de un 50% (de 06 a 03 casos); y Chile Chico que registra una disminuci\u00f3n del 37,5% (de 08 a 05 casos).<\/p>\n<p style=\"text-align: justify;\">Frente a esta situaci\u00f3n, la autoridad sanitaria fue enf\u00e1tica en se\u00f1alar que \u2013 independiente del proceso de vacunaci\u00f3n- la comunidad debe seguir extremando sus medidas de autocuidado frente al COVID-19, ya que actualmente el Hospital Regional Coyhaique alcanz\u00f3 la totalidad de ocupaci\u00f3n en sus camas cr\u00edticas. \u201cEn estos momentos registramos cifras de contagio en algunas comunas como Cochrane, Coyhaique y Ays\u00e9n donde existe un aumento acelerado de casos por COVID-19, situaci\u00f3n que nos preocupa de sobremanera ya que en el Hospital Regional Coyhaique tenemos una ocupaci\u00f3n importante de camas cr\u00edticas, donde en ocasiones hemos alcanzado porcentajes del 80 a 100% de ocupaci\u00f3n.\u00a0 Hoy martes, 17 casos positivos por COVID-19 se encuentran hospitalizados en el Hospital Regional Coyhaique, 10 en medicina, 01 en la Unidad de Tratamiento Intermedio y 06 en la Unidad de Cuidado Intensivos, sumando un total de 06 pacientes conectados a ventilaci\u00f3n mec\u00e1nica invasiva. En resumen, la comunidad debe entender que hoy nos encontramos en una situaci\u00f3n de cuidado si contin\u00faan aumentando los casos por COVID 19 o si debemos enfrentarnos a atenciones de urgencia, porque ya hemos debido gestionar el traslado de pacientes fuera de la regi\u00f3n para atender cualquier situaci\u00f3n de emergencia\u201d.<\/p>\n<p style=\"text-align: justify;\">Finalmente, cabe se\u00f1alar que en el transcurso de este fin de semana, y con el objeto de descomprimir las camas cr\u00edticas del principal centro asistencial de la regi\u00f3n, desde el Hospital Regional Coyhaique \u2013 y hasta este momento- se han trasladado 02 pacientes a la regi\u00f3n de Magallanes.<\/p>\n<\/div><\/section><\/div><div  style='height:50px' class='hr hr-invisible   avia-builder-el-6  el_after_av_one_full  el_before_av_social_share '><span class='hr-inner ' ><span class='hr-inner-style'><\/span><\/span><\/div><\/p>\n<div  class='av-social-sharing-box  avia-builder-el-7  el_after_av_hr  el_before_av_hr  '><div class='av-share-box'><h5 class='av-share-link-description av-no-toc '>Compartir esta noticia<\/h5><ul class='av-share-box-list noLightbox'><li class='av-share-link av-social-link-facebook' ><a target=\"_blank\" aria-label=\"Compartir en Facebook\" href='https:\/\/www.facebook.com\/sharer.php?u=https:\/\/radiorevelacionfm.cl\/?p=3579&#038;t=Ays%C3%A9n%2C%20Coyhaique%20y%20Cochrane%20contin%C3%BAan%20presentando%20aumento%20de%20casos%20por%20COVID-19' aria-hidden='false' data-av_icon='\ue8f3' data-av_iconfont='entypo-fontello' title='' data-avia-related-tooltip='Compartir en Facebook' rel=\"noopener\"><span class='avia_hidden_link_text'>Compartir en Facebook<\/span><\/a><\/li><li class='av-share-link av-social-link-twitter' ><a target=\"_blank\" aria-label=\"Compartir en Twitter\" href='https:\/\/twitter.com\/share?text=Ays%C3%A9n%2C%20Coyhaique%20y%20Cochrane%20contin%C3%BAan%20presentando%20aumento%20de%20casos%20por%20COVID-19&#038;url=https:\/\/radiorevelacionfm.cl\/?p=3579' aria-hidden='false' data-av_icon='\ue8f1' data-av_iconfont='entypo-fontello' title='' data-avia-related-tooltip='Compartir en Twitter' rel=\"noopener\"><span class='avia_hidden_link_text'>Compartir en Twitter<\/span><\/a><\/li><li class='av-share-link av-social-link-whatsapp' ><a target=\"_blank\" aria-label=\"Compartir en Whatsapp\" href='https:\/\/api.whatsapp.com\/send?text=https:\/\/radiorevelacionfm.cl\/?p=3579' aria-hidden='false' data-av_icon='\uf232' data-av_iconfont='entypo-fontello' title='' data-avia-related-tooltip='Compartir en Whatsapp' rel=\"noopener\"><span class='avia_hidden_link_text'>Compartir en Whatsapp<\/span><\/a><\/li><li class='av-share-link av-social-link-linkedin' ><a target=\"_blank\" aria-label=\"Compartir en LinkedIn\" href='https:\/\/linkedin.com\/shareArticle?mini=true&#038;title=Ays%C3%A9n%2C%20Coyhaique%20y%20Cochrane%20contin%C3%BAan%20presentando%20aumento%20de%20casos%20por%20COVID-19&#038;url=https:\/\/radiorevelacionfm.cl\/?p=3579' aria-hidden='false' data-av_icon='\ue8fc' data-av_iconfont='entypo-fontello' title='' data-avia-related-tooltip='Compartir en LinkedIn' rel=\"noopener\"><span class='avia_hidden_link_text'>Compartir en LinkedIn<\/span><\/a><\/li><li class='av-share-link av-social-link-mail' ><a  aria-label=\"Compartir por correo\" href='mailto:?subject=Ays%C3%A9n%2C%20Coyhaique%20y%20Cochrane%20contin%C3%BAan%20presentando%20aumento%20de%20casos%20por%20COVID-19&#038;body=https:\/\/radiorevelacionfm.cl\/?p=3579' aria-hidden='false' data-av_icon='\ue805' data-av_iconfont='entypo-fontello' title='' data-avia-related-tooltip='Compartir por correo'><span class='avia_hidden_link_text'>Compartir por correo<\/span><\/a><\/li><\/ul><\/div><\/div>\n<div  style='height:50px' class='hr hr-invisible   avia-builder-el-8  el_after_av_social_share  el_before_av_comments_list '><span class='hr-inner ' ><span class='hr-inner-style'><\/span><\/span><\/div>\n<div  class='av-buildercomment  av-blog-meta-html-info-disabled av-blog-meta-tag-disabled  '><\/div>\n","protected":false},"excerpt":{"rendered":"","protected":false},"author":1,"featured_media":0,"comment_status":"open","ping_status":"open","sticky":false,"template":"","format":"standard","meta":{"footnotes":""},"categories":[46],"tags":[],"class_list":["post-3579","post","type-post","status-publish","format-standard","hentry","category-salud"],"jetpack_featured_media_url":"","_links":{"self":[{"href":"https:\/\/radiorevelacionfm.cl\/index.php?rest_route=\/wp\/v2\/posts\/3579","targetHints":{"allow":["GET"]}}],"collection":[{"href":"https:\/\/radiorevelacionfm.cl\/index.php?rest_route=\/wp\/v2\/posts"}],"about":[{"href":"https:\/\/radiorevelacionfm.cl\/index.php?rest_route=\/wp\/v2\/types\/post"}],"author":[{"embeddable":true,"href":"https:\/\/radiorevelacionfm.cl\/index.php?rest_route=\/wp\/v2\/users\/1"}],"replies":[{"embeddable":true,"href":"https:\/\/radiorevelacionfm.cl\/index.php?rest_route=%2Fwp%2Fv2%2Fcomments&post=3579"}],"version-history":[{"count":2,"href":"https:\/\/radiorevelacionfm.cl\/index.php?rest_route=\/wp\/v2\/posts\/3579\/revisions"}],"predecessor-version":[{"id":3582,"href":"https:\/\/radiorevelacionfm.cl\/index.php?rest_route=\/wp\/v2\/posts\/3579\/revisions\/3582"}],"wp:attachment":[{"href":"https:\/\/radiorevelacionfm.cl\/index.php?rest_route=%2Fwp%2Fv2%2Fmedia&parent=3579"}],"wp:term":[{"taxonomy":"category","embeddable":true,"href":"https:\/\/radiorevelacionfm.cl\/index.php?rest_route=%2Fwp%2Fv2%2Fcategories&post=3579"},{"taxonomy":"post_tag","embeddable":true,"href":"https:\/\/radiorevelacionfm.cl\/index.php?rest_route=%2Fwp%2Fv2%2Ftags&post=3579"}],"curies":[{"name":"wp","href":"https:\/\/api.w.org\/{rel}","templated":true}]}}