{"id":35762,"date":"2023-10-10T11:01:30","date_gmt":"2023-10-10T14:01:30","guid":{"rendered":"https:\/\/radiorevelacionfm.cl\/?p=35762"},"modified":"2023-10-10T11:01:30","modified_gmt":"2023-10-10T14:01:30","slug":"organizaciones-culturales-de-puerto-cisnes-visibilizan-oficios-artesanales-e-intercambio-de-saberes","status":"publish","type":"post","link":"https:\/\/radiorevelacionfm.cl\/?p=35762","title":{"rendered":"Organizaciones culturales de Puerto Cisnes visibilizan oficios artesanales e intercambio de saberes"},"content":{"rendered":"<div class=\"flex_column av_one_full  flex_column_div av-zero-column-padding first  avia-builder-el-0  el_before_av_one_full  avia-builder-el-first  \" style='border-radius:0px; '><div  class='avia-image-container  av-styling-    avia-builder-el-1  avia-builder-el-no-sibling  avia-align-center '  itemprop=\"image\" itemscope=\"itemscope\" itemtype=\"https:\/\/schema.org\/ImageObject\"  ><div class='avia-image-container-inner'><div class='avia-image-overlay-wrap'><img decoding=\"async\" class='wp-image-35763 avia-img-lazy-loading-not-35763 avia_image' src=\"https:\/\/radiorevelacionfm.cl\/wp-content\/uploads\/2023\/10\/talleres-1-1_optimized.jpg\" alt='' title='talleres-1-(1)_optimized' height=\"600\" width=\"899\"  itemprop=\"thumbnailUrl\" srcset=\"https:\/\/radiorevelacionfm.cl\/wp-content\/uploads\/2023\/10\/talleres-1-1_optimized.jpg 899w, https:\/\/radiorevelacionfm.cl\/wp-content\/uploads\/2023\/10\/talleres-1-1_optimized-300x200.jpg 300w, https:\/\/radiorevelacionfm.cl\/wp-content\/uploads\/2023\/10\/talleres-1-1_optimized-768x513.jpg 768w, https:\/\/radiorevelacionfm.cl\/wp-content\/uploads\/2023\/10\/talleres-1-1_optimized-705x471.jpg 705w, https:\/\/radiorevelacionfm.cl\/wp-content\/uploads\/2023\/10\/talleres-1-1_optimized-450x300.jpg 450w, https:\/\/radiorevelacionfm.cl\/wp-content\/uploads\/2023\/10\/talleres-1-1_optimized-600x400.jpg 600w\" sizes=\"(max-width: 899px) 100vw, 899px\" \/><\/div><\/div><\/div><\/div><div class=\"flex_column av_one_full  flex_column_div av-zero-column-padding first  avia-builder-el-2  el_after_av_one_full  el_before_av_one_full  column-top-margin\" style='border-radius:0px; '><section class=\"av_textblock_section \"  itemscope=\"itemscope\" itemtype=\"https:\/\/schema.org\/BlogPosting\" itemprop=\"blogPost\" ><div class='avia_textblock  '   itemprop=\"text\" ><p style=\"text-align: center;\"><span style=\"font-size: 18pt;\"><strong>Organizaciones culturales de Puerto Cisnes visibilizan oficios artesanales e intercambio de saberes<\/strong><\/span><\/p>\n<div id=\"gtx-trans\" style=\"position: absolute; left: -50px; top: 4.31534px;\">\n<div class=\"gtx-trans-icon\"><\/div>\n<\/div>\n<\/div><\/section><\/div><div class=\"flex_column av_one_full  flex_column_div av-zero-column-padding first  avia-builder-el-4  el_after_av_one_full  el_before_av_hr  column-top-margin\" style='border-radius:0px; '><section class=\"av_textblock_section \"  itemscope=\"itemscope\" itemtype=\"https:\/\/schema.org\/BlogPosting\" itemprop=\"blogPost\" ><div class='avia_textblock  '   itemprop=\"text\" ><p style=\"text-align: justify;\"><em>Bajo el alero del trabajo colaborativo y la conservaci\u00f3n del patrimonio identitario, residentes de la comuna experimentaron intensas jornadas de aprendizaje.<\/em><\/p>\n<p style=\"text-align: justify;\">Durante una semana, la costanera de Puerto Cisnes fue punto de encuentro para el arribo de artesanas y artistas en el marco de la Iniciativa Cultural Asociativa \u201cCompartiendo saberes\u201d. El proyecto financiado por la Secretar\u00eda Regional Ministerial de las Culturas, las Artes y el Patrimonio de Ays\u00e9n propici\u00f3 la salvaguarda de oficios artesanales entre lugare\u00f1os.<\/p>\n<p style=\"text-align: justify;\">Mediante el traspaso de recursos a trav\u00e9s del programa Fortalecimiento de la Identidad Cultural Regional (FICR), la mesa art\u00edstica, en conjunto a la Asociaci\u00f3n Artesan\u00eda Sur Cisnes, Patagonas Rescatando Ra\u00edces y Antumapu impulsaron 14 talleres abiertos al p\u00fablico para reconocer y difundir oficios locales, entendiendo su rol como agentes activos en la configuraci\u00f3n territorial e imaginario social que implica la producci\u00f3n simb\u00f3lica.<\/p>\n<p style=\"text-align: justify;\">\u201cPara el gobierno del presidente Gabriel Boric es esencial el ejercicio de descentralizaci\u00f3n y, a trav\u00e9s de las Iniciativas Culturales Asociativas, cobra sentido este mandato. Creemos que es fundamental como ministerio que los territorios decidan, opten y quieran trabajar aquellas materias que sean de su importancia, porque son ellos quienes portan y relevan de forma persistentes a sus comunidades\u201d, manifest\u00f3 el seremi de Culturas, Felipe Quiroz.<\/p>\n<p style=\"text-align: justify;\">En ese escenario, el cronograma de actividades consider\u00f3 tejido de fibras vegetales, artesan\u00eda en cuero, textiler\u00eda, tallado en madera, filigrana en cobre, elaboraci\u00f3n de telares y fieltro, adem\u00e1s de artesan\u00edas del litoral en que invitadas de Ra\u00fal Mar\u00edn Balmaceda, Puerto Gala, La Junta y Gaviota compartieron saberes.<\/p>\n<p style=\"text-align: justify;\">La participaci\u00f3n de coet\u00e1neas provenientes de sectores remotos fue de gran relevancia para la organizaci\u00f3n, en especial por su aporte patrimonial. \u201cEs importante que est\u00e9n ac\u00e1, que representen a su localidad y muestren lo que est\u00e1n haciendo\u201d, expres\u00f3 Noelia Cabrera, integrante de la Asociaci\u00f3n Artesan\u00eda Sur Cisnes. Y agreg\u00f3 \u201clo interesante es que muchas de las materias primas que obtienen es en relaci\u00f3n con la biodiversidad; por ejemplo, si tienen que hacer un telar u ocupar un marco y darle valor a\u00f1adido ocupan maderas nativas, para la tintura de lanas experimentan con musgos y algunas plantas acu\u00e1ticas, as\u00ed que es s\u00faper interesante su trabajo\u201d.<\/p>\n<p style=\"text-align: justify;\">Gladys Bravo, artesana de Ra\u00fal Mar\u00edn Balmaceda que imparti\u00f3 el taller de bordado con fieltro, destac\u00f3 la iniciativa. \u201cAqu\u00ed uno viene con algo seguro, a ense\u00f1ar y entregar conocimiento\u201d. Respecto a las t\u00e9cnicas a\u00f1adi\u00f3 \u201cuno no quiere que se pierdan, el filtro est\u00e1 reci\u00e9n saliendo, pero hay otras cosas de hilado que es de antes, y eso s\u00ed se est\u00e1 perdiendo y dan ganas de ense\u00f1ar a las nuevas generaciones\u201d.<\/p>\n<p style=\"text-align: justify;\">El cierre del proyecto cont\u00f3 con m\u00fasica en vivo y un nutrido repertorio a cargo de la banda juvenil Bajo Cuerda, que junto a los talleres reactivaron los espacios p\u00fablicos de la comuna.<\/p>\n<\/div><\/section><\/div><div  style='height:50px' class='hr hr-invisible   avia-builder-el-6  el_after_av_one_full  el_before_av_social_share '><span class='hr-inner ' ><span class='hr-inner-style'><\/span><\/span><\/div><\/p>\n<div  class='av-social-sharing-box  avia-builder-el-7  el_after_av_hr  el_before_av_hr  '><div class='av-share-box'><h5 class='av-share-link-description av-no-toc '>Compartir esta noticia<\/h5><ul class='av-share-box-list noLightbox'><li class='av-share-link av-social-link-facebook' ><a target=\"_blank\" aria-label=\"Compartir en Facebook\" href='https:\/\/www.facebook.com\/sharer.php?u=https:\/\/radiorevelacionfm.cl\/?p=35762&#038;t=Organizaciones%20culturales%20de%20Puerto%20Cisnes%20visibilizan%20oficios%20artesanales%20e%20intercambio%20de%20saberes' aria-hidden='false' data-av_icon='\ue8f3' data-av_iconfont='entypo-fontello' title='' data-avia-related-tooltip='Compartir en Facebook' rel=\"noopener\"><span class='avia_hidden_link_text'>Compartir en Facebook<\/span><\/a><\/li><li class='av-share-link av-social-link-twitter' ><a target=\"_blank\" aria-label=\"Compartir en Twitter\" href='https:\/\/twitter.com\/share?text=Organizaciones%20culturales%20de%20Puerto%20Cisnes%20visibilizan%20oficios%20artesanales%20e%20intercambio%20de%20saberes&#038;url=https:\/\/radiorevelacionfm.cl\/?p=35762' aria-hidden='false' data-av_icon='\ue8f1' data-av_iconfont='entypo-fontello' title='' data-avia-related-tooltip='Compartir en Twitter' rel=\"noopener\"><span class='avia_hidden_link_text'>Compartir en Twitter<\/span><\/a><\/li><li class='av-share-link av-social-link-whatsapp' ><a target=\"_blank\" aria-label=\"Compartir en Whatsapp\" href='https:\/\/api.whatsapp.com\/send?text=https:\/\/radiorevelacionfm.cl\/?p=35762' aria-hidden='false' data-av_icon='\uf232' data-av_iconfont='entypo-fontello' title='' data-avia-related-tooltip='Compartir en Whatsapp' rel=\"noopener\"><span class='avia_hidden_link_text'>Compartir en Whatsapp<\/span><\/a><\/li><li class='av-share-link av-social-link-linkedin' ><a target=\"_blank\" aria-label=\"Compartir en LinkedIn\" href='https:\/\/linkedin.com\/shareArticle?mini=true&#038;title=Organizaciones%20culturales%20de%20Puerto%20Cisnes%20visibilizan%20oficios%20artesanales%20e%20intercambio%20de%20saberes&#038;url=https:\/\/radiorevelacionfm.cl\/?p=35762' aria-hidden='false' data-av_icon='\ue8fc' data-av_iconfont='entypo-fontello' title='' data-avia-related-tooltip='Compartir en LinkedIn' rel=\"noopener\"><span class='avia_hidden_link_text'>Compartir en LinkedIn<\/span><\/a><\/li><li class='av-share-link av-social-link-mail' ><a  aria-label=\"Compartir por correo\" href='mailto:?subject=Organizaciones%20culturales%20de%20Puerto%20Cisnes%20visibilizan%20oficios%20artesanales%20e%20intercambio%20de%20saberes&#038;body=https:\/\/radiorevelacionfm.cl\/?p=35762' aria-hidden='false' data-av_icon='\ue805' data-av_iconfont='entypo-fontello' title='' data-avia-related-tooltip='Compartir por correo'><span class='avia_hidden_link_text'>Compartir por correo<\/span><\/a><\/li><\/ul><\/div><\/div>\n<div  style='height:50px' class='hr hr-invisible   avia-builder-el-8  el_after_av_social_share  el_before_av_comments_list '><span class='hr-inner ' ><span class='hr-inner-style'><\/span><\/span><\/div>\n<div  class='av-buildercomment  av-blog-meta-html-info-disabled av-blog-meta-tag-disabled  '><\/div>\n","protected":false},"excerpt":{"rendered":"","protected":false},"author":1,"featured_media":35763,"comment_status":"open","ping_status":"open","sticky":false,"template":"","format":"standard","meta":{"footnotes":""},"categories":[38],"tags":[],"class_list":["post-35762","post","type-post","status-publish","format-standard","has-post-thumbnail","hentry","category-regional"],"jetpack_featured_media_url":"https:\/\/radiorevelacionfm.cl\/wp-content\/uploads\/2023\/10\/talleres-1-1_optimized.jpg","_links":{"self":[{"href":"https:\/\/radiorevelacionfm.cl\/index.php?rest_route=\/wp\/v2\/posts\/35762","targetHints":{"allow":["GET"]}}],"collection":[{"href":"https:\/\/radiorevelacionfm.cl\/index.php?rest_route=\/wp\/v2\/posts"}],"about":[{"href":"https:\/\/radiorevelacionfm.cl\/index.php?rest_route=\/wp\/v2\/types\/post"}],"author":[{"embeddable":true,"href":"https:\/\/radiorevelacionfm.cl\/index.php?rest_route=\/wp\/v2\/users\/1"}],"replies":[{"embeddable":true,"href":"https:\/\/radiorevelacionfm.cl\/index.php?rest_route=%2Fwp%2Fv2%2Fcomments&post=35762"}],"version-history":[{"count":1,"href":"https:\/\/radiorevelacionfm.cl\/index.php?rest_route=\/wp\/v2\/posts\/35762\/revisions"}],"predecessor-version":[{"id":35764,"href":"https:\/\/radiorevelacionfm.cl\/index.php?rest_route=\/wp\/v2\/posts\/35762\/revisions\/35764"}],"wp:featuredmedia":[{"embeddable":true,"href":"https:\/\/radiorevelacionfm.cl\/index.php?rest_route=\/wp\/v2\/media\/35763"}],"wp:attachment":[{"href":"https:\/\/radiorevelacionfm.cl\/index.php?rest_route=%2Fwp%2Fv2%2Fmedia&parent=35762"}],"wp:term":[{"taxonomy":"category","embeddable":true,"href":"https:\/\/radiorevelacionfm.cl\/index.php?rest_route=%2Fwp%2Fv2%2Fcategories&post=35762"},{"taxonomy":"post_tag","embeddable":true,"href":"https:\/\/radiorevelacionfm.cl\/index.php?rest_route=%2Fwp%2Fv2%2Ftags&post=35762"}],"curies":[{"name":"wp","href":"https:\/\/api.w.org\/{rel}","templated":true}]}}