{"id":3576,"date":"2021-04-27T19:34:34","date_gmt":"2021-04-27T22:34:34","guid":{"rendered":"https:\/\/radiorevelacionfm.cl\/?p=3576"},"modified":"2021-04-27T19:34:34","modified_gmt":"2021-04-27T22:34:34","slug":"gobernador-destaca-postulaciones-al-nuevo-ife-ampliado-en-la-provincia-de-aysen","status":"publish","type":"post","link":"https:\/\/radiorevelacionfm.cl\/?p=3576","title":{"rendered":"Gobernador destaca postulaciones al Nuevo IFE Ampliado en la provincia de Ays\u00e9n"},"content":{"rendered":"<div class=\"flex_column av_one_full  flex_column_div av-zero-column-padding first  avia-builder-el-0  el_before_av_one_full  avia-builder-el-first  \" style='border-radius:0px; '><div  class='avia-image-container  av-styling-    avia-builder-el-1  avia-builder-el-no-sibling  avia-align-center '  itemprop=\"image\" itemscope=\"itemscope\" itemtype=\"https:\/\/schema.org\/ImageObject\"  ><div class='avia-image-container-inner'><div class='avia-image-overlay-wrap'><img decoding=\"async\" class='wp-image-0 avia-img-lazy-loading-not-0 avia_image' src=\"https:\/\/radiorevelacionfm.cl\/wp-content\/uploads\/2021\/04\/81740155_3049614415263730_7631808271086518272_n.jpg\" alt='' title=''   itemprop=\"thumbnailUrl\"  \/><\/div><\/div><\/div><\/div><div class=\"flex_column av_one_full  flex_column_div av-zero-column-padding first  avia-builder-el-2  el_after_av_one_full  el_before_av_one_full  column-top-margin\" style='border-radius:0px; '><section class=\"av_textblock_section \"  itemscope=\"itemscope\" itemtype=\"https:\/\/schema.org\/BlogPosting\" itemprop=\"blogPost\" ><div class='avia_textblock  '   itemprop=\"text\" ><p style=\"text-align: center;\"><span style=\"font-size: 18pt;\"><strong>Gobernador destaca postulaciones al Nuevo IFE Ampliado en la provincia de Ays\u00e9n<\/strong><\/span><\/p>\n<div id=\"gtx-trans\" style=\"position: absolute; left: -50px; top: 4.31534px;\">\n<div class=\"gtx-trans-icon\"><\/div>\n<\/div>\n<\/div><\/section><\/div><div class=\"flex_column av_one_full  flex_column_div av-zero-column-padding first  avia-builder-el-4  el_after_av_one_full  el_before_av_hr  column-top-margin\" style='border-radius:0px; '><section class=\"av_textblock_section \"  itemscope=\"itemscope\" itemtype=\"https:\/\/schema.org\/BlogPosting\" itemprop=\"blogPost\" ><div class='avia_textblock  '   itemprop=\"text\" ><p style=\"text-align: justify;\">Autoridad provincial ha reforzado mediante distintos contactos telef\u00f3nicos con medios de comunicaci\u00f3n de la provincia.<\/p>\n<p style=\"text-align: justify;\">El pr\u00f3ximo viernes 30 de abril se termina el plazo para la postulaci\u00f3n al IFE Ampliado anunciado por el Presidente Sebasti\u00e1n Pi\u00f1era, cuyo beneficio se ampl\u00eda por los meses de abril, mayo y junio para as\u00ed ir con una importante ayuda econ\u00f3mica a las familias que m\u00e1s lo necesitan en estos tiempos de pandemia.<\/p>\n<p style=\"text-align: justify;\">Producto de lo anterior el Gobernador de la provincia Manuel Ortiz Torres ha valorado el inter\u00e9s de la comunidad por querer postular a este beneficio destacando muy buenas cifras de postulaci\u00f3n \u201cla verdad es que estamos muy contentos con las cifras que manejamos en nuestra provincia (1.937 personas) porque han aceptado el llamado a postular al nuevo IFE Ampliado que fuera anunciado hace algunos d\u00edas por el Presidente Sebasti\u00e1n Pi\u00f1era y que ayudar\u00e1 econ\u00f3micamente a todas las familias que pertenezcan al 80% m\u00e1s vulnerable seg\u00fan el Registro Social de Hogares, la comunidad ha reconocido el esfuerzo de este gobierno por querer ayudar en estos tiempos muy complicados a las familias producto del Covid-19\u201d.<\/p>\n<p style=\"text-align: justify;\">La Gobernaci\u00f3n de Ays\u00e9n a trav\u00e9s de funcionarias tambi\u00e9n han recibido de manera presencial a la gente para poder ayudarlas en la postulaci\u00f3n al nuevo IFE \u201chemos dispuesto de dos de nuestras funcionarias para que puedan orientar y ayudar en la postulaci\u00f3n a este beneficio a la gente que se ha acercado a esta dependencia y que por alg\u00fan motivo no ha podido realizar el tr\u00e1mite en l\u00ednea\u201d indicaba la autoridad provincial.<\/p>\n<p style=\"text-align: justify;\">Respecto al despliegue comunicacional el Gobernador indicaba \u201cen conjunto con el Seremi de Desarrollo Social Marcelo J\u00e9lvez esta semana realizamos un Gobierno en Terreno Virtual en donde la comunidad pudo realizar sus preguntas, posteriormente hemos tomado contacto con Puyuhuapi y La Junta para orientar a la comunidad que ha manifestado ciertas inquietudes respecto a este IFE Ampliado, en la semana seguiremos con otros medios de comunicaci\u00f3n informando de este proceso que termina la postulaci\u00f3n el 30 de abril, adem\u00e1s destacar el trabajo en terreno de funcionarios de la Seremi de Desarrollo Social y tambi\u00e9n de los distintos equipos de las municipalidades\u201d.<\/p>\n<\/div><\/section><\/div><div  style='height:50px' class='hr hr-invisible   avia-builder-el-6  el_after_av_one_full  el_before_av_social_share '><span class='hr-inner ' ><span class='hr-inner-style'><\/span><\/span><\/div><\/p>\n<div  class='av-social-sharing-box  avia-builder-el-7  el_after_av_hr  el_before_av_hr  '><div class='av-share-box'><h5 class='av-share-link-description av-no-toc '>Compartir esta noticia<\/h5><ul class='av-share-box-list noLightbox'><li class='av-share-link av-social-link-facebook' ><a target=\"_blank\" aria-label=\"Compartir en Facebook\" href='https:\/\/www.facebook.com\/sharer.php?u=https:\/\/radiorevelacionfm.cl\/?p=3576&#038;t=Gobernador%20destaca%20postulaciones%20al%20Nuevo%20IFE%20Ampliado%20en%20la%20provincia%20de%20Ays%C3%A9n' aria-hidden='false' data-av_icon='\ue8f3' data-av_iconfont='entypo-fontello' title='' data-avia-related-tooltip='Compartir en Facebook' rel=\"noopener\"><span class='avia_hidden_link_text'>Compartir en Facebook<\/span><\/a><\/li><li class='av-share-link av-social-link-twitter' ><a target=\"_blank\" aria-label=\"Compartir en Twitter\" href='https:\/\/twitter.com\/share?text=Gobernador%20destaca%20postulaciones%20al%20Nuevo%20IFE%20Ampliado%20en%20la%20provincia%20de%20Ays%C3%A9n&#038;url=https:\/\/radiorevelacionfm.cl\/?p=3576' aria-hidden='false' data-av_icon='\ue8f1' data-av_iconfont='entypo-fontello' title='' data-avia-related-tooltip='Compartir en Twitter' rel=\"noopener\"><span class='avia_hidden_link_text'>Compartir en Twitter<\/span><\/a><\/li><li class='av-share-link av-social-link-whatsapp' ><a target=\"_blank\" aria-label=\"Compartir en Whatsapp\" href='https:\/\/api.whatsapp.com\/send?text=https:\/\/radiorevelacionfm.cl\/?p=3576' aria-hidden='false' data-av_icon='\uf232' data-av_iconfont='entypo-fontello' title='' data-avia-related-tooltip='Compartir en Whatsapp' rel=\"noopener\"><span class='avia_hidden_link_text'>Compartir en Whatsapp<\/span><\/a><\/li><li class='av-share-link av-social-link-linkedin' ><a target=\"_blank\" aria-label=\"Compartir en LinkedIn\" href='https:\/\/linkedin.com\/shareArticle?mini=true&#038;title=Gobernador%20destaca%20postulaciones%20al%20Nuevo%20IFE%20Ampliado%20en%20la%20provincia%20de%20Ays%C3%A9n&#038;url=https:\/\/radiorevelacionfm.cl\/?p=3576' aria-hidden='false' data-av_icon='\ue8fc' data-av_iconfont='entypo-fontello' title='' data-avia-related-tooltip='Compartir en LinkedIn' rel=\"noopener\"><span class='avia_hidden_link_text'>Compartir en LinkedIn<\/span><\/a><\/li><li class='av-share-link av-social-link-mail' ><a  aria-label=\"Compartir por correo\" href='mailto:?subject=Gobernador%20destaca%20postulaciones%20al%20Nuevo%20IFE%20Ampliado%20en%20la%20provincia%20de%20Ays%C3%A9n&#038;body=https:\/\/radiorevelacionfm.cl\/?p=3576' aria-hidden='false' data-av_icon='\ue805' data-av_iconfont='entypo-fontello' title='' data-avia-related-tooltip='Compartir por correo'><span class='avia_hidden_link_text'>Compartir por correo<\/span><\/a><\/li><\/ul><\/div><\/div>\n<div  style='height:50px' class='hr hr-invisible   avia-builder-el-8  el_after_av_social_share  el_before_av_comments_list '><span class='hr-inner ' ><span class='hr-inner-style'><\/span><\/span><\/div>\n<div  class='av-buildercomment  av-blog-meta-html-info-disabled av-blog-meta-tag-disabled  '><\/div>\n","protected":false},"excerpt":{"rendered":"","protected":false},"author":1,"featured_media":0,"comment_status":"open","ping_status":"open","sticky":false,"template":"","format":"standard","meta":{"footnotes":""},"categories":[38],"tags":[],"class_list":["post-3576","post","type-post","status-publish","format-standard","hentry","category-regional"],"jetpack_featured_media_url":"","_links":{"self":[{"href":"https:\/\/radiorevelacionfm.cl\/index.php?rest_route=\/wp\/v2\/posts\/3576","targetHints":{"allow":["GET"]}}],"collection":[{"href":"https:\/\/radiorevelacionfm.cl\/index.php?rest_route=\/wp\/v2\/posts"}],"about":[{"href":"https:\/\/radiorevelacionfm.cl\/index.php?rest_route=\/wp\/v2\/types\/post"}],"author":[{"embeddable":true,"href":"https:\/\/radiorevelacionfm.cl\/index.php?rest_route=\/wp\/v2\/users\/1"}],"replies":[{"embeddable":true,"href":"https:\/\/radiorevelacionfm.cl\/index.php?rest_route=%2Fwp%2Fv2%2Fcomments&post=3576"}],"version-history":[{"count":1,"href":"https:\/\/radiorevelacionfm.cl\/index.php?rest_route=\/wp\/v2\/posts\/3576\/revisions"}],"predecessor-version":[{"id":3578,"href":"https:\/\/radiorevelacionfm.cl\/index.php?rest_route=\/wp\/v2\/posts\/3576\/revisions\/3578"}],"wp:attachment":[{"href":"https:\/\/radiorevelacionfm.cl\/index.php?rest_route=%2Fwp%2Fv2%2Fmedia&parent=3576"}],"wp:term":[{"taxonomy":"category","embeddable":true,"href":"https:\/\/radiorevelacionfm.cl\/index.php?rest_route=%2Fwp%2Fv2%2Fcategories&post=3576"},{"taxonomy":"post_tag","embeddable":true,"href":"https:\/\/radiorevelacionfm.cl\/index.php?rest_route=%2Fwp%2Fv2%2Ftags&post=3576"}],"curies":[{"name":"wp","href":"https:\/\/api.w.org\/{rel}","templated":true}]}}