{"id":35759,"date":"2023-10-10T10:24:01","date_gmt":"2023-10-10T13:24:01","guid":{"rendered":"https:\/\/radiorevelacionfm.cl\/?p=35759"},"modified":"2023-10-10T10:24:01","modified_gmt":"2023-10-10T13:24:01","slug":"buena-evaluacion-de-pacientes-de-capitan-prat-tras-operativo-de-especialistas-en-hospital-de-cochrane","status":"publish","type":"post","link":"https:\/\/radiorevelacionfm.cl\/?p=35759","title":{"rendered":"Buena evaluaci\u00f3n de pacientes de Capit\u00e1n Prat tras operativo de especialistas en Hospital de Cochrane"},"content":{"rendered":"<div class=\"flex_column av_one_full  flex_column_div av-zero-column-padding first  avia-builder-el-0  el_before_av_one_full  avia-builder-el-first  \" style='border-radius:0px; '><div  class='avia-image-container  av-styling-    avia-builder-el-1  avia-builder-el-no-sibling  avia-align-center '  itemprop=\"image\" itemscope=\"itemscope\" itemtype=\"https:\/\/schema.org\/ImageObject\"  ><div class='avia-image-container-inner'><div class='avia-image-overlay-wrap'><img decoding=\"async\" class='wp-image-35760 avia-img-lazy-loading-not-35760 avia_image' src=\"https:\/\/radiorevelacionfm.cl\/wp-content\/uploads\/2023\/10\/equipo-operativo-1_optimized.jpg\" alt='' title='equipo-operativo-(1)_optimized' height=\"600\" width=\"900\"  itemprop=\"thumbnailUrl\" srcset=\"https:\/\/radiorevelacionfm.cl\/wp-content\/uploads\/2023\/10\/equipo-operativo-1_optimized.jpg 900w, https:\/\/radiorevelacionfm.cl\/wp-content\/uploads\/2023\/10\/equipo-operativo-1_optimized-300x200.jpg 300w, https:\/\/radiorevelacionfm.cl\/wp-content\/uploads\/2023\/10\/equipo-operativo-1_optimized-768x512.jpg 768w, https:\/\/radiorevelacionfm.cl\/wp-content\/uploads\/2023\/10\/equipo-operativo-1_optimized-705x470.jpg 705w, https:\/\/radiorevelacionfm.cl\/wp-content\/uploads\/2023\/10\/equipo-operativo-1_optimized-450x300.jpg 450w, https:\/\/radiorevelacionfm.cl\/wp-content\/uploads\/2023\/10\/equipo-operativo-1_optimized-600x400.jpg 600w\" sizes=\"(max-width: 900px) 100vw, 900px\" \/><\/div><\/div><\/div><\/div><div class=\"flex_column av_one_full  flex_column_div av-zero-column-padding first  avia-builder-el-2  el_after_av_one_full  el_before_av_one_full  column-top-margin\" style='border-radius:0px; '><section class=\"av_textblock_section \"  itemscope=\"itemscope\" itemtype=\"https:\/\/schema.org\/BlogPosting\" itemprop=\"blogPost\" ><div class='avia_textblock  '   itemprop=\"text\" ><p style=\"text-align: center;\"><span style=\"font-size: 18pt;\"><b>Buena evaluaci\u00f3n de pacientes de Capit\u00e1n Prat tras operativo de especialistas en Hospital de Cochrane<\/b><\/span><\/p>\n<div id=\"gtx-trans\" style=\"position: absolute; left: -50px; top: 4.31534px;\">\n<div class=\"gtx-trans-icon\"><\/div>\n<\/div>\n<\/div><\/section><\/div><div class=\"flex_column av_one_full  flex_column_div av-zero-column-padding first  avia-builder-el-4  el_after_av_one_full  el_before_av_hr  column-top-margin\" style='border-radius:0px; '><section class=\"av_textblock_section \"  itemscope=\"itemscope\" itemtype=\"https:\/\/schema.org\/BlogPosting\" itemprop=\"blogPost\" ><div class='avia_textblock  '   itemprop=\"text\" ><p style=\"font-weight: 400; text-align: justify;\"><em>Sobre 200 pacientes fueron atendidos durante una semana en el establecimiento de salud local, quienes se mostraron satisfechos con la atenci\u00f3n entregada por los profesionales de la Red Asistencial.<\/em><\/p>\n<p style=\"font-weight: 400; text-align: justify;\">La extensa y fragmentada regi\u00f3n de Ays\u00e9n, con sus m\u00e1s de 108 mil kil\u00f3metros cuadrados es un desaf\u00edo para los equipos de salud. A eso se suma la falta de una buena conectividad que contribuye a las complejidades existentes. Por eso llegar con un operativo de especialistas m\u00e9dicos a Cochrane no es balad\u00ed. Es un esfuerzo que hace el Estado para entregar salud de calidad a cada habitante de la regi\u00f3n de Ays\u00e9n. Profesionales especialistas en urolog\u00eda, cirug\u00eda infantil, otorrinolaringolog\u00eda, medicina familiar y tecnolog\u00eda m\u00e9dica se trasladaron para atender a casi 260 personas de la Provincia Capit\u00e1n Prat, en las instalaciones del excelente y remozado Hospital de Cochrane. \u201cAndaba con un problema de tap\u00f3n de o\u00eddo y el otorrino me lo extrajo y mis ex\u00e1menes resultaron bien, muy buenos estos operativos, ojal\u00e1 se puedan seguir realizando, una buena coordinaci\u00f3n para tener este beneficio y ma\u00f1ana viajo a Caleta Tortel. Hay muchas listas de espera y a nuestra edad hay un desgaste f\u00edsico y trasnoche para llegar a Coyhaique\u201d, resume Nancy Dom\u00ednguez, paciente de Caleta Tortel, peque\u00f1a localidad ubicada a m\u00e1s de dos horas al sur de Cochrane.<\/p>\n<p style=\"font-weight: 400; text-align: justify;\">Las personas saben y conocen sus derechos y en una discusi\u00f3n por m\u00e1s o menos Estado, saben de qu\u00e9 lado estar, por eso exigen a los servicios p\u00fablicos presencia, pero presencia de calidad en los territorios, porque la salud como otros derechos no es un favor, sino una condici\u00f3n m\u00ednima para los chilenos y chilenas, sobre todo aquellos que con su energ\u00eda y trabajo aportan al desarrollo de sus comunidades, como lo hace Vanessa Mansilla, quien valor\u00f3 la posibilidad de contar con estos operativos en zonas apartadas y que se repetir\u00e1 mensualmente en los hospitales comunitarios de la regi\u00f3n.<\/p>\n<p style=\"font-weight: 400; text-align: justify;\">Junto a su hijo, fue una de las pacientes atendidas por la cirujana infantil, Dra. Camila S\u00e1nchez, \u201cuna real necesidad para nuestra comuna, ya que, de no haber venido, tendr\u00edamos que haber viajado a Coyhaique, as\u00ed que ser\u00eda una muy buena oportunidad para mi hijo y todos los ni\u00f1os que lo necesitan, adem\u00e1s la doctora nos aclar\u00f3 todas las dudas\u201d.<\/p>\n<p style=\"font-weight: 400; text-align: justify;\">Su hijo ser\u00e1 intervenido en alg\u00fan momento, eso es seguro, pero desde ya Vanessa cuenta con la tranquilidad de una atenci\u00f3n que le permiti\u00f3 trazar un camino y conocer los detalles de la afecci\u00f3n de su hijo, para un Gobierno que tiene especial cuidado por la poblaci\u00f3n infantil y su salud.<\/p>\n<p style=\"font-weight: 400; text-align: justify;\">Otra de las pacientes atendidas en este operativo fue Jovita Ojeda, quien visit\u00f3 al Dr. Sergio Hidalgo, ur\u00f3logo del Hospital Coyhaique por un problema con los ri\u00f1ones y, tras la entrevista, qued\u00f3 satisfecha con el diagn\u00f3stico, a su vez que valor\u00f3 ahorrarse el viaje a Coyhaique, con los costos de traslado y pensi\u00f3n. \u201cEs muy bueno este programa, porque nos ayuda mucho en la comuna\u201d.<\/p>\n<p style=\"font-weight: 400; text-align: justify;\">Setenta y cinco atenciones de otorrino, 49 del especialista ur\u00f3logo y 31 de cirug\u00eda infantil se suman a las m\u00e1s de cien procedimientos de Tecn\u00f3logo M\u00e9dico a pacientes de Villa O\u2019Higgins, Caleta Tortel, Chile Chico y la capital de Capit\u00e1n Prat.<\/p>\n<p style=\"font-weight: 400; text-align: justify;\">Tambi\u00e9n el Tecn\u00f3logo M\u00e9dico Pablo Vargas realiz\u00f3 ex\u00e1menes auditivos, en coordinaci\u00f3n con el Dr. Camilo I\u00f1iguez, otorrinolaring\u00f3logo, lo que resolvi\u00f3 dificultades en el momento.<\/p>\n<p style=\"font-weight: 400; text-align: justify;\">Franklin Fournier, especialista en medicina familiar, acot\u00f3 que su trabajo consisti\u00f3 prioritariamente en fortalecer el modelo de atenci\u00f3n de salud familiar, una iniciativa que busca hacer m\u00e1s eficiente la atenci\u00f3n a las personas. \u201cLa idea es organizar nuestros recursos humanos, espacio f\u00edsico y el tiempo de las personas para entregar m\u00e1s recurso humano y atenciones a las personas que tienen enfermedades cr\u00f3nicas, es decir, quienes necesitan m\u00e1s atenciones y eso requiere acompa\u00f1amiento y revisi\u00f3n\u201d.<\/p>\n<p style=\"font-weight: 400; text-align: justify;\">Lo que se busca con la estrategia de cuidado integral centrado en las personas (ECICEP) es mejorar el acompa\u00f1amiento a las personas con enfermedades, sobre todo cr\u00f3nicas, y gestionar junto a ellos la mejor forma de llevar adelante los tratamientos de manera integral.<\/p>\n<p style=\"font-weight: 400; text-align: justify;\">El masivo operativo m\u00e9dico y el excelente trabajo del equipo del Hospital Cochrane, encabezado por su directora, Miriam Navarrete, m\u00e1s los profesionales de diversas \u00e1reas que permitieron este operativo dej\u00f3 satisfecha a la poblaci\u00f3n local, usuarias y usuarios que se mostraron muy conformes con esta iniciativa que nace del Servicio de Salud Ays\u00e9n.<\/p>\n<p style=\"font-weight: 400; text-align: justify;\">\u201cMuy bien atender a mi hijo ac\u00e1, porque cuesta mucho viajar, est\u00e1bamos esperando hace tiempo y quedamos muy tranquilos\u201d, se\u00f1al\u00f3 Vilma Ru\u00edz.<\/p>\n<p style=\"font-weight: 400; text-align: justify;\">Mientras Daisy Valenzuela, quien visit\u00f3 al ur\u00f3logo por temas de c\u00e1lculos renales, acot\u00f3 que \u201ces bastante c\u00f3modo para nosotros, r\u00e1pido, cerca de nuestros hogares y los doctores muy amables, te explican bien los procedimientos que siguen, como en el caso m\u00edo que ya me recuper\u00e9, me oper\u00e9 y te dejan en la lista para un pr\u00f3ximo examen y control y muy agradecida por la atenci\u00f3n recibida en las puertas de mi casa\u201d.<\/p>\n<p style=\"font-weight: 400; text-align: justify;\">Por su parte Susana Saldivia, otra persona atendida en el marco del operativo de especialistas m\u00e9dicos a\u00f1adi\u00f3 que \u201ceste examen ten\u00eda que hac\u00e9rmelo con el otorrino y ten\u00eda que ir a Coyhaique, pero me lo hice ac\u00e1 con el otorrino laring\u00f3logo y tecn\u00f3logo m\u00e9dico. Tengo que hacer un tratamiento por tres meses y hacerme un control\u201d.<\/p>\n<p style=\"font-weight: 400; text-align: justify;\">Una opini\u00f3n similar tuvo Cristofer Saldivia, joven padre que llev\u00f3 a su hijo a atenci\u00f3n de cirujana infantil. \u201cExcelente, buena la atenci\u00f3n, muy bien explicado el uso de las cremas que tiene que utilizar mi hijito\u201d.<\/p>\n<p style=\"font-weight: 400; text-align: justify;\"><strong>Continuar\u00e1n operativos en hospitales comunitarios<\/strong><\/p>\n<p style=\"font-weight: 400; text-align: justify;\">Esta iniciativa del SSA no es aislada, sino que se mantendr\u00e1 en el tiempo en los tres hospitales comunitarios de la regi\u00f3n de Ays\u00e9n. El operativo de Cochrane se suma a lo que se realizar\u00e1 a partir del 23 de octubre en el Hospital Jorge Ibar de Puerto Cisnes.<\/p>\n<p style=\"font-weight: 400; text-align: justify;\">Este operativo cont\u00f3 con la atenci\u00f3n del Dr. Camilo I\u00f1iguez, otorrinolaring\u00f3logo, Dr. Sergio Hidalgo, ur\u00f3logo, Dra. Camila S\u00e1nchez, cirujana infantil, Pablo Vargas, tecn\u00f3logo m\u00e9dico y Dr. Franklin Fournier, m\u00e9dico familiar. Adem\u00e1s, fueron acompa\u00f1ados por un equipo de enfermeras y personal de apoyo que permiti\u00f3 el \u00e9xito de la medida de salud p\u00fablica.<\/p>\n<p style=\"font-weight: 400; text-align: justify;\">\u201cEstamos muy satisfechos con el resultado del primer operativo de especialistas que realizamos la semana del 25 en el Hospital de Cochrane. Agradecer el compromiso de los funcionarios y funcionarias que participaron directamente del operativo, a los especialistas que atendieron, al equipo de la sub direcci\u00f3n de gesti\u00f3n asistencial que prepar\u00f3 con muchas semanas de anticipaci\u00f3n este operativo y que fue un \u00e9xito. Y lo m\u00e1s importante destacar lo que nos dijo la gente, que est\u00e1n muy contentos que hayamos podido visitar el hospital de Cochrane y en funci\u00f3n de esto seguiremos trabajando para que sea permanente en el tiempo. Tenemos programadas las salidas en los tres hospitales comunitarios y as\u00ed estaremos en el Hospital de Chile Chico y Puerto Cisnes, con la finalidad de estar m\u00e1s cerca de la ciudadan\u00eda y que nuestros especialistas puedan acceder al territorio y puedan entregar una salud m\u00e1s oportuna y digna\u201d, cerr\u00f3 Mauricio Cort\u00e9s, director (S) del SSA.<\/p>\n<\/div><\/section><\/div><div  style='height:50px' class='hr hr-invisible   avia-builder-el-6  el_after_av_one_full  el_before_av_social_share '><span class='hr-inner ' ><span class='hr-inner-style'><\/span><\/span><\/div><\/p>\n<div  class='av-social-sharing-box  avia-builder-el-7  el_after_av_hr  el_before_av_hr  '><div class='av-share-box'><h5 class='av-share-link-description av-no-toc '>Compartir esta noticia<\/h5><ul class='av-share-box-list noLightbox'><li class='av-share-link av-social-link-facebook' ><a target=\"_blank\" aria-label=\"Compartir en Facebook\" href='https:\/\/www.facebook.com\/sharer.php?u=https:\/\/radiorevelacionfm.cl\/?p=35759&#038;t=Buena%20evaluaci%C3%B3n%20de%20pacientes%20de%20Capit%C3%A1n%20Prat%20tras%20operativo%20de%20especialistas%20en%20Hospital%20de%20Cochrane' aria-hidden='false' data-av_icon='\ue8f3' data-av_iconfont='entypo-fontello' title='' data-avia-related-tooltip='Compartir en Facebook' rel=\"noopener\"><span class='avia_hidden_link_text'>Compartir en Facebook<\/span><\/a><\/li><li class='av-share-link av-social-link-twitter' ><a target=\"_blank\" aria-label=\"Compartir en Twitter\" href='https:\/\/twitter.com\/share?text=Buena%20evaluaci%C3%B3n%20de%20pacientes%20de%20Capit%C3%A1n%20Prat%20tras%20operativo%20de%20especialistas%20en%20Hospital%20de%20Cochrane&#038;url=https:\/\/radiorevelacionfm.cl\/?p=35759' aria-hidden='false' data-av_icon='\ue8f1' data-av_iconfont='entypo-fontello' title='' data-avia-related-tooltip='Compartir en Twitter' rel=\"noopener\"><span class='avia_hidden_link_text'>Compartir en Twitter<\/span><\/a><\/li><li class='av-share-link av-social-link-whatsapp' ><a target=\"_blank\" aria-label=\"Compartir en Whatsapp\" href='https:\/\/api.whatsapp.com\/send?text=https:\/\/radiorevelacionfm.cl\/?p=35759' aria-hidden='false' data-av_icon='\uf232' data-av_iconfont='entypo-fontello' title='' data-avia-related-tooltip='Compartir en Whatsapp' rel=\"noopener\"><span class='avia_hidden_link_text'>Compartir en Whatsapp<\/span><\/a><\/li><li class='av-share-link av-social-link-linkedin' ><a target=\"_blank\" aria-label=\"Compartir en LinkedIn\" href='https:\/\/linkedin.com\/shareArticle?mini=true&#038;title=Buena%20evaluaci%C3%B3n%20de%20pacientes%20de%20Capit%C3%A1n%20Prat%20tras%20operativo%20de%20especialistas%20en%20Hospital%20de%20Cochrane&#038;url=https:\/\/radiorevelacionfm.cl\/?p=35759' aria-hidden='false' data-av_icon='\ue8fc' data-av_iconfont='entypo-fontello' title='' data-avia-related-tooltip='Compartir en LinkedIn' rel=\"noopener\"><span class='avia_hidden_link_text'>Compartir en LinkedIn<\/span><\/a><\/li><li class='av-share-link av-social-link-mail' ><a  aria-label=\"Compartir por correo\" href='mailto:?subject=Buena%20evaluaci%C3%B3n%20de%20pacientes%20de%20Capit%C3%A1n%20Prat%20tras%20operativo%20de%20especialistas%20en%20Hospital%20de%20Cochrane&#038;body=https:\/\/radiorevelacionfm.cl\/?p=35759' aria-hidden='false' data-av_icon='\ue805' data-av_iconfont='entypo-fontello' title='' data-avia-related-tooltip='Compartir por correo'><span class='avia_hidden_link_text'>Compartir por correo<\/span><\/a><\/li><\/ul><\/div><\/div>\n<div  style='height:50px' class='hr hr-invisible   avia-builder-el-8  el_after_av_social_share  el_before_av_comments_list '><span class='hr-inner ' ><span class='hr-inner-style'><\/span><\/span><\/div>\n<div  class='av-buildercomment  av-blog-meta-html-info-disabled av-blog-meta-tag-disabled  '><\/div>\n","protected":false},"excerpt":{"rendered":"","protected":false},"author":1,"featured_media":35760,"comment_status":"open","ping_status":"open","sticky":false,"template":"","format":"standard","meta":{"footnotes":""},"categories":[38],"tags":[],"class_list":["post-35759","post","type-post","status-publish","format-standard","has-post-thumbnail","hentry","category-regional"],"jetpack_featured_media_url":"https:\/\/radiorevelacionfm.cl\/wp-content\/uploads\/2023\/10\/equipo-operativo-1_optimized.jpg","_links":{"self":[{"href":"https:\/\/radiorevelacionfm.cl\/index.php?rest_route=\/wp\/v2\/posts\/35759","targetHints":{"allow":["GET"]}}],"collection":[{"href":"https:\/\/radiorevelacionfm.cl\/index.php?rest_route=\/wp\/v2\/posts"}],"about":[{"href":"https:\/\/radiorevelacionfm.cl\/index.php?rest_route=\/wp\/v2\/types\/post"}],"author":[{"embeddable":true,"href":"https:\/\/radiorevelacionfm.cl\/index.php?rest_route=\/wp\/v2\/users\/1"}],"replies":[{"embeddable":true,"href":"https:\/\/radiorevelacionfm.cl\/index.php?rest_route=%2Fwp%2Fv2%2Fcomments&post=35759"}],"version-history":[{"count":1,"href":"https:\/\/radiorevelacionfm.cl\/index.php?rest_route=\/wp\/v2\/posts\/35759\/revisions"}],"predecessor-version":[{"id":35761,"href":"https:\/\/radiorevelacionfm.cl\/index.php?rest_route=\/wp\/v2\/posts\/35759\/revisions\/35761"}],"wp:featuredmedia":[{"embeddable":true,"href":"https:\/\/radiorevelacionfm.cl\/index.php?rest_route=\/wp\/v2\/media\/35760"}],"wp:attachment":[{"href":"https:\/\/radiorevelacionfm.cl\/index.php?rest_route=%2Fwp%2Fv2%2Fmedia&parent=35759"}],"wp:term":[{"taxonomy":"category","embeddable":true,"href":"https:\/\/radiorevelacionfm.cl\/index.php?rest_route=%2Fwp%2Fv2%2Fcategories&post=35759"},{"taxonomy":"post_tag","embeddable":true,"href":"https:\/\/radiorevelacionfm.cl\/index.php?rest_route=%2Fwp%2Fv2%2Ftags&post=35759"}],"curies":[{"name":"wp","href":"https:\/\/api.w.org\/{rel}","templated":true}]}}