{"id":35755,"date":"2023-10-09T12:40:21","date_gmt":"2023-10-09T15:40:21","guid":{"rendered":"https:\/\/radiorevelacionfm.cl\/?p=35755"},"modified":"2023-10-09T23:00:56","modified_gmt":"2023-10-10T02:00:56","slug":"cambio-de-mirada-en-salud-mental-con-entrenamientos-buscan-aumentar-la-capacidad-de-respuesta-en-equipos-de-atencion-primaria","status":"publish","type":"post","link":"https:\/\/radiorevelacionfm.cl\/?p=35755","title":{"rendered":"Cambio de mirada en Salud Mental: Con entrenamientos buscan aumentar la capacidad de respuesta en equipos de atenci\u00f3n primaria"},"content":{"rendered":"<div class=\"flex_column av_one_full  flex_column_div av-zero-column-padding first  avia-builder-el-0  el_before_av_one_full  avia-builder-el-first  \" style='border-radius:0px; '><div  class='avia-image-container  av-styling-    avia-builder-el-1  avia-builder-el-no-sibling  avia-align-center '  itemprop=\"image\" itemscope=\"itemscope\" itemtype=\"https:\/\/schema.org\/ImageObject\"  ><div class='avia-image-container-inner'><div class='avia-image-overlay-wrap'><img decoding=\"async\" class='wp-image-35756 avia-img-lazy-loading-not-35756 avia_image' src=\"https:\/\/radiorevelacionfm.cl\/wp-content\/uploads\/2023\/10\/MHGAP-8-1-1.jpeg\" alt='' title='MHGAP (8) (1) (1)' height=\"600\" width=\"1146\"  itemprop=\"thumbnailUrl\" srcset=\"https:\/\/radiorevelacionfm.cl\/wp-content\/uploads\/2023\/10\/MHGAP-8-1-1.jpeg 1146w, https:\/\/radiorevelacionfm.cl\/wp-content\/uploads\/2023\/10\/MHGAP-8-1-1-300x157.jpeg 300w, https:\/\/radiorevelacionfm.cl\/wp-content\/uploads\/2023\/10\/MHGAP-8-1-1-1030x539.jpeg 1030w, https:\/\/radiorevelacionfm.cl\/wp-content\/uploads\/2023\/10\/MHGAP-8-1-1-768x402.jpeg 768w, https:\/\/radiorevelacionfm.cl\/wp-content\/uploads\/2023\/10\/MHGAP-8-1-1-705x369.jpeg 705w, https:\/\/radiorevelacionfm.cl\/wp-content\/uploads\/2023\/10\/MHGAP-8-1-1-450x236.jpeg 450w, https:\/\/radiorevelacionfm.cl\/wp-content\/uploads\/2023\/10\/MHGAP-8-1-1-600x314.jpeg 600w\" sizes=\"(max-width: 1146px) 100vw, 1146px\" \/><\/div><\/div><\/div><\/div><div class=\"flex_column av_one_full  flex_column_div av-zero-column-padding first  avia-builder-el-2  el_after_av_one_full  el_before_av_one_full  column-top-margin\" style='border-radius:0px; '><section class=\"av_textblock_section \"  itemscope=\"itemscope\" itemtype=\"https:\/\/schema.org\/BlogPosting\" itemprop=\"blogPost\" ><div class='avia_textblock  '   itemprop=\"text\" ><p class=\"v1MsoNormal\" style=\"text-align: center;\"><span style=\"font-size: 18pt;\"><b>Cambio de mirada en Salud Mental: Con entrenamientos buscan aumentar la capacidad de respuesta en equipos de atenci\u00f3n primaria<\/b><\/span><\/p>\n<div id=\"gtx-trans\" style=\"position: absolute; left: -50px; top: 4.31534px;\">\n<div class=\"gtx-trans-icon\"><\/div>\n<\/div>\n<\/div><\/section><\/div><div class=\"flex_column av_one_full  flex_column_div av-zero-column-padding first  avia-builder-el-4  el_after_av_one_full  el_before_av_hr  column-top-margin\" style='border-radius:0px; '><section class=\"av_textblock_section \"  itemscope=\"itemscope\" itemtype=\"https:\/\/schema.org\/BlogPosting\" itemprop=\"blogPost\" ><div class='avia_textblock  '   itemprop=\"text\" ><p class=\"v1MsoNormal\" style=\"text-align: justify;\">Equipos de toda la regi\u00f3n de Ays\u00e9n, desde La Junta a Cochrane, participaron de una jornada de 5 de d\u00edas de capacitaci\u00f3n enmarcados en el Programa de Acci\u00f3n Mundial para superar las brechas en salud mental, conocido por su sigla en ingl\u00e9s mhGAP (Mental Health Gap Action Programme).<\/p>\n<p class=\"v1MsoNormal\" style=\"text-align: justify;\">Esta estrategia nace desde la Organizaci\u00f3n Mundial de la Salud (OMS) y apunta a fortalecer las competencias de los equipos de atenci\u00f3n primaria.<\/p>\n<p class=\"v1MsoNormal\" style=\"text-align: justify;\">\u00abEs una metodolog\u00eda en cascada, partimos con los entrenadores de entrenadores, sigue con los prestadores de salud y luego el trabajo que se tiene que hacer con los equipos de los establecimientos y lo que se busca es fortalecer las competencias. Cuando se piensa en la transversalidad lo que se est\u00e1 hablando es que todo el personal pueda tener competencias en Salud Mental y ese es el desaf\u00edo que nos estamos proponiendo\u00bb, explic\u00f3 Nicol\u00e1s Fierro, referente de Salud Mental de la Divisi\u00f3n de Atenci\u00f3n Primaria del Ministerio de Salud.<\/p>\n<p class=\"v1MsoNormal\" style=\"text-align: justify;\">El objetivo de esta jornada de capacitaci\u00f3n fue entrenar a los facilitadores que tendr\u00e1n la tarea de preparar a los respectivos equipos de los establecimientos de la red, postas, CESFAM y Hospitales Comunitarios.<\/p>\n<p class=\"v1MsoNormal\" style=\"text-align: justify;\">\u00abLa capacitaci\u00f3n trata en s\u00ed de aprender a ser entrenadores de entrenadores y hemos aprendido muchas t\u00e9cnicas para hacer una presentaci\u00f3n que sea adecuada para el personal, que se logre captar la informaci\u00f3n, que los mensajes sean claros y que podamos tener un objetivo espec\u00edfico y un impacto en todo el equipo. Si una persona, por ejemplo, tiene ideaci\u00f3n suicida es importante que un kinesi\u00f3logo o una enfermera pueda dar una primera contenci\u00f3n, m\u00e1s a\u00fan en localidades aisladas\u00bb, dijo Marcia Valenzuela, psic\u00f3loga del Hospital de Cochrane.<\/p>\n<p class=\"v1MsoNormal\" style=\"text-align: justify;\">La mirada dentro del mhGAP implica un cambio de paradigma y as\u00ed como se realiz\u00f3 con \u00e9xito respecto al programa cardiovascular, busca que la Salud Mental no sea responsabilidad solo de un equipo espec\u00edfico, sino que todos los profesionales est\u00e9n capacitados para brindar una primera contenci\u00f3n.<\/p>\n<p class=\"v1MsoNormal\" style=\"text-align: justify;\">Para el Dr. Nicol\u00e1s Perry, encargado del CESFAM La Junta, este cambio de mirada beneficia \u00absobre todo en lo resolutivo, ya que a nosotros nos cuesta muchas veces llegar a los niveles centrales de atenci\u00f3n, secundario y terciario en Coyhaique y Puerto Ays\u00e9n, entonces esto nos da m\u00e1s herramientas para aumentar el tamizaje y ser m\u00e1s resolutivo al momento de detectar un diagn\u00f3stico de salud mental y entregarle en su comunidad a la gente las herramientas para poder rehabilitarse\u00bb.<\/p>\n<p class=\"v1MsoNormal\" style=\"text-align: justify;\">Este cambio de paradigma es crucial en un territorio como el de Ays\u00e9n donde las condiciones clim\u00e1ticas y geogr\u00e1ficas muchas veces impiden el acceso oportuno a las atenciones en establecimientos de mayor complejidad.<\/p>\n<p class=\"v1MsoNormal\" style=\"text-align: justify;\">\u00abNo hay salud si no hay salud mental. Por lo tanto, cuando llega un usuario que lo necesita, cualquier profesional de la salud deber\u00eda estar capacitado para dar una primera respuesta. Es un plan de largo aliento que comenz\u00f3 en 2016 con mucho contenido y ahora ya se est\u00e1 capacitando en habilidades y se espera que el 2025 o 2026 se pueda englobar a distintos profesionales de la salud\u00bb, matiz\u00f3 \u00c1ngela Carvajal Estrada, psic\u00f3loga referente de Salud Mental de APS del Servicio de Salud Ays\u00e9n<\/p>\n<p class=\"v1MsoNormal\" style=\"text-align: justify;\">En esta jornada de \u00abEntrenamiento de Entrenadores\u00bb los 20 funcionarios de APS de la Red Asistencial adquirieron herramientas de Salud Mental que permiten la detecci\u00f3n oportuna, evaluaci\u00f3n, manejo y seguimiento integral de personas con necesidades en esta \u00e1rea, conocimiento que ahora debe ser traspasado a los distintos equipos desplegados por toda la regi\u00f3n.<\/p>\n<div><\/div>\n<\/div><\/section><\/div><div  style='height:50px' class='hr hr-invisible   avia-builder-el-6  el_after_av_one_full  el_before_av_social_share '><span class='hr-inner ' ><span class='hr-inner-style'><\/span><\/span><\/div><\/p>\n<div  class='av-social-sharing-box  avia-builder-el-7  el_after_av_hr  el_before_av_hr  '><div class='av-share-box'><h5 class='av-share-link-description av-no-toc '>Compartir esta noticia<\/h5><ul class='av-share-box-list noLightbox'><li class='av-share-link av-social-link-facebook' ><a target=\"_blank\" aria-label=\"Compartir en Facebook\" href='https:\/\/www.facebook.com\/sharer.php?u=https:\/\/radiorevelacionfm.cl\/?p=35755&#038;t=Cambio%20de%20mirada%20en%20Salud%20Mental%3A%20Con%20entrenamientos%20buscan%20aumentar%20la%20capacidad%20de%20respuesta%20en%20equipos%20de%20atenci%C3%B3n%20primaria' aria-hidden='false' data-av_icon='\ue8f3' data-av_iconfont='entypo-fontello' title='' data-avia-related-tooltip='Compartir en Facebook' rel=\"noopener\"><span class='avia_hidden_link_text'>Compartir en Facebook<\/span><\/a><\/li><li class='av-share-link av-social-link-twitter' ><a target=\"_blank\" aria-label=\"Compartir en Twitter\" href='https:\/\/twitter.com\/share?text=Cambio%20de%20mirada%20en%20Salud%20Mental%3A%20Con%20entrenamientos%20buscan%20aumentar%20la%20capacidad%20de%20respuesta%20en%20equipos%20de%20atenci%C3%B3n%20primaria&#038;url=https:\/\/radiorevelacionfm.cl\/?p=35755' aria-hidden='false' data-av_icon='\ue8f1' data-av_iconfont='entypo-fontello' title='' data-avia-related-tooltip='Compartir en Twitter' rel=\"noopener\"><span class='avia_hidden_link_text'>Compartir en Twitter<\/span><\/a><\/li><li class='av-share-link av-social-link-whatsapp' ><a target=\"_blank\" aria-label=\"Compartir en Whatsapp\" href='https:\/\/api.whatsapp.com\/send?text=https:\/\/radiorevelacionfm.cl\/?p=35755' aria-hidden='false' data-av_icon='\uf232' data-av_iconfont='entypo-fontello' title='' data-avia-related-tooltip='Compartir en Whatsapp' rel=\"noopener\"><span class='avia_hidden_link_text'>Compartir en Whatsapp<\/span><\/a><\/li><li class='av-share-link av-social-link-linkedin' ><a target=\"_blank\" aria-label=\"Compartir en LinkedIn\" href='https:\/\/linkedin.com\/shareArticle?mini=true&#038;title=Cambio%20de%20mirada%20en%20Salud%20Mental%3A%20Con%20entrenamientos%20buscan%20aumentar%20la%20capacidad%20de%20respuesta%20en%20equipos%20de%20atenci%C3%B3n%20primaria&#038;url=https:\/\/radiorevelacionfm.cl\/?p=35755' aria-hidden='false' data-av_icon='\ue8fc' data-av_iconfont='entypo-fontello' title='' data-avia-related-tooltip='Compartir en LinkedIn' rel=\"noopener\"><span class='avia_hidden_link_text'>Compartir en LinkedIn<\/span><\/a><\/li><li class='av-share-link av-social-link-mail' ><a  aria-label=\"Compartir por correo\" href='mailto:?subject=Cambio%20de%20mirada%20en%20Salud%20Mental%3A%20Con%20entrenamientos%20buscan%20aumentar%20la%20capacidad%20de%20respuesta%20en%20equipos%20de%20atenci%C3%B3n%20primaria&#038;body=https:\/\/radiorevelacionfm.cl\/?p=35755' aria-hidden='false' data-av_icon='\ue805' data-av_iconfont='entypo-fontello' title='' data-avia-related-tooltip='Compartir por correo'><span class='avia_hidden_link_text'>Compartir por correo<\/span><\/a><\/li><\/ul><\/div><\/div>\n<div  style='height:50px' class='hr hr-invisible   avia-builder-el-8  el_after_av_social_share  el_before_av_comments_list '><span class='hr-inner ' ><span class='hr-inner-style'><\/span><\/span><\/div>\n<div  class='av-buildercomment  av-blog-meta-html-info-disabled av-blog-meta-tag-disabled  '><\/div>\n","protected":false},"excerpt":{"rendered":"","protected":false},"author":1,"featured_media":35756,"comment_status":"open","ping_status":"open","sticky":false,"template":"","format":"standard","meta":{"footnotes":""},"categories":[46],"tags":[],"class_list":["post-35755","post","type-post","status-publish","format-standard","has-post-thumbnail","hentry","category-salud"],"jetpack_featured_media_url":"https:\/\/radiorevelacionfm.cl\/wp-content\/uploads\/2023\/10\/MHGAP-8-1-1.jpeg","_links":{"self":[{"href":"https:\/\/radiorevelacionfm.cl\/index.php?rest_route=\/wp\/v2\/posts\/35755","targetHints":{"allow":["GET"]}}],"collection":[{"href":"https:\/\/radiorevelacionfm.cl\/index.php?rest_route=\/wp\/v2\/posts"}],"about":[{"href":"https:\/\/radiorevelacionfm.cl\/index.php?rest_route=\/wp\/v2\/types\/post"}],"author":[{"embeddable":true,"href":"https:\/\/radiorevelacionfm.cl\/index.php?rest_route=\/wp\/v2\/users\/1"}],"replies":[{"embeddable":true,"href":"https:\/\/radiorevelacionfm.cl\/index.php?rest_route=%2Fwp%2Fv2%2Fcomments&post=35755"}],"version-history":[{"count":1,"href":"https:\/\/radiorevelacionfm.cl\/index.php?rest_route=\/wp\/v2\/posts\/35755\/revisions"}],"predecessor-version":[{"id":35757,"href":"https:\/\/radiorevelacionfm.cl\/index.php?rest_route=\/wp\/v2\/posts\/35755\/revisions\/35757"}],"wp:featuredmedia":[{"embeddable":true,"href":"https:\/\/radiorevelacionfm.cl\/index.php?rest_route=\/wp\/v2\/media\/35756"}],"wp:attachment":[{"href":"https:\/\/radiorevelacionfm.cl\/index.php?rest_route=%2Fwp%2Fv2%2Fmedia&parent=35755"}],"wp:term":[{"taxonomy":"category","embeddable":true,"href":"https:\/\/radiorevelacionfm.cl\/index.php?rest_route=%2Fwp%2Fv2%2Fcategories&post=35755"},{"taxonomy":"post_tag","embeddable":true,"href":"https:\/\/radiorevelacionfm.cl\/index.php?rest_route=%2Fwp%2Fv2%2Ftags&post=35755"}],"curies":[{"name":"wp","href":"https:\/\/api.w.org\/{rel}","templated":true}]}}