{"id":35750,"date":"2023-10-08T18:32:19","date_gmt":"2023-10-08T21:32:19","guid":{"rendered":"https:\/\/radiorevelacionfm.cl\/?p=35750"},"modified":"2023-10-08T18:32:19","modified_gmt":"2023-10-08T21:32:19","slug":"agrupaaysen-insta-a-las-autoridades-a-abordar-la-regulacion-de-la-industria-acuicola-con-responsabilidad","status":"publish","type":"post","link":"https:\/\/radiorevelacionfm.cl\/?p=35750","title":{"rendered":"AgrupaAys\u00e9n insta a las autoridades a abordar la regulaci\u00f3n de la Industria Acu\u00edcola con responsabilidad"},"content":{"rendered":"<div class=\"flex_column av_one_full  flex_column_div av-zero-column-padding first  avia-builder-el-0  el_before_av_one_full  avia-builder-el-first  \" style='border-radius:0px; '><div  class='avia-image-container  av-styling-    avia-builder-el-1  avia-builder-el-no-sibling  avia-align-center '  itemprop=\"image\" itemscope=\"itemscope\" itemtype=\"https:\/\/schema.org\/ImageObject\"  ><div class='avia-image-container-inner'><div class='avia-image-overlay-wrap'><img decoding=\"async\" class='wp-image-35751 avia-img-lazy-loading-not-35751 avia_image' src=\"https:\/\/radiorevelacionfm.cl\/wp-content\/uploads\/2023\/10\/DSC_4430-1-1.jpg\" alt='' title='DSC_4430 (1) (1)' height=\"600\" width=\"899\"  itemprop=\"thumbnailUrl\" srcset=\"https:\/\/radiorevelacionfm.cl\/wp-content\/uploads\/2023\/10\/DSC_4430-1-1.jpg 899w, https:\/\/radiorevelacionfm.cl\/wp-content\/uploads\/2023\/10\/DSC_4430-1-1-300x200.jpg 300w, https:\/\/radiorevelacionfm.cl\/wp-content\/uploads\/2023\/10\/DSC_4430-1-1-768x513.jpg 768w, https:\/\/radiorevelacionfm.cl\/wp-content\/uploads\/2023\/10\/DSC_4430-1-1-705x471.jpg 705w, https:\/\/radiorevelacionfm.cl\/wp-content\/uploads\/2023\/10\/DSC_4430-1-1-450x300.jpg 450w, https:\/\/radiorevelacionfm.cl\/wp-content\/uploads\/2023\/10\/DSC_4430-1-1-600x400.jpg 600w\" sizes=\"(max-width: 899px) 100vw, 899px\" \/><\/div><\/div><\/div><\/div><div class=\"flex_column av_one_full  flex_column_div av-zero-column-padding first  avia-builder-el-2  el_after_av_one_full  el_before_av_one_full  column-top-margin\" style='border-radius:0px; '><section class=\"av_textblock_section \"  itemscope=\"itemscope\" itemtype=\"https:\/\/schema.org\/BlogPosting\" itemprop=\"blogPost\" ><div class='avia_textblock  '   itemprop=\"text\" ><p style=\"text-align: center;\"><span style=\"font-size: 18pt;\"><strong>AgrupAys\u00e9n insta a las autoridades a abordar la regulaci\u00f3n de la Industria Acu\u00edcola con responsabilidad<\/strong><\/span><\/p>\n<div id=\"gtx-trans\" style=\"position: absolute; left: -50px; top: 4.31534px;\">\n<div class=\"gtx-trans-icon\"><\/div>\n<\/div>\n<\/div><\/section><\/div><div class=\"flex_column av_one_full  flex_column_div av-zero-column-padding first  avia-builder-el-4  el_after_av_one_full  el_before_av_hr  column-top-margin\" style='border-radius:0px; '><section class=\"av_textblock_section \"  itemscope=\"itemscope\" itemtype=\"https:\/\/schema.org\/BlogPosting\" itemprop=\"blogPost\" ><div class='avia_textblock  '   itemprop=\"text\" ><p style=\"text-align: justify;\">La Asociaci\u00f3n Gremial de Proveedores de la Industria Acu\u00edcola de Ays\u00e9n, conocida como \u00abAgrupAys\u00e9n,\u00bb ha emitido un llamado urgente a las autoridades nacionales para que aborden con seriedad sus roles en la regulaci\u00f3n de actividades productivas relevantes para la regi\u00f3n y el pa\u00eds, en medio de la creciente preocupaci\u00f3n sobre la reciente discusi\u00f3n en la Comisi\u00f3n de Pesca de la C\u00e1mara del Senado.<\/p>\n<p style=\"text-align: justify;\">En una coyuntura donde la Ministra de Medio Ambiente, durante la sesi\u00f3n de la Comisi\u00f3n de Pesca del Senado, abord\u00f3 el tema de las concesiones acu\u00edcolas en \u00e1reas protegidas, AgrupAys\u00e9n ha manifestado su inquietud. La discusi\u00f3n se centr\u00f3 en un oficio que enfatizaba la necesidad de considerar las concesiones acu\u00edcolas en \u00e1reas de reserva, un tema que preocupa profundamente a todos los actores de la industria, independientemente de si los argumentos son fundados o no.<\/p>\n<p style=\"text-align: justify;\">AgrupAys\u00e9n sostiene que es esencial que las leyes y normas relacionadas con la industria acu\u00edcola sean discutidas de manera exhaustiva, basada en todos los antecedentes t\u00e9cnicos y jur\u00eddicos pertinentes. Adem\u00e1s, es fundamental analizar todas las causas y efectos que puedan surgir de dichas regulaciones.<\/p>\n<p style=\"text-align: justify;\">La asociaci\u00f3n gremial hace un llamado a las autoridades a incluir activamente a la comunidad que reside en las regiones afectadas por estas regulaciones. No se trata solo de reuniones de ocasi\u00f3n, sino de un verdadero compromiso con la descentralizaci\u00f3n y el entendimiento de los impactos sociales y econ\u00f3micos en el territorio.<\/p>\n<p style=\"text-align: justify;\">\u00abEs irresponsable abordar estas cuestiones con ligereza. Necesitamos un enfoque m\u00e1s completo y considerado para asegurarnos de que las decisiones que se tomen sean justas, sostenibles y reflejen las necesidades y preocupaciones de las comunidades locales\u00bb, enfatiz\u00f3 Misael Ruiz, presidente de AgrupAys\u00e9n.<\/p>\n<p style=\"text-align: justify;\">AgrupAys\u00e9n est\u00e1 convencida que se puede perfectamente compatibilizar todas las actividades econ\u00f3micas (Turismo, Pesca y Acuicultura) que se desarrollan en esta regi\u00f3n y conversar arm\u00f3nicamente con la Conservaci\u00f3n. estamos dispuesto a colaborar con las autoridades y otras partes interesadas en la b\u00fasqueda de soluciones y regulaciones que permitan alcanzar ese equilibrio arm\u00f3nico desde los territorios. La asociaci\u00f3n espera que este llamado a la responsabilidad sea escuchado y que se fomente un di\u00e1logo m\u00e1s profundo y significativo en torno a estas cuestiones cruciales para la regi\u00f3n y el pa\u00eds.<\/p>\n<\/div><\/section><\/div><div  style='height:50px' class='hr hr-invisible   avia-builder-el-6  el_after_av_one_full  el_before_av_social_share '><span class='hr-inner ' ><span class='hr-inner-style'><\/span><\/span><\/div><\/p>\n<div  class='av-social-sharing-box  avia-builder-el-7  el_after_av_hr  el_before_av_hr  '><div class='av-share-box'><h5 class='av-share-link-description av-no-toc '>Compartir esta noticia<\/h5><ul class='av-share-box-list noLightbox'><li class='av-share-link av-social-link-facebook' ><a target=\"_blank\" aria-label=\"Compartir en Facebook\" href='https:\/\/www.facebook.com\/sharer.php?u=https:\/\/radiorevelacionfm.cl\/?p=35750&#038;t=AgrupaAys%C3%A9n%20insta%20a%20las%20autoridades%20a%20abordar%20la%20regulaci%C3%B3n%20de%20la%20Industria%20Acu%C3%ADcola%20con%20responsabilidad' aria-hidden='false' data-av_icon='\ue8f3' data-av_iconfont='entypo-fontello' title='' data-avia-related-tooltip='Compartir en Facebook' rel=\"noopener\"><span class='avia_hidden_link_text'>Compartir en Facebook<\/span><\/a><\/li><li class='av-share-link av-social-link-twitter' ><a target=\"_blank\" aria-label=\"Compartir en Twitter\" href='https:\/\/twitter.com\/share?text=AgrupaAys%C3%A9n%20insta%20a%20las%20autoridades%20a%20abordar%20la%20regulaci%C3%B3n%20de%20la%20Industria%20Acu%C3%ADcola%20con%20responsabilidad&#038;url=https:\/\/radiorevelacionfm.cl\/?p=35750' aria-hidden='false' data-av_icon='\ue8f1' data-av_iconfont='entypo-fontello' title='' data-avia-related-tooltip='Compartir en Twitter' rel=\"noopener\"><span class='avia_hidden_link_text'>Compartir en Twitter<\/span><\/a><\/li><li class='av-share-link av-social-link-whatsapp' ><a target=\"_blank\" aria-label=\"Compartir en Whatsapp\" href='https:\/\/api.whatsapp.com\/send?text=https:\/\/radiorevelacionfm.cl\/?p=35750' aria-hidden='false' data-av_icon='\uf232' data-av_iconfont='entypo-fontello' title='' data-avia-related-tooltip='Compartir en Whatsapp' rel=\"noopener\"><span class='avia_hidden_link_text'>Compartir en Whatsapp<\/span><\/a><\/li><li class='av-share-link av-social-link-linkedin' ><a target=\"_blank\" aria-label=\"Compartir en LinkedIn\" href='https:\/\/linkedin.com\/shareArticle?mini=true&#038;title=AgrupaAys%C3%A9n%20insta%20a%20las%20autoridades%20a%20abordar%20la%20regulaci%C3%B3n%20de%20la%20Industria%20Acu%C3%ADcola%20con%20responsabilidad&#038;url=https:\/\/radiorevelacionfm.cl\/?p=35750' aria-hidden='false' data-av_icon='\ue8fc' data-av_iconfont='entypo-fontello' title='' data-avia-related-tooltip='Compartir en LinkedIn' rel=\"noopener\"><span class='avia_hidden_link_text'>Compartir en LinkedIn<\/span><\/a><\/li><li class='av-share-link av-social-link-mail' ><a  aria-label=\"Compartir por correo\" href='mailto:?subject=AgrupaAys%C3%A9n%20insta%20a%20las%20autoridades%20a%20abordar%20la%20regulaci%C3%B3n%20de%20la%20Industria%20Acu%C3%ADcola%20con%20responsabilidad&#038;body=https:\/\/radiorevelacionfm.cl\/?p=35750' aria-hidden='false' data-av_icon='\ue805' data-av_iconfont='entypo-fontello' title='' data-avia-related-tooltip='Compartir por correo'><span class='avia_hidden_link_text'>Compartir por correo<\/span><\/a><\/li><\/ul><\/div><\/div>\n<div  style='height:50px' class='hr hr-invisible   avia-builder-el-8  el_after_av_social_share  el_before_av_comments_list '><span class='hr-inner ' ><span class='hr-inner-style'><\/span><\/span><\/div>\n<div  class='av-buildercomment  av-blog-meta-html-info-disabled av-blog-meta-tag-disabled  '><\/div>\n","protected":false},"excerpt":{"rendered":"","protected":false},"author":1,"featured_media":35751,"comment_status":"open","ping_status":"open","sticky":false,"template":"","format":"standard","meta":{"footnotes":""},"categories":[38],"tags":[],"class_list":["post-35750","post","type-post","status-publish","format-standard","has-post-thumbnail","hentry","category-regional"],"jetpack_featured_media_url":"https:\/\/radiorevelacionfm.cl\/wp-content\/uploads\/2023\/10\/DSC_4430-1-1.jpg","_links":{"self":[{"href":"https:\/\/radiorevelacionfm.cl\/index.php?rest_route=\/wp\/v2\/posts\/35750","targetHints":{"allow":["GET"]}}],"collection":[{"href":"https:\/\/radiorevelacionfm.cl\/index.php?rest_route=\/wp\/v2\/posts"}],"about":[{"href":"https:\/\/radiorevelacionfm.cl\/index.php?rest_route=\/wp\/v2\/types\/post"}],"author":[{"embeddable":true,"href":"https:\/\/radiorevelacionfm.cl\/index.php?rest_route=\/wp\/v2\/users\/1"}],"replies":[{"embeddable":true,"href":"https:\/\/radiorevelacionfm.cl\/index.php?rest_route=%2Fwp%2Fv2%2Fcomments&post=35750"}],"version-history":[{"count":1,"href":"https:\/\/radiorevelacionfm.cl\/index.php?rest_route=\/wp\/v2\/posts\/35750\/revisions"}],"predecessor-version":[{"id":35752,"href":"https:\/\/radiorevelacionfm.cl\/index.php?rest_route=\/wp\/v2\/posts\/35750\/revisions\/35752"}],"wp:featuredmedia":[{"embeddable":true,"href":"https:\/\/radiorevelacionfm.cl\/index.php?rest_route=\/wp\/v2\/media\/35751"}],"wp:attachment":[{"href":"https:\/\/radiorevelacionfm.cl\/index.php?rest_route=%2Fwp%2Fv2%2Fmedia&parent=35750"}],"wp:term":[{"taxonomy":"category","embeddable":true,"href":"https:\/\/radiorevelacionfm.cl\/index.php?rest_route=%2Fwp%2Fv2%2Fcategories&post=35750"},{"taxonomy":"post_tag","embeddable":true,"href":"https:\/\/radiorevelacionfm.cl\/index.php?rest_route=%2Fwp%2Fv2%2Ftags&post=35750"}],"curies":[{"name":"wp","href":"https:\/\/api.w.org\/{rel}","templated":true}]}}