{"id":35746,"date":"2023-10-08T16:50:38","date_gmt":"2023-10-08T19:50:38","guid":{"rendered":"https:\/\/radiorevelacionfm.cl\/?p=35746"},"modified":"2023-10-09T23:02:10","modified_gmt":"2023-10-10T02:02:10","slug":"celeste-anacletxx-representara-a-la-region-de-aysen-en-rockodromo-2023","status":"publish","type":"post","link":"https:\/\/radiorevelacionfm.cl\/?p=35746","title":{"rendered":"Celeste Anacletxx representar\u00e1 a la Regi\u00f3n de Ays\u00e9n en Rock\u00f3dromo 2023"},"content":{"rendered":"<div class=\"flex_column av_one_full  flex_column_div av-zero-column-padding first  avia-builder-el-0  el_before_av_one_full  avia-builder-el-first  \" style='border-radius:0px; '><div  class='avia-image-container  av-styling-    avia-builder-el-1  avia-builder-el-no-sibling  avia-align-center '  itemprop=\"image\" itemscope=\"itemscope\" itemtype=\"https:\/\/schema.org\/ImageObject\"  ><div class='avia-image-container-inner'><div class='avia-image-overlay-wrap'><img decoding=\"async\" class='wp-image-35748 avia-img-lazy-loading-not-35748 avia_image' src=\"https:\/\/radiorevelacionfm.cl\/wp-content\/uploads\/2023\/10\/confluencia-20237-1-1.jpg\" alt='' title='confluencia 20237 (1) (1)' height=\"600\" width=\"900\"  itemprop=\"thumbnailUrl\" srcset=\"https:\/\/radiorevelacionfm.cl\/wp-content\/uploads\/2023\/10\/confluencia-20237-1-1.jpg 900w, https:\/\/radiorevelacionfm.cl\/wp-content\/uploads\/2023\/10\/confluencia-20237-1-1-300x200.jpg 300w, https:\/\/radiorevelacionfm.cl\/wp-content\/uploads\/2023\/10\/confluencia-20237-1-1-768x512.jpg 768w, https:\/\/radiorevelacionfm.cl\/wp-content\/uploads\/2023\/10\/confluencia-20237-1-1-705x470.jpg 705w, https:\/\/radiorevelacionfm.cl\/wp-content\/uploads\/2023\/10\/confluencia-20237-1-1-450x300.jpg 450w, https:\/\/radiorevelacionfm.cl\/wp-content\/uploads\/2023\/10\/confluencia-20237-1-1-600x400.jpg 600w\" sizes=\"(max-width: 900px) 100vw, 900px\" \/><\/div><\/div><\/div><\/div><div class=\"flex_column av_one_full  flex_column_div av-zero-column-padding first  avia-builder-el-2  el_after_av_one_full  el_before_av_one_full  column-top-margin\" style='border-radius:0px; '><section class=\"av_textblock_section \"  itemscope=\"itemscope\" itemtype=\"https:\/\/schema.org\/BlogPosting\" itemprop=\"blogPost\" ><div class='avia_textblock  '   itemprop=\"text\" ><p style=\"text-align: center;\"><span style=\"font-size: 18pt;\"><b>Celeste Anacletxx representar\u00e1 a la Regi\u00f3n de Ays\u00e9n en Rock\u00f3dromo 2023<\/b><\/span><\/p>\n<div id=\"gtx-trans\" style=\"position: absolute; left: -50px; top: 4.31534px;\">\n<div class=\"gtx-trans-icon\"><\/div>\n<\/div>\n<\/div><\/section><\/div><\/p>\n<div class=\"flex_column av_one_full  flex_column_div av-zero-column-padding first  avia-builder-el-4  el_after_av_one_full  el_before_av_hr  column-top-margin\" style='border-radius:0px; '><section class=\"av_textblock_section \"  itemscope=\"itemscope\" itemtype=\"https:\/\/schema.org\/BlogPosting\" itemprop=\"blogPost\" ><div class='avia_textblock  '   itemprop=\"text\" ><p style=\"text-align: justify;\">4 horas de m\u00fasica en vivo se vivieron este fin de semana en el Centro Cultural Coyhaique en el Festival Confluencia 2023. M\u00e1s de un centenar de asistentes fueron testigos de las 10 presentaciones de bandas y solistas regionales que buscaban un cupo en el Festival Rock\u00f3dromo, que celebra sus 19 a\u00f1os en diciembre con m\u00fasicos y m\u00fasicas de todo el pa\u00eds en el Parque Alejo Barrios de Valpara\u00edso.<\/p>\n<p style=\"text-align: justify;\">Estuvieron en Confluencia 2023 celebrando el Mes de la M\u00fasica\u00a0<a id=\"m_-7753150297883640031OWA2487b0db-289b-030a-927f-60cfffc65af8\" href=\"https:\/\/open.spotify.com\/artist\/6pavhVEXoXJhgPThQh0SVs?si=PDI6V2y6RJaqD-nrv9GPDQ\" target=\"_blank\" rel=\"noopener\" data-saferedirecturl=\"https:\/\/www.google.com\/url?q=https:\/\/open.spotify.com\/artist\/6pavhVEXoXJhgPThQh0SVs?si%3DPDI6V2y6RJaqD-nrv9GPDQ&amp;source=gmail&amp;ust=1696875083987000&amp;usg=AOvVaw2Ebikm3qZdKoqn9sbLl7YF\">Allchik<\/a>,\u00a0<a id=\"m_-7753150297883640031OWA2c828d90-e5c9-e5d7-68b8-41cacde1fb7d\" href=\"https:\/\/open.spotify.com\/artist\/2ZC5dGvbeN2DEy2T0mIhKR?si=b9f4mcCGRWaVsjTex9wAFw\" target=\"_blank\" rel=\"noopener\" data-saferedirecturl=\"https:\/\/www.google.com\/url?q=https:\/\/open.spotify.com\/artist\/2ZC5dGvbeN2DEy2T0mIhKR?si%3Db9f4mcCGRWaVsjTex9wAFw&amp;source=gmail&amp;ust=1696875083987000&amp;usg=AOvVaw0LaTpJNl4m5V9M_D-NNsUG\">Celeste Anacletxx<\/a>,\u00a0<a id=\"m_-7753150297883640031OWA41e124a1-9f3e-3ee2-db7b-d18d061b1dc0\" href=\"https:\/\/open.spotify.com\/artist\/4byAG93rqKjdKeODwkHM81\" target=\"_blank\" rel=\"noopener\" data-saferedirecturl=\"https:\/\/www.google.com\/url?q=https:\/\/open.spotify.com\/artist\/4byAG93rqKjdKeODwkHM81&amp;source=gmail&amp;ust=1696875083987000&amp;usg=AOvVaw3FCdB8RzCfcQasy2SQN7lT\">Fernando Pro-sa<\/a>,\u00a0<a id=\"m_-7753150297883640031OWA19579701-bfbf-6a94-8329-fc542c099203\" href=\"https:\/\/open.spotify.com\/artist\/7qLMTcLvp5W1hpzDYXwnw2?si=77WN69QqSseRL4MLld1emg\" target=\"_blank\" rel=\"noopener\" data-saferedirecturl=\"https:\/\/www.google.com\/url?q=https:\/\/open.spotify.com\/artist\/7qLMTcLvp5W1hpzDYXwnw2?si%3D77WN69QqSseRL4MLld1emg&amp;source=gmail&amp;ust=1696875083987000&amp;usg=AOvVaw0uRiF8-lFQVA5xO7u1o22r\">Jorge Fortune<\/a>,\u00a0<a id=\"m_-7753150297883640031OWA0ba449d0-85be-96ea-b2cc-966f8e2dc701\" href=\"https:\/\/open.spotify.com\/artist\/7g92LGnVmuEAUywjb7Lvb1?si=ppz00dC4RCmgCApjpwuo1w\" target=\"_blank\" rel=\"noopener\" data-saferedirecturl=\"https:\/\/www.google.com\/url?q=https:\/\/open.spotify.com\/artist\/7g92LGnVmuEAUywjb7Lvb1?si%3Dppz00dC4RCmgCApjpwuo1w&amp;source=gmail&amp;ust=1696875083987000&amp;usg=AOvVaw3MSpSmCCQHwGzcO-0IuFte\">Luciano Auad<\/a>,\u00a0Artemisa Tr\u00edo,\u00a0<a id=\"m_-7753150297883640031OWA73dc74ba-124d-b7fd-b306-b29ab0a95662\" href=\"https:\/\/open.spotify.com\/artist\/3XXguaOkedoH3wjCQqERa2?si=1b880c89e99a4493\" target=\"_blank\" rel=\"noopener\" data-saferedirecturl=\"https:\/\/www.google.com\/url?q=https:\/\/open.spotify.com\/artist\/3XXguaOkedoH3wjCQqERa2?si%3D1b880c89e99a4493&amp;source=gmail&amp;ust=1696875083987000&amp;usg=AOvVaw2quv9sSK4HRnqokcxuLL7d\">Naara Andariega<\/a>,\u00a0<a id=\"m_-7753150297883640031OWA8928fd3e-0496-c722-e96a-3912496c3614\" href=\"https:\/\/open.spotify.com\/artist\/75ktnxEOJMiDtT1M4SeF3A?si=zmtYUOD2TK6CtgMXhwbPmw\" target=\"_blank\" rel=\"noopener\" data-saferedirecturl=\"https:\/\/www.google.com\/url?q=https:\/\/open.spotify.com\/artist\/75ktnxEOJMiDtT1M4SeF3A?si%3DzmtYUOD2TK6CtgMXhwbPmw&amp;source=gmail&amp;ust=1696875083987000&amp;usg=AOvVaw3ZM07IFLhTN0hj_0sGOemN\">Rast\u00e1dos<\/a>,\u00a0<a id=\"m_-7753150297883640031OWA509dcd23-40bf-65f1-f82c-eb45712e17a9\" href=\"https:\/\/open.spotify.com\/artist\/77tMHp9kL1NwkYb85yH04N?si=xgEqOr0QQgS0QKh6bUz_mA\" target=\"_blank\" rel=\"noopener\" data-saferedirecturl=\"https:\/\/www.google.com\/url?q=https:\/\/open.spotify.com\/artist\/77tMHp9kL1NwkYb85yH04N?si%3DxgEqOr0QQgS0QKh6bUz_mA&amp;source=gmail&amp;ust=1696875083987000&amp;usg=AOvVaw2zMShU4Ce1rkiWtzvermd1\">Savir Quintana<\/a>\u00a0y\u00a0<a id=\"m_-7753150297883640031OWAd72b897a-f58c-fbff-36cc-a026ec700645\" href=\"https:\/\/open.spotify.com\/artist\/09PJjorGNaDKQ1bxMttryL?si=bOn4LDaAQVGT1RXKdNefnA\" target=\"_blank\" rel=\"noopener\" data-saferedirecturl=\"https:\/\/www.google.com\/url?q=https:\/\/open.spotify.com\/artist\/09PJjorGNaDKQ1bxMttryL?si%3DbOn4LDaAQVGT1RXKdNefnA&amp;source=gmail&amp;ust=1696875083987000&amp;usg=AOvVaw2x4TBeboTK8Y4tbFtU49JF\">SoulBlack Gen<\/a>. Todos han sido parte de los\u00a0 procesos formativos telem\u00e1ticos que dictaron las Escuelas de Rock en Ays\u00e9n, programa de Ministerio de las Culturas, las Artes y el Patrimonio.<\/p>\n<p style=\"text-align: justify;\">El jurado estuvo compuesto por el encargado de Cultura de la Municipalidad de Ays\u00e9n, Cristi\u00e1n T\u00f3rres; representando a Escuelas de Rock, Ricardo Saavedra; y el seremi e Culturas Ays\u00e9n, Felipe Quiroz. La decisi\u00f3n final puso en la ruta a Valpara\u00edso a Celeste Anacletxx.<\/p>\n<p style=\"text-align: justify;\">\u201cEstoy feliz porque claramente ha sido un camino demasiado largo en una regi\u00f3n donde claramente son dif\u00edciles los espacios para poder tocar. Es primera vez que se va una banda disidente femenina y eso es un logro comunitario, no tan solo m\u00edo, sino de todas y todes las personas que se dedican al arte y que tenemos una brecha muy gigante para acortar. Se vio el ensayo, ser vio la preparaci\u00f3n (\u2026) Es la primera vez que voy a poder tener la oportunidad de tocar afuera y eso me emociona mucho\u201d, fueron las primeras creaciones de Celeste.<\/p>\n<p style=\"text-align: justify;\">Para el seremi de Culturas Ays\u00e9n, Felipe Quiroz, \u201clos frutos del\u00a0trabajo de las Escuelas de Rock y M\u00fasica Popular en nuestro territorio se ven cada a\u00f1o con mejores resultados y este Confluencia 2023 no fue la excepci\u00f3n. Tuvimos sonidos de gran calidad y un marco de p\u00fablico que, sin duda, dignifica el trabajo de nuestros artistas. Felicitamos, por cierto a Celeste Anacletxx, de cuyo arduo trabajo he sido testigo. Qu\u00e9 mejor que nos represente alguien de Chile Chico\u201d.<\/p>\n<p style=\"text-align: justify;\">Jorge Fortune se present\u00f3 con su propuesta personal y acompa\u00f1\u00f3 t\u00e9cnica y musicalmente a otros proyectos: \u201cMuy alto nivel, qued\u00e9 pa\u00b4 dentro con Pro-Sa. Est\u00e1 cada uno con su identidad y cada uno con su propuesta est\u00e9tica. Superinteresante\u201d. Jorge ya estuvo en Rock\u00f3dromo acompa\u00f1ando al ganador 2022 de Confluencia, Rolando Form\u00f3n, y cree que \u201ces superbueno. Es un festival independiente regional, en definitiva. Escuelas de rock hace un levantamiento por regiones. Y eso me parece superimportante: que se pueda compartir en los escenarios de Rock\u00f3dromo\u201d.<\/p>\n<\/div><\/section><\/div><div  style='height:50px' class='hr hr-invisible   avia-builder-el-6  el_after_av_one_full  el_before_av_social_share '><span class='hr-inner ' ><span class='hr-inner-style'><\/span><\/span><\/div><\/p>\n<div  class='av-social-sharing-box  avia-builder-el-7  el_after_av_hr  el_before_av_hr  '><div class='av-share-box'><h5 class='av-share-link-description av-no-toc '>Compartir esta noticia<\/h5><ul class='av-share-box-list noLightbox'><li class='av-share-link av-social-link-facebook' ><a target=\"_blank\" aria-label=\"Compartir en Facebook\" href='https:\/\/www.facebook.com\/sharer.php?u=https:\/\/radiorevelacionfm.cl\/?p=35746&#038;t=Celeste%20Anacletxx%20representar%C3%A1%20a%20la%20Regi%C3%B3n%20de%20Ays%C3%A9n%20en%20Rock%C3%B3dromo%202023' aria-hidden='false' data-av_icon='\ue8f3' data-av_iconfont='entypo-fontello' title='' data-avia-related-tooltip='Compartir en Facebook' rel=\"noopener\"><span class='avia_hidden_link_text'>Compartir en Facebook<\/span><\/a><\/li><li class='av-share-link av-social-link-twitter' ><a target=\"_blank\" aria-label=\"Compartir en Twitter\" href='https:\/\/twitter.com\/share?text=Celeste%20Anacletxx%20representar%C3%A1%20a%20la%20Regi%C3%B3n%20de%20Ays%C3%A9n%20en%20Rock%C3%B3dromo%202023&#038;url=https:\/\/radiorevelacionfm.cl\/?p=35746' aria-hidden='false' data-av_icon='\ue8f1' data-av_iconfont='entypo-fontello' title='' data-avia-related-tooltip='Compartir en Twitter' rel=\"noopener\"><span class='avia_hidden_link_text'>Compartir en Twitter<\/span><\/a><\/li><li class='av-share-link av-social-link-whatsapp' ><a target=\"_blank\" aria-label=\"Compartir en Whatsapp\" href='https:\/\/api.whatsapp.com\/send?text=https:\/\/radiorevelacionfm.cl\/?p=35746' aria-hidden='false' data-av_icon='\uf232' data-av_iconfont='entypo-fontello' title='' data-avia-related-tooltip='Compartir en Whatsapp' rel=\"noopener\"><span class='avia_hidden_link_text'>Compartir en Whatsapp<\/span><\/a><\/li><li class='av-share-link av-social-link-linkedin' ><a target=\"_blank\" aria-label=\"Compartir en LinkedIn\" href='https:\/\/linkedin.com\/shareArticle?mini=true&#038;title=Celeste%20Anacletxx%20representar%C3%A1%20a%20la%20Regi%C3%B3n%20de%20Ays%C3%A9n%20en%20Rock%C3%B3dromo%202023&#038;url=https:\/\/radiorevelacionfm.cl\/?p=35746' aria-hidden='false' data-av_icon='\ue8fc' data-av_iconfont='entypo-fontello' title='' data-avia-related-tooltip='Compartir en LinkedIn' rel=\"noopener\"><span class='avia_hidden_link_text'>Compartir en LinkedIn<\/span><\/a><\/li><li class='av-share-link av-social-link-mail' ><a  aria-label=\"Compartir por correo\" href='mailto:?subject=Celeste%20Anacletxx%20representar%C3%A1%20a%20la%20Regi%C3%B3n%20de%20Ays%C3%A9n%20en%20Rock%C3%B3dromo%202023&#038;body=https:\/\/radiorevelacionfm.cl\/?p=35746' aria-hidden='false' data-av_icon='\ue805' data-av_iconfont='entypo-fontello' title='' data-avia-related-tooltip='Compartir por correo'><span class='avia_hidden_link_text'>Compartir por correo<\/span><\/a><\/li><\/ul><\/div><\/div>\n<div  style='height:50px' class='hr hr-invisible   avia-builder-el-8  el_after_av_social_share  el_before_av_comments_list '><span class='hr-inner ' ><span class='hr-inner-style'><\/span><\/span><\/div>\n<div  class='av-buildercomment  av-blog-meta-html-info-disabled av-blog-meta-tag-disabled  '><\/div>\n","protected":false},"excerpt":{"rendered":"","protected":false},"author":1,"featured_media":35748,"comment_status":"open","ping_status":"open","sticky":false,"template":"","format":"standard","meta":{"footnotes":""},"categories":[52],"tags":[],"class_list":["post-35746","post","type-post","status-publish","format-standard","has-post-thumbnail","hentry","category-cultura"],"jetpack_featured_media_url":"https:\/\/radiorevelacionfm.cl\/wp-content\/uploads\/2023\/10\/confluencia-20237-1-1.jpg","_links":{"self":[{"href":"https:\/\/radiorevelacionfm.cl\/index.php?rest_route=\/wp\/v2\/posts\/35746","targetHints":{"allow":["GET"]}}],"collection":[{"href":"https:\/\/radiorevelacionfm.cl\/index.php?rest_route=\/wp\/v2\/posts"}],"about":[{"href":"https:\/\/radiorevelacionfm.cl\/index.php?rest_route=\/wp\/v2\/types\/post"}],"author":[{"embeddable":true,"href":"https:\/\/radiorevelacionfm.cl\/index.php?rest_route=\/wp\/v2\/users\/1"}],"replies":[{"embeddable":true,"href":"https:\/\/radiorevelacionfm.cl\/index.php?rest_route=%2Fwp%2Fv2%2Fcomments&post=35746"}],"version-history":[{"count":2,"href":"https:\/\/radiorevelacionfm.cl\/index.php?rest_route=\/wp\/v2\/posts\/35746\/revisions"}],"predecessor-version":[{"id":35749,"href":"https:\/\/radiorevelacionfm.cl\/index.php?rest_route=\/wp\/v2\/posts\/35746\/revisions\/35749"}],"wp:featuredmedia":[{"embeddable":true,"href":"https:\/\/radiorevelacionfm.cl\/index.php?rest_route=\/wp\/v2\/media\/35748"}],"wp:attachment":[{"href":"https:\/\/radiorevelacionfm.cl\/index.php?rest_route=%2Fwp%2Fv2%2Fmedia&parent=35746"}],"wp:term":[{"taxonomy":"category","embeddable":true,"href":"https:\/\/radiorevelacionfm.cl\/index.php?rest_route=%2Fwp%2Fv2%2Fcategories&post=35746"},{"taxonomy":"post_tag","embeddable":true,"href":"https:\/\/radiorevelacionfm.cl\/index.php?rest_route=%2Fwp%2Fv2%2Ftags&post=35746"}],"curies":[{"name":"wp","href":"https:\/\/api.w.org\/{rel}","templated":true}]}}