{"id":35740,"date":"2023-10-08T12:00:52","date_gmt":"2023-10-08T15:00:52","guid":{"rendered":"https:\/\/radiorevelacionfm.cl\/?p=35740"},"modified":"2023-10-08T12:00:52","modified_gmt":"2023-10-08T15:00:52","slug":"conaf-informa-reapertura-de-sendero-estero-parada-en-el-parque-nacional-cerro-castillo","status":"publish","type":"post","link":"https:\/\/radiorevelacionfm.cl\/?p=35740","title":{"rendered":"CONAF informa reapertura de sendero Estero Parada en el Parque Nacional Cerro Castillo"},"content":{"rendered":"<div class=\"flex_column av_one_full  flex_column_div av-zero-column-padding first  avia-builder-el-0  el_before_av_one_full  avia-builder-el-first  \" style='border-radius:0px; '><div  class='avia-image-container  av-styling-    avia-builder-el-1  avia-builder-el-no-sibling  avia-align-center '  itemprop=\"image\" itemscope=\"itemscope\" itemtype=\"https:\/\/schema.org\/ImageObject\"  ><div class='avia-image-container-inner'><div class='avia-image-overlay-wrap'><img decoding=\"async\" class='wp-image-35741 avia-img-lazy-loading-not-35741 avia_image' src=\"https:\/\/radiorevelacionfm.cl\/wp-content\/uploads\/2023\/10\/ParqueCC-1-1-1.jpeg\" alt='' title='ParqueCC 1 (1) (1)' height=\"600\" width=\"800\"  itemprop=\"thumbnailUrl\" srcset=\"https:\/\/radiorevelacionfm.cl\/wp-content\/uploads\/2023\/10\/ParqueCC-1-1-1.jpeg 800w, https:\/\/radiorevelacionfm.cl\/wp-content\/uploads\/2023\/10\/ParqueCC-1-1-1-300x225.jpeg 300w, https:\/\/radiorevelacionfm.cl\/wp-content\/uploads\/2023\/10\/ParqueCC-1-1-1-768x576.jpeg 768w, https:\/\/radiorevelacionfm.cl\/wp-content\/uploads\/2023\/10\/ParqueCC-1-1-1-705x529.jpeg 705w, https:\/\/radiorevelacionfm.cl\/wp-content\/uploads\/2023\/10\/ParqueCC-1-1-1-450x338.jpeg 450w, https:\/\/radiorevelacionfm.cl\/wp-content\/uploads\/2023\/10\/ParqueCC-1-1-1-600x450.jpeg 600w\" sizes=\"(max-width: 800px) 100vw, 800px\" \/><\/div><\/div><\/div><\/div><div class=\"flex_column av_one_full  flex_column_div av-zero-column-padding first  avia-builder-el-2  el_after_av_one_full  el_before_av_one_full  column-top-margin\" style='border-radius:0px; '><section class=\"av_textblock_section \"  itemscope=\"itemscope\" itemtype=\"https:\/\/schema.org\/BlogPosting\" itemprop=\"blogPost\" ><div class='avia_textblock  '   itemprop=\"text\" ><p style=\"text-align: center;\"><span style=\"font-size: 18pt;\"><strong>CONAF informa reapertura de sendero Estero Parada en el Parque Nacional Cerro Castillo<\/strong><\/span><\/p>\n<div id=\"gtx-trans\" style=\"position: absolute; left: -50px; top: 4.31534px;\">\n<div class=\"gtx-trans-icon\"><\/div>\n<\/div>\n<\/div><\/section><\/div><div class=\"flex_column av_one_full  flex_column_div av-zero-column-padding first  avia-builder-el-4  el_after_av_one_full  el_before_av_hr  column-top-margin\" style='border-radius:0px; '><section class=\"av_textblock_section \"  itemscope=\"itemscope\" itemtype=\"https:\/\/schema.org\/BlogPosting\" itemprop=\"blogPost\" ><div class='avia_textblock  '   itemprop=\"text\" ><p class=\"v1MsoNormal\" style=\"text-align: justify;\">La Corporaci\u00f3n Nacional Forestal, CONAF, en Ays\u00e9n, informa que a contar del pr\u00f3ximo martes 10 de octubre se volver\u00e1 a habilitar para el uso p\u00fablico el sendero Estero Parada, del Parque Nacional Cerro Castillo,\u00a0hasta el campamento Porteadores.<\/p>\n<p class=\"v1MsoNormal\" style=\"text-align: justify;\">En este sentido, cabe mencionar que el sector estar\u00e1 abierto\u00a0para el ingreso\u00a0al p\u00fablico desde las 9:00 de las ma\u00f1ana hasta las 14:00 horas,\u00a0y que las personas deben registrar su\u00a0salida y retiro del sector\u00a0 antes de las 17:00 horas, lo que forma parte de un plan de contingencia para garantizar la seguridad y el disfrute de los visitantes que lleguen hasta el<span class=\"v1gmail-Apple-converted-space\">\u00a0<\/span>\u00a0recinto durante la temporada de octubre a diciembre de 2023, y mientras se lleva a cabo el proceso de licitaci\u00f3n y adjudicaci\u00f3n de la concesi\u00f3n de uso p\u00fablico de la red de senderos del\u00a0Parque Nacional.<\/p>\n<p class=\"v1MsoNormal\" style=\"text-align: justify;\">Adicionalmente, y en cuanto al plan de contingencia, desde el 1 de octubre, dos funcionarios de CONAF se har\u00e1n cargo de la habilitaci\u00f3n del puesto de control de uso p\u00fablico y apoyar\u00e1n la preparaci\u00f3n del sendero Estero Parada,\u00a0as\u00ed como tambi\u00e9n realizar\u00e1n el registro de visitantes y dar\u00e1n las informaciones, indicaciones, normas de ingreso y sugerencias a los visitantes.\u00a0 A partir del 1 de noviembre, la dotaci\u00f3n de trabajadores aumentar\u00e1 a 4 personas, alcanzando un total de 6 trabajadores\u00a0para realizar labores de habilitaci\u00f3n del sendero Laguna Castillo y de seguridad, as\u00ed como tambi\u00e9n la \u00a0apertura de senderos y entrega de informaci\u00f3n, logrando una presencia permanente seg\u00fan turnos programados.\u00a0 Tambi\u00e9n se dispondr\u00e1 de un veh\u00edculo 4&#215;4 para el traslado del personal, insumos y labores propias de la corporaci\u00f3n.<\/p>\n<p class=\"v1MsoNormal\" style=\"text-align: justify;\">Adicionalmente, se habilitar\u00e1n puestos de control provisorios en ambos accesos, para la recepci\u00f3n y registro de visitantes, cobro de tarifas de ingreso, entrega de informaci\u00f3n, realizar patrullajes por los senderos y abordar situaciones complejas que pudieran correr el riesgo de convertirse en amenazas\u00a0tanto para la integridad y seguridad de los visitantes como para los ecosistemas que se protegen en el Parque Nacional\u00a0.<\/p>\n<p class=\"v1MsoNormal\" style=\"text-align: justify;\">Es importante mencionar que para acceder al Parque Nacional Cerro Castillo Sendero Parada y Sendero Mirador Laguna Castillo, se debe pasar por predios particulares, por lo que cada visitante debe pagar su derecho al tr\u00e1nsito por dichas propiedades antes de acceder ingresar al Parque Nacional. Adicionalmente y en consideraci\u00f3n al Plan de Contingencia implementado, la Corporaci\u00f3n Nacional Forestal regi\u00f3n de Ays\u00e9n, en coordinaci\u00f3n con el nivel Central de la misma, aplicar\u00e1 gratuidad en la tarifa de ingreso al Parque Nacional Cerro Castillo hasta que se implemente la concesi\u00f3n que se encuentra en proceso de licitaci\u00f3n.<\/p>\n<p class=\"v1MsoNormal\" style=\"text-align: justify;\">Finalmente, CONAF agradece la comprensi\u00f3n de la comunidad durante este per\u00edodo y les invita a disfrutar del Parque Nacional Cerro Castillo con responsabilidad y cuidado,\u00a0siguiendo las indicaciones entregadas por nuestro personal\u00a0. Nuestros esfuerzos est\u00e1n dedicados a brindar una experiencia segura y enriquecedora a la comunidad.<\/p>\n<\/div><\/section><\/div><div  style='height:50px' class='hr hr-invisible   avia-builder-el-6  el_after_av_one_full  el_before_av_social_share '><span class='hr-inner ' ><span class='hr-inner-style'><\/span><\/span><\/div><\/p>\n<div  class='av-social-sharing-box  avia-builder-el-7  el_after_av_hr  el_before_av_hr  '><div class='av-share-box'><h5 class='av-share-link-description av-no-toc '>Compartir esta noticia<\/h5><ul class='av-share-box-list noLightbox'><li class='av-share-link av-social-link-facebook' ><a target=\"_blank\" aria-label=\"Compartir en Facebook\" href='https:\/\/www.facebook.com\/sharer.php?u=https:\/\/radiorevelacionfm.cl\/?p=35740&#038;t=CONAF%20informa%20reapertura%20de%20sendero%20Estero%20Parada%20en%20el%20Parque%20Nacional%20Cerro%20Castillo' aria-hidden='false' data-av_icon='\ue8f3' data-av_iconfont='entypo-fontello' title='' data-avia-related-tooltip='Compartir en Facebook' rel=\"noopener\"><span class='avia_hidden_link_text'>Compartir en Facebook<\/span><\/a><\/li><li class='av-share-link av-social-link-twitter' ><a target=\"_blank\" aria-label=\"Compartir en Twitter\" href='https:\/\/twitter.com\/share?text=CONAF%20informa%20reapertura%20de%20sendero%20Estero%20Parada%20en%20el%20Parque%20Nacional%20Cerro%20Castillo&#038;url=https:\/\/radiorevelacionfm.cl\/?p=35740' aria-hidden='false' data-av_icon='\ue8f1' data-av_iconfont='entypo-fontello' title='' data-avia-related-tooltip='Compartir en Twitter' rel=\"noopener\"><span class='avia_hidden_link_text'>Compartir en Twitter<\/span><\/a><\/li><li class='av-share-link av-social-link-whatsapp' ><a target=\"_blank\" aria-label=\"Compartir en Whatsapp\" href='https:\/\/api.whatsapp.com\/send?text=https:\/\/radiorevelacionfm.cl\/?p=35740' aria-hidden='false' data-av_icon='\uf232' data-av_iconfont='entypo-fontello' title='' data-avia-related-tooltip='Compartir en Whatsapp' rel=\"noopener\"><span class='avia_hidden_link_text'>Compartir en Whatsapp<\/span><\/a><\/li><li class='av-share-link av-social-link-linkedin' ><a target=\"_blank\" aria-label=\"Compartir en LinkedIn\" href='https:\/\/linkedin.com\/shareArticle?mini=true&#038;title=CONAF%20informa%20reapertura%20de%20sendero%20Estero%20Parada%20en%20el%20Parque%20Nacional%20Cerro%20Castillo&#038;url=https:\/\/radiorevelacionfm.cl\/?p=35740' aria-hidden='false' data-av_icon='\ue8fc' data-av_iconfont='entypo-fontello' title='' data-avia-related-tooltip='Compartir en LinkedIn' rel=\"noopener\"><span class='avia_hidden_link_text'>Compartir en LinkedIn<\/span><\/a><\/li><li class='av-share-link av-social-link-mail' ><a  aria-label=\"Compartir por correo\" href='mailto:?subject=CONAF%20informa%20reapertura%20de%20sendero%20Estero%20Parada%20en%20el%20Parque%20Nacional%20Cerro%20Castillo&#038;body=https:\/\/radiorevelacionfm.cl\/?p=35740' aria-hidden='false' data-av_icon='\ue805' data-av_iconfont='entypo-fontello' title='' data-avia-related-tooltip='Compartir por correo'><span class='avia_hidden_link_text'>Compartir por correo<\/span><\/a><\/li><\/ul><\/div><\/div>\n<div  style='height:50px' class='hr hr-invisible   avia-builder-el-8  el_after_av_social_share  el_before_av_comments_list '><span class='hr-inner ' ><span class='hr-inner-style'><\/span><\/span><\/div>\n<div  class='av-buildercomment  av-blog-meta-html-info-disabled av-blog-meta-tag-disabled  '><\/div>\n","protected":false},"excerpt":{"rendered":"","protected":false},"author":1,"featured_media":35741,"comment_status":"open","ping_status":"open","sticky":false,"template":"","format":"standard","meta":{"footnotes":""},"categories":[38],"tags":[],"class_list":["post-35740","post","type-post","status-publish","format-standard","has-post-thumbnail","hentry","category-regional"],"jetpack_featured_media_url":"https:\/\/radiorevelacionfm.cl\/wp-content\/uploads\/2023\/10\/ParqueCC-1-1-1.jpeg","_links":{"self":[{"href":"https:\/\/radiorevelacionfm.cl\/index.php?rest_route=\/wp\/v2\/posts\/35740","targetHints":{"allow":["GET"]}}],"collection":[{"href":"https:\/\/radiorevelacionfm.cl\/index.php?rest_route=\/wp\/v2\/posts"}],"about":[{"href":"https:\/\/radiorevelacionfm.cl\/index.php?rest_route=\/wp\/v2\/types\/post"}],"author":[{"embeddable":true,"href":"https:\/\/radiorevelacionfm.cl\/index.php?rest_route=\/wp\/v2\/users\/1"}],"replies":[{"embeddable":true,"href":"https:\/\/radiorevelacionfm.cl\/index.php?rest_route=%2Fwp%2Fv2%2Fcomments&post=35740"}],"version-history":[{"count":1,"href":"https:\/\/radiorevelacionfm.cl\/index.php?rest_route=\/wp\/v2\/posts\/35740\/revisions"}],"predecessor-version":[{"id":35742,"href":"https:\/\/radiorevelacionfm.cl\/index.php?rest_route=\/wp\/v2\/posts\/35740\/revisions\/35742"}],"wp:featuredmedia":[{"embeddable":true,"href":"https:\/\/radiorevelacionfm.cl\/index.php?rest_route=\/wp\/v2\/media\/35741"}],"wp:attachment":[{"href":"https:\/\/radiorevelacionfm.cl\/index.php?rest_route=%2Fwp%2Fv2%2Fmedia&parent=35740"}],"wp:term":[{"taxonomy":"category","embeddable":true,"href":"https:\/\/radiorevelacionfm.cl\/index.php?rest_route=%2Fwp%2Fv2%2Fcategories&post=35740"},{"taxonomy":"post_tag","embeddable":true,"href":"https:\/\/radiorevelacionfm.cl\/index.php?rest_route=%2Fwp%2Fv2%2Ftags&post=35740"}],"curies":[{"name":"wp","href":"https:\/\/api.w.org\/{rel}","templated":true}]}}