{"id":35737,"date":"2023-10-08T15:11:50","date_gmt":"2023-10-08T18:11:50","guid":{"rendered":"https:\/\/radiorevelacionfm.cl\/?p=35737"},"modified":"2023-10-09T23:04:00","modified_gmt":"2023-10-10T02:04:00","slug":"en-el-mes-de-la-concientizacion-y-sensibilizacion-del-cancer-de-mama-no-eres-mas-o-menos-femenina-por-tener-cancer","status":"publish","type":"post","link":"https:\/\/radiorevelacionfm.cl\/?p=35737","title":{"rendered":"En el mes de la concientizaci\u00f3n y sensibilizaci\u00f3n del c\u00e1ncer de mama: \u201cNO ERES M\u00c1S O MENOS FEMENINA POR TENER C\u00c1NCER\u201d"},"content":{"rendered":"<div class=\"flex_column av_one_full  flex_column_div av-zero-column-padding first  avia-builder-el-0  el_before_av_one_full  avia-builder-el-first  \" style='border-radius:0px; '><div  class='avia-image-container  av-styling-    avia-builder-el-1  avia-builder-el-no-sibling  avia-align-center '  itemprop=\"image\" itemscope=\"itemscope\" itemtype=\"https:\/\/schema.org\/ImageObject\"  ><div class='avia-image-container-inner'><div class='avia-image-overlay-wrap'><img decoding=\"async\" class='wp-image-35738 avia-img-lazy-loading-not-35738 avia_image' src=\"https:\/\/radiorevelacionfm.cl\/wp-content\/uploads\/2023\/10\/2023-NH-03-1-1.jpeg\" alt='' title='2023, NH, 03 (1) (1)' height=\"600\" width=\"901\"  itemprop=\"thumbnailUrl\" srcset=\"https:\/\/radiorevelacionfm.cl\/wp-content\/uploads\/2023\/10\/2023-NH-03-1-1.jpeg 901w, https:\/\/radiorevelacionfm.cl\/wp-content\/uploads\/2023\/10\/2023-NH-03-1-1-300x200.jpeg 300w, https:\/\/radiorevelacionfm.cl\/wp-content\/uploads\/2023\/10\/2023-NH-03-1-1-768x511.jpeg 768w, https:\/\/radiorevelacionfm.cl\/wp-content\/uploads\/2023\/10\/2023-NH-03-1-1-705x469.jpeg 705w, https:\/\/radiorevelacionfm.cl\/wp-content\/uploads\/2023\/10\/2023-NH-03-1-1-450x300.jpeg 450w, https:\/\/radiorevelacionfm.cl\/wp-content\/uploads\/2023\/10\/2023-NH-03-1-1-600x400.jpeg 600w\" sizes=\"(max-width: 901px) 100vw, 901px\" \/><\/div><\/div><\/div><\/div><div class=\"flex_column av_one_full  flex_column_div av-zero-column-padding first  avia-builder-el-2  el_after_av_one_full  el_before_av_one_full  column-top-margin\" style='border-radius:0px; '><section class=\"av_textblock_section \"  itemscope=\"itemscope\" itemtype=\"https:\/\/schema.org\/BlogPosting\" itemprop=\"blogPost\" ><div class='avia_textblock  '   itemprop=\"text\" ><p style=\"text-align: center;\"><strong><span style=\"font-size: 18pt;\">En el mes de la concientizaci\u00f3n y sensibilizaci\u00f3n del c\u00e1ncer de mama: \u201cNO ERES M\u00c1S O MENOS FEMENINA POR TENER C\u00c1NCER\u201d<\/span><\/strong><\/p>\n<div id=\"gtx-trans\" style=\"position: absolute; left: -50px; top: 4.31534px;\">\n<div class=\"gtx-trans-icon\"><\/div>\n<\/div>\n<\/div><\/section><\/div><div class=\"flex_column av_one_full  flex_column_div av-zero-column-padding first  avia-builder-el-4  el_after_av_one_full  el_before_av_hr  column-top-margin\" style='border-radius:0px; '><section class=\"av_textblock_section \"  itemscope=\"itemscope\" itemtype=\"https:\/\/schema.org\/BlogPosting\" itemprop=\"blogPost\" ><div class='avia_textblock  '   itemprop=\"text\" ><p style=\"text-align: justify;\">En 2019 Catalina Humeres, de 37 a\u00f1os le gan\u00f3 la batalla a un agresivo c\u00e1ncer de mama; en este camino conoci\u00f3 a muchas mujeres que no ten\u00edan su misma condici\u00f3n econ\u00f3mica y decidi\u00f3 armar una red de apoyo que cubriera esas necesidades que nadie m\u00e1s comprende.<\/p>\n<p style=\"text-align: justify;\">En esta ruta detect\u00f3 desde mujeres que no ten\u00edan dinero para sus ex\u00e1menes hasta quienes dec\u00edan haber perdido toda su feminidad por la ca\u00edda de su pelo, pesta\u00f1as y cejas. <strong>\u201cYo a ellas siempre les dec\u00eda: no eres m\u00e1s o menos femenina por tener c\u00e1ncer y me anim\u00e9 a demostr\u00e1rselos\u201d,<\/strong> cuenta Catalina.<\/p>\n<p style=\"text-align: justify;\">La joven decidi\u00f3 crear la iniciativa social llamada \u201cPasa la caja\u201d. Una cesta que conten\u00eda todo lo que una paciente con c\u00e1ncer pudiese necesitar; gestada y obsequiada con la empat\u00eda de una sobreviviente para quien quisiera comprarla y regalarla.<\/p>\n<p style=\"text-align: justify;\">Esta caja ten\u00eda en su interior un turbante, ropa interior, pr\u00f3tesis, agenda para los controles, aceite para el pelo que se cae con las quimioterapias, aros y maquillaje. Incluso Humeres lleg\u00f3 a incluir dinero para quienes no pod\u00edan costear de manera particular sus ex\u00e1menes y los necesitaban con prisa. <strong>\u201cY es que de pronto, se habla mucho de prevenci\u00f3n y se olvida de quienes padecen la enfermedad, a quienes parad\u00f3jicamente se les aconseja no bajar los brazos y vivir con energ\u00eda<\/strong>\u201d, agrega la joven.<\/p>\n<p style=\"text-align: justify;\">Palabras que son reafirmadas por Jade Ortiz, Psic\u00f3loga Cl\u00ednica y docente de la Universidad Santo Tom\u00e1s, quien asegura que la salud mental de las pacientes diagnosticadas es tan importante como una quimio o radioterapia.<\/p>\n<p style=\"text-align: justify;\"><strong>\u201c<\/strong><strong>Cuando se trabaja el estado emocional y los procesos asociados a la salud mental, hay un mejor pron\u00f3stico en el tratamiento y en la recuperaci\u00f3n. Por eso es muy importante trabajar en el apoyo a las pacientes con estrategias como: relajaci\u00f3n, risoterapia, mejorar la autoestima o estrategias mindfulness, entre otras cosas. Todas \u00e9stas ayudan a transitar por esta enfermedad como persona y como mujer<\/strong><strong>\u201d,<\/strong> explica la especialista.<\/p>\n<p style=\"text-align: justify;\">Respecto a la feminidad asociada a la belleza, la acad\u00e9mica detalla que las mujeres la enfrentan de distinta manera y expone que <strong>\u201clo que m\u00e1s afecta a las pacientes es sentir la l\u00e1stima del entorno, por lo que es recomendable que este sentimiento sea reemplazado por la compasi\u00f3n, que es aliviar el sufrimiento del otro. Esto se logra acompa\u00f1ando desde la normalizaci\u00f3n de la belleza y compartiendo esta nueva forma de verse y sentirse como mujer\u201d.<\/strong><\/p>\n<p style=\"text-align: justify;\">Un tema que se aborda en especial a nivel mundial por estos d\u00edas, dado que octubre es considerado un mes \u201crosa\u201d, dedicado a crear consciencia y sensibilizaci\u00f3n sobre el C\u00e1ncer de Mama; uno de los m\u00e1s comunes y letales en mujeres alrededor del mundo.<\/p>\n<p style=\"text-align: justify;\">Los especialistas llaman a no bajar la guardia ante la prevenci\u00f3n y los chequeos mensuales o anuales, seg\u00fan sea el caso; y a los c\u00edrculos cercanos de las pacientes, a velar por su salud mental como un cuidado de suma importancia.<\/p>\n<p style=\"text-align: justify;\">Catalina Humeres, venci\u00f3 el c\u00e1ncer y hoy apoya a mujeres trav\u00e9s de @PasaLaCaja, la misma que la llev\u00f3 a ser finalista de la iniciativa social Nuevos H\u00e9roes hace dos a\u00f1os y que este 2023, nuevamente busca hacer visibles a personas que de manera desinteresada hacen el bien a sus comunidades. Las postulaciones se recibir\u00e1n hasta el 20 de octubre en <a href=\"http:\/\/www.nuevosh\u00e9roes.cl\">www.nuevosh\u00e9roes.cl<\/a>.<\/p>\n<\/div><\/section><\/div><div  style='height:50px' class='hr hr-invisible   avia-builder-el-6  el_after_av_one_full  el_before_av_social_share '><span class='hr-inner ' ><span class='hr-inner-style'><\/span><\/span><\/div><\/p>\n<div  class='av-social-sharing-box  avia-builder-el-7  el_after_av_hr  el_before_av_hr  '><div class='av-share-box'><h5 class='av-share-link-description av-no-toc '>Compartir esta noticia<\/h5><ul class='av-share-box-list noLightbox'><li class='av-share-link av-social-link-facebook' ><a target=\"_blank\" aria-label=\"Compartir en Facebook\" href='https:\/\/www.facebook.com\/sharer.php?u=https:\/\/radiorevelacionfm.cl\/?p=35737&#038;t=En%20el%20mes%20de%20la%20concientizaci%C3%B3n%20y%20sensibilizaci%C3%B3n%20del%20c%C3%A1ncer%20de%20mama%3A%20%E2%80%9CNO%20ERES%20M%C3%81S%20O%20MENOS%20FEMENINA%20POR%20TENER%20C%C3%81NCER%E2%80%9D' aria-hidden='false' data-av_icon='\ue8f3' data-av_iconfont='entypo-fontello' title='' data-avia-related-tooltip='Compartir en Facebook' rel=\"noopener\"><span class='avia_hidden_link_text'>Compartir en Facebook<\/span><\/a><\/li><li class='av-share-link av-social-link-twitter' ><a target=\"_blank\" aria-label=\"Compartir en Twitter\" href='https:\/\/twitter.com\/share?text=En%20el%20mes%20de%20la%20concientizaci%C3%B3n%20y%20sensibilizaci%C3%B3n%20del%20c%C3%A1ncer%20de%20mama%3A%20%E2%80%9CNO%20ERES%20M%C3%81S%20O%20MENOS%20FEMENINA%20POR%20TENER%20C%C3%81NCER%E2%80%9D&#038;url=https:\/\/radiorevelacionfm.cl\/?p=35737' aria-hidden='false' data-av_icon='\ue8f1' data-av_iconfont='entypo-fontello' title='' data-avia-related-tooltip='Compartir en Twitter' rel=\"noopener\"><span class='avia_hidden_link_text'>Compartir en Twitter<\/span><\/a><\/li><li class='av-share-link av-social-link-whatsapp' ><a target=\"_blank\" aria-label=\"Compartir en Whatsapp\" href='https:\/\/api.whatsapp.com\/send?text=https:\/\/radiorevelacionfm.cl\/?p=35737' aria-hidden='false' data-av_icon='\uf232' data-av_iconfont='entypo-fontello' title='' data-avia-related-tooltip='Compartir en Whatsapp' rel=\"noopener\"><span class='avia_hidden_link_text'>Compartir en Whatsapp<\/span><\/a><\/li><li class='av-share-link av-social-link-linkedin' ><a target=\"_blank\" aria-label=\"Compartir en LinkedIn\" href='https:\/\/linkedin.com\/shareArticle?mini=true&#038;title=En%20el%20mes%20de%20la%20concientizaci%C3%B3n%20y%20sensibilizaci%C3%B3n%20del%20c%C3%A1ncer%20de%20mama%3A%20%E2%80%9CNO%20ERES%20M%C3%81S%20O%20MENOS%20FEMENINA%20POR%20TENER%20C%C3%81NCER%E2%80%9D&#038;url=https:\/\/radiorevelacionfm.cl\/?p=35737' aria-hidden='false' data-av_icon='\ue8fc' data-av_iconfont='entypo-fontello' title='' data-avia-related-tooltip='Compartir en LinkedIn' rel=\"noopener\"><span class='avia_hidden_link_text'>Compartir en LinkedIn<\/span><\/a><\/li><li class='av-share-link av-social-link-mail' ><a  aria-label=\"Compartir por correo\" href='mailto:?subject=En%20el%20mes%20de%20la%20concientizaci%C3%B3n%20y%20sensibilizaci%C3%B3n%20del%20c%C3%A1ncer%20de%20mama%3A%20%E2%80%9CNO%20ERES%20M%C3%81S%20O%20MENOS%20FEMENINA%20POR%20TENER%20C%C3%81NCER%E2%80%9D&#038;body=https:\/\/radiorevelacionfm.cl\/?p=35737' aria-hidden='false' data-av_icon='\ue805' data-av_iconfont='entypo-fontello' title='' data-avia-related-tooltip='Compartir por correo'><span class='avia_hidden_link_text'>Compartir por correo<\/span><\/a><\/li><\/ul><\/div><\/div>\n<div  style='height:50px' class='hr hr-invisible   avia-builder-el-8  el_after_av_social_share  el_before_av_comments_list '><span class='hr-inner ' ><span class='hr-inner-style'><\/span><\/span><\/div>\n<div  class='av-buildercomment  av-blog-meta-html-info-disabled av-blog-meta-tag-disabled  '><\/div>\n","protected":false},"excerpt":{"rendered":"","protected":false},"author":1,"featured_media":35738,"comment_status":"open","ping_status":"open","sticky":false,"template":"","format":"standard","meta":{"footnotes":""},"categories":[61],"tags":[],"class_list":["post-35737","post","type-post","status-publish","format-standard","has-post-thumbnail","hentry","category-nacional"],"jetpack_featured_media_url":"https:\/\/radiorevelacionfm.cl\/wp-content\/uploads\/2023\/10\/2023-NH-03-1-1.jpeg","_links":{"self":[{"href":"https:\/\/radiorevelacionfm.cl\/index.php?rest_route=\/wp\/v2\/posts\/35737","targetHints":{"allow":["GET"]}}],"collection":[{"href":"https:\/\/radiorevelacionfm.cl\/index.php?rest_route=\/wp\/v2\/posts"}],"about":[{"href":"https:\/\/radiorevelacionfm.cl\/index.php?rest_route=\/wp\/v2\/types\/post"}],"author":[{"embeddable":true,"href":"https:\/\/radiorevelacionfm.cl\/index.php?rest_route=\/wp\/v2\/users\/1"}],"replies":[{"embeddable":true,"href":"https:\/\/radiorevelacionfm.cl\/index.php?rest_route=%2Fwp%2Fv2%2Fcomments&post=35737"}],"version-history":[{"count":1,"href":"https:\/\/radiorevelacionfm.cl\/index.php?rest_route=\/wp\/v2\/posts\/35737\/revisions"}],"predecessor-version":[{"id":35739,"href":"https:\/\/radiorevelacionfm.cl\/index.php?rest_route=\/wp\/v2\/posts\/35737\/revisions\/35739"}],"wp:featuredmedia":[{"embeddable":true,"href":"https:\/\/radiorevelacionfm.cl\/index.php?rest_route=\/wp\/v2\/media\/35738"}],"wp:attachment":[{"href":"https:\/\/radiorevelacionfm.cl\/index.php?rest_route=%2Fwp%2Fv2%2Fmedia&parent=35737"}],"wp:term":[{"taxonomy":"category","embeddable":true,"href":"https:\/\/radiorevelacionfm.cl\/index.php?rest_route=%2Fwp%2Fv2%2Fcategories&post=35737"},{"taxonomy":"post_tag","embeddable":true,"href":"https:\/\/radiorevelacionfm.cl\/index.php?rest_route=%2Fwp%2Fv2%2Ftags&post=35737"}],"curies":[{"name":"wp","href":"https:\/\/api.w.org\/{rel}","templated":true}]}}