{"id":35734,"date":"2023-10-07T20:38:58","date_gmt":"2023-10-07T23:38:58","guid":{"rendered":"https:\/\/radiorevelacionfm.cl\/?p=35734"},"modified":"2023-10-07T20:38:58","modified_gmt":"2023-10-07T23:38:58","slug":"prochile-treinta-empresarias-chilenas-de-aysen-y-magallanes-participaron-en-ronda-binacional-realizada-en-argentina","status":"publish","type":"post","link":"https:\/\/radiorevelacionfm.cl\/?p=35734","title":{"rendered":"ProChile: Treinta empresarias chilenas de Ays\u00e9n y Magallanes participaron en Ronda Binacional realizada en Argentina"},"content":{"rendered":"<div class=\"flex_column av_one_full  flex_column_div av-zero-column-padding first  avia-builder-el-0  el_before_av_one_full  avia-builder-el-first  \" style='border-radius:0px; '><div  class='avia-image-container  av-styling-    avia-builder-el-1  avia-builder-el-no-sibling  avia-align-center '  itemprop=\"image\" itemscope=\"itemscope\" itemtype=\"https:\/\/schema.org\/ImageObject\"  ><div class='avia-image-container-inner'><div class='avia-image-overlay-wrap'><img decoding=\"async\" class='wp-image-35735 avia-img-lazy-loading-not-35735 avia_image' src=\"https:\/\/radiorevelacionfm.cl\/wp-content\/uploads\/2023\/10\/Calafate-3-1-1.jpeg\" alt='' title='Calafate 3 (1) (1)' height=\"600\" width=\"800\"  itemprop=\"thumbnailUrl\" srcset=\"https:\/\/radiorevelacionfm.cl\/wp-content\/uploads\/2023\/10\/Calafate-3-1-1.jpeg 800w, https:\/\/radiorevelacionfm.cl\/wp-content\/uploads\/2023\/10\/Calafate-3-1-1-300x225.jpeg 300w, https:\/\/radiorevelacionfm.cl\/wp-content\/uploads\/2023\/10\/Calafate-3-1-1-768x576.jpeg 768w, https:\/\/radiorevelacionfm.cl\/wp-content\/uploads\/2023\/10\/Calafate-3-1-1-705x529.jpeg 705w, https:\/\/radiorevelacionfm.cl\/wp-content\/uploads\/2023\/10\/Calafate-3-1-1-450x338.jpeg 450w, https:\/\/radiorevelacionfm.cl\/wp-content\/uploads\/2023\/10\/Calafate-3-1-1-600x450.jpeg 600w\" sizes=\"(max-width: 800px) 100vw, 800px\" \/><\/div><\/div><\/div><\/div><div class=\"flex_column av_one_full  flex_column_div av-zero-column-padding first  avia-builder-el-2  el_after_av_one_full  el_before_av_one_full  column-top-margin\" style='border-radius:0px; '><section class=\"av_textblock_section \"  itemscope=\"itemscope\" itemtype=\"https:\/\/schema.org\/BlogPosting\" itemprop=\"blogPost\" ><div class='avia_textblock  '   itemprop=\"text\" ><p style=\"text-align: center;\"><strong><span style=\"font-size: 18pt;\">ProChile: Treinta empresarias chilenas de Ays\u00e9n y Magallanes participaron en Ronda Binacional realizada en Argentina<\/span><\/strong><\/p>\n<div id=\"gtx-trans\" style=\"position: absolute; left: -50px; top: 4.31534px;\">\n<div class=\"gtx-trans-icon\"><\/div>\n<\/div>\n<\/div><\/section><\/div><div class=\"flex_column av_one_full  flex_column_div av-zero-column-padding first  avia-builder-el-4  el_after_av_one_full  el_before_av_hr  column-top-margin\" style='border-radius:0px; '><section class=\"av_textblock_section \"  itemscope=\"itemscope\" itemtype=\"https:\/\/schema.org\/BlogPosting\" itemprop=\"blogPost\" ><div class='avia_textblock  '   itemprop=\"text\" ><p style=\"text-align: justify;\">En la ciudad de El Calafate, ubicada en la ribera meridional del lago Argentino, en la provincia de Santa Cruz, se inici\u00f3 esta jornada la octava versi\u00f3n del Encuentro de Mujeres Empresarias del Fin del Mundo, que lideran la chilena Teresa Celed\u00f3n y la argentina Adriana Errecalde.<\/p>\n<p style=\"text-align: justify;\">La delegaci\u00f3n chilena estuvo compuesta por una treintena de empresarias de las regiones de Ays\u00e9n y Magallanes, que compartieron con sus hom\u00f3logas de Argentina, acompa\u00f1adas por el director regional de ProChile en Magallanes, Claudio Villarroel. La inauguraci\u00f3n del encuentro cont\u00f3 con la participaci\u00f3n de autoridades argentinas, incluyendo el intendente de El Calafate, H\u00e9ctor Javier Belloni; la secretaria de la Mujer, G\u00e9nero y Diversidad de R\u00edo Grande, Dra. Alejandra Arce, entre otras autoridades.<\/p>\n<p style=\"text-align: justify;\">En el encuentro se realizaron dos paneles de casos de \u00e9xito con participaci\u00f3n de empresarias chilenas y argentinas, se expuso sobre la pol\u00edtica energ\u00e9tica argentina, sobre temas de acceso del cr\u00e9dito y tecnolog\u00edas accesibles para negocios y emprendimientos.<\/p>\n<p style=\"text-align: justify;\">Para Teresa Celed\u00f3n, es un notable \u00e9xito que se haya mantenido la continuidad por ocho a\u00f1os de este encuentro binacional y adelant\u00f3 que la novena versi\u00f3n se realizar\u00e1 en Punta Arenas, la primera semana de octubre de 2024, para lo cual esperan cursar invitaciones a empresarias de ocho pa\u00edses latinoamericanos, contando con el apoyo de ProChile para esta gesti\u00f3n.<\/p>\n<p style=\"text-align: justify;\">\u201cQueremos que la relaci\u00f3n entre las mujeres empresarias de Latinoam\u00e9rica se haga m\u00e1s estrecha, que podamos compartir experiencias y realizar negocios, que el desplazamiento en las fronteras de nuestros pa\u00edses tanto para mercanc\u00edas como para personas se pueda hacer en forma m\u00e1s r\u00e1pida y expedita\u201d, afirm\u00f3 Teresa Celed\u00f3n.<\/p>\n<p style=\"text-align: justify;\">Adriana Errecalde expres\u00f3 que \u201cla Octava Ronda nos encuentra en este maravilloso lugar, como anfitrionas. Y estamos muy contentas porque nos acompa\u00f1an de otras c\u00e1maras de comercio y asociaciones de Chile. Se han reunido un grupo maravilloso de artesanas, emprendedoras incansables y con visi\u00f3n de progreso, empresarias y comerciantes\u201d.<\/p>\n<p style=\"text-align: justify;\">La dirigente argentina agreg\u00f3 que \u201cla mujer patag\u00f3nica, quiz\u00e1s por la lejan\u00eda de las grandes ciudades, quiz\u00e1s por el clima o la geograf\u00eda, es una luchadora por naturaleza y todo esto ha forjado un temple f\u00e9rreo en ellas. Ya que compartimos todo esto, nos unimos para decir que las Mujeres Patag\u00f3nicas seguiremos en el camino de las alianzas, tejiendo redes y haci\u00e9ndonos conocer en el mundo\u201d.<\/p>\n<p style=\"text-align: justify;\">Claudio Villarroel, director regional de ProChile en Magallanes, expres\u00f3 que para la instituci\u00f3n resulta un orgullo poder afirmar que han apoyado la internacionalizaci\u00f3n de las mujeres empresarias y cada uno de los encuentros de Mujeres Empresarias del Fin del Mundo. \u201cLa participaci\u00f3n de la mujer en el comercio exterior es uno de los lineamientos estrat\u00e9gicos de ProChile, por lo que esperamos que este impulso que han dado las empresarias de la Patagonia pueda mantenerse y dar frutos, en la exportaci\u00f3n de bienes y servicios chilenos para el mundo\u201d.<\/p>\n<\/div><\/section><\/div><div  style='height:50px' class='hr hr-invisible   avia-builder-el-6  el_after_av_one_full  el_before_av_social_share '><span class='hr-inner ' ><span class='hr-inner-style'><\/span><\/span><\/div><\/p>\n<div  class='av-social-sharing-box  avia-builder-el-7  el_after_av_hr  el_before_av_hr  '><div class='av-share-box'><h5 class='av-share-link-description av-no-toc '>Compartir esta noticia<\/h5><ul class='av-share-box-list noLightbox'><li class='av-share-link av-social-link-facebook' ><a target=\"_blank\" aria-label=\"Compartir en Facebook\" href='https:\/\/www.facebook.com\/sharer.php?u=https:\/\/radiorevelacionfm.cl\/?p=35734&#038;t=ProChile%3A%20Treinta%20empresarias%20chilenas%20de%20Ays%C3%A9n%20y%20Magallanes%20participaron%20en%20Ronda%20Binacional%20realizada%20en%20Argentina' aria-hidden='false' data-av_icon='\ue8f3' data-av_iconfont='entypo-fontello' title='' data-avia-related-tooltip='Compartir en Facebook' rel=\"noopener\"><span class='avia_hidden_link_text'>Compartir en Facebook<\/span><\/a><\/li><li class='av-share-link av-social-link-twitter' ><a target=\"_blank\" aria-label=\"Compartir en Twitter\" href='https:\/\/twitter.com\/share?text=ProChile%3A%20Treinta%20empresarias%20chilenas%20de%20Ays%C3%A9n%20y%20Magallanes%20participaron%20en%20Ronda%20Binacional%20realizada%20en%20Argentina&#038;url=https:\/\/radiorevelacionfm.cl\/?p=35734' aria-hidden='false' data-av_icon='\ue8f1' data-av_iconfont='entypo-fontello' title='' data-avia-related-tooltip='Compartir en Twitter' rel=\"noopener\"><span class='avia_hidden_link_text'>Compartir en Twitter<\/span><\/a><\/li><li class='av-share-link av-social-link-whatsapp' ><a target=\"_blank\" aria-label=\"Compartir en Whatsapp\" href='https:\/\/api.whatsapp.com\/send?text=https:\/\/radiorevelacionfm.cl\/?p=35734' aria-hidden='false' data-av_icon='\uf232' data-av_iconfont='entypo-fontello' title='' data-avia-related-tooltip='Compartir en Whatsapp' rel=\"noopener\"><span class='avia_hidden_link_text'>Compartir en Whatsapp<\/span><\/a><\/li><li class='av-share-link av-social-link-linkedin' ><a target=\"_blank\" aria-label=\"Compartir en LinkedIn\" href='https:\/\/linkedin.com\/shareArticle?mini=true&#038;title=ProChile%3A%20Treinta%20empresarias%20chilenas%20de%20Ays%C3%A9n%20y%20Magallanes%20participaron%20en%20Ronda%20Binacional%20realizada%20en%20Argentina&#038;url=https:\/\/radiorevelacionfm.cl\/?p=35734' aria-hidden='false' data-av_icon='\ue8fc' data-av_iconfont='entypo-fontello' title='' data-avia-related-tooltip='Compartir en LinkedIn' rel=\"noopener\"><span class='avia_hidden_link_text'>Compartir en LinkedIn<\/span><\/a><\/li><li class='av-share-link av-social-link-mail' ><a  aria-label=\"Compartir por correo\" href='mailto:?subject=ProChile%3A%20Treinta%20empresarias%20chilenas%20de%20Ays%C3%A9n%20y%20Magallanes%20participaron%20en%20Ronda%20Binacional%20realizada%20en%20Argentina&#038;body=https:\/\/radiorevelacionfm.cl\/?p=35734' aria-hidden='false' data-av_icon='\ue805' data-av_iconfont='entypo-fontello' title='' data-avia-related-tooltip='Compartir por correo'><span class='avia_hidden_link_text'>Compartir por correo<\/span><\/a><\/li><\/ul><\/div><\/div>\n<div  style='height:50px' class='hr hr-invisible   avia-builder-el-8  el_after_av_social_share  el_before_av_comments_list '><span class='hr-inner ' ><span class='hr-inner-style'><\/span><\/span><\/div>\n<div  class='av-buildercomment  av-blog-meta-html-info-disabled av-blog-meta-tag-disabled  '><\/div>\n","protected":false},"excerpt":{"rendered":"","protected":false},"author":1,"featured_media":35735,"comment_status":"open","ping_status":"open","sticky":false,"template":"","format":"standard","meta":{"footnotes":""},"categories":[38],"tags":[],"class_list":["post-35734","post","type-post","status-publish","format-standard","has-post-thumbnail","hentry","category-regional"],"jetpack_featured_media_url":"https:\/\/radiorevelacionfm.cl\/wp-content\/uploads\/2023\/10\/Calafate-3-1-1.jpeg","_links":{"self":[{"href":"https:\/\/radiorevelacionfm.cl\/index.php?rest_route=\/wp\/v2\/posts\/35734","targetHints":{"allow":["GET"]}}],"collection":[{"href":"https:\/\/radiorevelacionfm.cl\/index.php?rest_route=\/wp\/v2\/posts"}],"about":[{"href":"https:\/\/radiorevelacionfm.cl\/index.php?rest_route=\/wp\/v2\/types\/post"}],"author":[{"embeddable":true,"href":"https:\/\/radiorevelacionfm.cl\/index.php?rest_route=\/wp\/v2\/users\/1"}],"replies":[{"embeddable":true,"href":"https:\/\/radiorevelacionfm.cl\/index.php?rest_route=%2Fwp%2Fv2%2Fcomments&post=35734"}],"version-history":[{"count":1,"href":"https:\/\/radiorevelacionfm.cl\/index.php?rest_route=\/wp\/v2\/posts\/35734\/revisions"}],"predecessor-version":[{"id":35736,"href":"https:\/\/radiorevelacionfm.cl\/index.php?rest_route=\/wp\/v2\/posts\/35734\/revisions\/35736"}],"wp:featuredmedia":[{"embeddable":true,"href":"https:\/\/radiorevelacionfm.cl\/index.php?rest_route=\/wp\/v2\/media\/35735"}],"wp:attachment":[{"href":"https:\/\/radiorevelacionfm.cl\/index.php?rest_route=%2Fwp%2Fv2%2Fmedia&parent=35734"}],"wp:term":[{"taxonomy":"category","embeddable":true,"href":"https:\/\/radiorevelacionfm.cl\/index.php?rest_route=%2Fwp%2Fv2%2Fcategories&post=35734"},{"taxonomy":"post_tag","embeddable":true,"href":"https:\/\/radiorevelacionfm.cl\/index.php?rest_route=%2Fwp%2Fv2%2Ftags&post=35734"}],"curies":[{"name":"wp","href":"https:\/\/api.w.org\/{rel}","templated":true}]}}