{"id":35728,"date":"2023-10-07T17:14:37","date_gmt":"2023-10-07T20:14:37","guid":{"rendered":"https:\/\/radiorevelacionfm.cl\/?p=35728"},"modified":"2023-10-07T17:14:37","modified_gmt":"2023-10-07T20:14:37","slug":"semillitas-del-deportivo-condell-adquieren-implementacion-gracias-a-subvencion-del-municipio-de-aysen","status":"publish","type":"post","link":"https:\/\/radiorevelacionfm.cl\/?p=35728","title":{"rendered":"\u201cSemillitas\u201d del Deportivo Condell adquieren implementaci\u00f3n gracias a subvenci\u00f3n del Municipio de Ays\u00e9n"},"content":{"rendered":"<div class=\"flex_column av_one_full  flex_column_div av-zero-column-padding first  avia-builder-el-0  el_before_av_one_full  avia-builder-el-first  \" style='border-radius:0px; '><div  class='avia-image-container  av-styling-    avia-builder-el-1  avia-builder-el-no-sibling  avia-align-center '  itemprop=\"image\" itemscope=\"itemscope\" itemtype=\"https:\/\/schema.org\/ImageObject\"  ><div class='avia-image-container-inner'><div class='avia-image-overlay-wrap'><img decoding=\"async\" class='wp-image-35729 avia-img-lazy-loading-not-35729 avia_image' src=\"https:\/\/radiorevelacionfm.cl\/wp-content\/uploads\/2023\/10\/IMPLEMENTACION-SEMILLITAS-CONDELL-3-1-1.jpg\" alt='' title='IMPLEMENTACION SEMILLITAS CONDELL 3 (1) (1)' height=\"600\" width=\"1067\"  itemprop=\"thumbnailUrl\" srcset=\"https:\/\/radiorevelacionfm.cl\/wp-content\/uploads\/2023\/10\/IMPLEMENTACION-SEMILLITAS-CONDELL-3-1-1.jpg 1067w, https:\/\/radiorevelacionfm.cl\/wp-content\/uploads\/2023\/10\/IMPLEMENTACION-SEMILLITAS-CONDELL-3-1-1-300x169.jpg 300w, https:\/\/radiorevelacionfm.cl\/wp-content\/uploads\/2023\/10\/IMPLEMENTACION-SEMILLITAS-CONDELL-3-1-1-1030x579.jpg 1030w, https:\/\/radiorevelacionfm.cl\/wp-content\/uploads\/2023\/10\/IMPLEMENTACION-SEMILLITAS-CONDELL-3-1-1-768x432.jpg 768w, https:\/\/radiorevelacionfm.cl\/wp-content\/uploads\/2023\/10\/IMPLEMENTACION-SEMILLITAS-CONDELL-3-1-1-705x396.jpg 705w, https:\/\/radiorevelacionfm.cl\/wp-content\/uploads\/2023\/10\/IMPLEMENTACION-SEMILLITAS-CONDELL-3-1-1-450x253.jpg 450w, https:\/\/radiorevelacionfm.cl\/wp-content\/uploads\/2023\/10\/IMPLEMENTACION-SEMILLITAS-CONDELL-3-1-1-600x337.jpg 600w\" sizes=\"(max-width: 1067px) 100vw, 1067px\" \/><\/div><\/div><\/div><\/div><div class=\"flex_column av_one_full  flex_column_div av-zero-column-padding first  avia-builder-el-2  el_after_av_one_full  el_before_av_one_full  column-top-margin\" style='border-radius:0px; '><section class=\"av_textblock_section \"  itemscope=\"itemscope\" itemtype=\"https:\/\/schema.org\/BlogPosting\" itemprop=\"blogPost\" ><div class='avia_textblock  '   itemprop=\"text\" ><p style=\"text-align: center;\"><strong><span style=\"font-size: 18pt;\">\u201cSemillitas\u201d del Deportivo Condell adquieren implementaci\u00f3n gracias a subvenci\u00f3n del Municipio de Ays\u00e9n<\/span><\/strong><\/p>\n<div id=\"gtx-trans\" style=\"position: absolute; left: -50px; top: 4.31534px;\">\n<div class=\"gtx-trans-icon\"><\/div>\n<\/div>\n<\/div><\/section><\/div><div class=\"flex_column av_one_full  flex_column_div av-zero-column-padding first  avia-builder-el-4  el_after_av_one_full  el_before_av_hr  column-top-margin\" style='border-radius:0px; '><section class=\"av_textblock_section \"  itemscope=\"itemscope\" itemtype=\"https:\/\/schema.org\/BlogPosting\" itemprop=\"blogPost\" ><div class='avia_textblock  '   itemprop=\"text\" ><p style=\"text-align: justify;\">El Club Deportivo y Recreativo \u201cCondell\u201d de Puerto Ays\u00e9n, concret\u00f3 la adquisici\u00f3n de implementaci\u00f3n para sus series inferiores los \u201cSemillitas\u201d, elementos que pudieron obtener gracias a una subvenci\u00f3n entregada por la Ilustre Municipalidad de Ays\u00e9n.<\/p>\n<p style=\"text-align: justify;\">Fue el Alcalde, Julio Uribe Alvarado, quien, en medio de una jornada de entrenamiento, sorprendi\u00f3 a los peque\u00f1os futbolistas, sus padres y entrenadoras, haciendo entrega oficial del equipamiento.<\/p>\n<p style=\"text-align: justify;\">\u201cMuy contento por la entrega que hay de los padres y monitores hacia esta escuela de futbol del deportivo Condell, un deportivo hist\u00f3rico en Ays\u00e9n, al que el Municipio los est\u00e1 apoyando con esta subvenci\u00f3n para la compra de buzos, que es necesario para que puedan presentarse en diferentes campeonatos. Por lo tanto, hemos cumplido con la entrega oficial de estos uniformes y felicitar el gran trabajo que hacen con nuestros j\u00f3venes y ni\u00f1os, para que comiencen a practicar deporte\u201d.<\/p>\n<p style=\"text-align: justify;\">El secretario del Club Deportivo y Recreativo \u201cCondell\u201d de Puerto Ays\u00e9n, Mauricio Levineri, se mostr\u00f3 feliz de hacer efectivo un requerimiento planteado al Municipio, que hoy se concreta en bien de los m\u00e1s peque\u00f1os de la organizaci\u00f3n.<\/p>\n<p style=\"text-align: justify;\">\u201cSe est\u00e1 haciendo la entrega oficial de los buzos de la serie Semillitas, el ni\u00f1o m\u00e1s peque\u00f1o de esta serie tiene 3 a\u00f1os y tenemos ni\u00f1os hasta 7 a\u00f1os, luego pasan a otra categor\u00eda. Estamos trabajando con ellos, a cargo de dos profesoras, que son, Mariam Mansilla y Paola Levineri, que est\u00e1n constantemente trabajando durante el a\u00f1o. Todos saben que, es sumamente dif\u00edcil poder conseguir los recursos, por ello, es sumamente importante que se apoye el trabajo desde la base, desde los ni\u00f1os\u201d.<\/p>\n<p style=\"text-align: justify;\">Paola Levineri, quien junto a Mariam Mansilla, realizan los entrenamientos con los ni\u00f1os y ni\u00f1as de la categor\u00eda \u201cSemillitas\u201d, valor\u00f3 el aporte otorgado por la Municipalidad de Ays\u00e9n, en beneficio del deporte.<\/p>\n<p style=\"text-align: justify;\">\u201cPara nosotros es ideal, porque justamente la serie semillitas, que son los m\u00e1s chiquititos, son los que nosotros tenemos que encantar para que puedan continuar avanzando de serie en el club. Entonces, para nosotros es s\u00faper importante lograr esta implementaci\u00f3n, porque les genera tambi\u00e9n identidad con el club al que pertenecen, por ello, se valora bastante el apoyo, la implementaci\u00f3n\u201d.<\/p>\n<p style=\"text-align: justify;\">La subvenci\u00f3n municipal entregada al Club Deportivo y Recreativo \u201cCondell\u201d de Puerto Ays\u00e9n, ha permitido adquirir buzos institucionales, un botiqu\u00edn totalmente equipado y botellas de hidrataci\u00f3n.<\/p>\n<\/div><\/section><\/div><div  style='height:50px' class='hr hr-invisible   avia-builder-el-6  el_after_av_one_full  el_before_av_social_share '><span class='hr-inner ' ><span class='hr-inner-style'><\/span><\/span><\/div><\/p>\n<div  class='av-social-sharing-box  avia-builder-el-7  el_after_av_hr  el_before_av_hr  '><div class='av-share-box'><h5 class='av-share-link-description av-no-toc '>Compartir esta noticia<\/h5><ul class='av-share-box-list noLightbox'><li class='av-share-link av-social-link-facebook' ><a target=\"_blank\" aria-label=\"Compartir en Facebook\" href='https:\/\/www.facebook.com\/sharer.php?u=https:\/\/radiorevelacionfm.cl\/?p=35728&#038;t=%E2%80%9CSemillitas%E2%80%9D%20del%20Deportivo%20Condell%20adquieren%20implementaci%C3%B3n%20gracias%20a%20subvenci%C3%B3n%20del%20Municipio%20de%20Ays%C3%A9n' aria-hidden='false' data-av_icon='\ue8f3' data-av_iconfont='entypo-fontello' title='' data-avia-related-tooltip='Compartir en Facebook' rel=\"noopener\"><span class='avia_hidden_link_text'>Compartir en Facebook<\/span><\/a><\/li><li class='av-share-link av-social-link-twitter' ><a target=\"_blank\" aria-label=\"Compartir en Twitter\" href='https:\/\/twitter.com\/share?text=%E2%80%9CSemillitas%E2%80%9D%20del%20Deportivo%20Condell%20adquieren%20implementaci%C3%B3n%20gracias%20a%20subvenci%C3%B3n%20del%20Municipio%20de%20Ays%C3%A9n&#038;url=https:\/\/radiorevelacionfm.cl\/?p=35728' aria-hidden='false' data-av_icon='\ue8f1' data-av_iconfont='entypo-fontello' title='' data-avia-related-tooltip='Compartir en Twitter' rel=\"noopener\"><span class='avia_hidden_link_text'>Compartir en Twitter<\/span><\/a><\/li><li class='av-share-link av-social-link-whatsapp' ><a target=\"_blank\" aria-label=\"Compartir en Whatsapp\" href='https:\/\/api.whatsapp.com\/send?text=https:\/\/radiorevelacionfm.cl\/?p=35728' aria-hidden='false' data-av_icon='\uf232' data-av_iconfont='entypo-fontello' title='' data-avia-related-tooltip='Compartir en Whatsapp' rel=\"noopener\"><span class='avia_hidden_link_text'>Compartir en Whatsapp<\/span><\/a><\/li><li class='av-share-link av-social-link-linkedin' ><a target=\"_blank\" aria-label=\"Compartir en LinkedIn\" href='https:\/\/linkedin.com\/shareArticle?mini=true&#038;title=%E2%80%9CSemillitas%E2%80%9D%20del%20Deportivo%20Condell%20adquieren%20implementaci%C3%B3n%20gracias%20a%20subvenci%C3%B3n%20del%20Municipio%20de%20Ays%C3%A9n&#038;url=https:\/\/radiorevelacionfm.cl\/?p=35728' aria-hidden='false' data-av_icon='\ue8fc' data-av_iconfont='entypo-fontello' title='' data-avia-related-tooltip='Compartir en LinkedIn' rel=\"noopener\"><span class='avia_hidden_link_text'>Compartir en LinkedIn<\/span><\/a><\/li><li class='av-share-link av-social-link-mail' ><a  aria-label=\"Compartir por correo\" href='mailto:?subject=%E2%80%9CSemillitas%E2%80%9D%20del%20Deportivo%20Condell%20adquieren%20implementaci%C3%B3n%20gracias%20a%20subvenci%C3%B3n%20del%20Municipio%20de%20Ays%C3%A9n&#038;body=https:\/\/radiorevelacionfm.cl\/?p=35728' aria-hidden='false' data-av_icon='\ue805' data-av_iconfont='entypo-fontello' title='' data-avia-related-tooltip='Compartir por correo'><span class='avia_hidden_link_text'>Compartir por correo<\/span><\/a><\/li><\/ul><\/div><\/div>\n<div  style='height:50px' class='hr hr-invisible   avia-builder-el-8  el_after_av_social_share  el_before_av_comments_list '><span class='hr-inner ' ><span class='hr-inner-style'><\/span><\/span><\/div>\n<div  class='av-buildercomment  av-blog-meta-html-info-disabled av-blog-meta-tag-disabled  '><\/div>\n","protected":false},"excerpt":{"rendered":"","protected":false},"author":1,"featured_media":35729,"comment_status":"open","ping_status":"open","sticky":false,"template":"","format":"standard","meta":{"footnotes":""},"categories":[38],"tags":[],"class_list":["post-35728","post","type-post","status-publish","format-standard","has-post-thumbnail","hentry","category-regional"],"jetpack_featured_media_url":"https:\/\/radiorevelacionfm.cl\/wp-content\/uploads\/2023\/10\/IMPLEMENTACION-SEMILLITAS-CONDELL-3-1-1.jpg","_links":{"self":[{"href":"https:\/\/radiorevelacionfm.cl\/index.php?rest_route=\/wp\/v2\/posts\/35728","targetHints":{"allow":["GET"]}}],"collection":[{"href":"https:\/\/radiorevelacionfm.cl\/index.php?rest_route=\/wp\/v2\/posts"}],"about":[{"href":"https:\/\/radiorevelacionfm.cl\/index.php?rest_route=\/wp\/v2\/types\/post"}],"author":[{"embeddable":true,"href":"https:\/\/radiorevelacionfm.cl\/index.php?rest_route=\/wp\/v2\/users\/1"}],"replies":[{"embeddable":true,"href":"https:\/\/radiorevelacionfm.cl\/index.php?rest_route=%2Fwp%2Fv2%2Fcomments&post=35728"}],"version-history":[{"count":1,"href":"https:\/\/radiorevelacionfm.cl\/index.php?rest_route=\/wp\/v2\/posts\/35728\/revisions"}],"predecessor-version":[{"id":35730,"href":"https:\/\/radiorevelacionfm.cl\/index.php?rest_route=\/wp\/v2\/posts\/35728\/revisions\/35730"}],"wp:featuredmedia":[{"embeddable":true,"href":"https:\/\/radiorevelacionfm.cl\/index.php?rest_route=\/wp\/v2\/media\/35729"}],"wp:attachment":[{"href":"https:\/\/radiorevelacionfm.cl\/index.php?rest_route=%2Fwp%2Fv2%2Fmedia&parent=35728"}],"wp:term":[{"taxonomy":"category","embeddable":true,"href":"https:\/\/radiorevelacionfm.cl\/index.php?rest_route=%2Fwp%2Fv2%2Fcategories&post=35728"},{"taxonomy":"post_tag","embeddable":true,"href":"https:\/\/radiorevelacionfm.cl\/index.php?rest_route=%2Fwp%2Fv2%2Ftags&post=35728"}],"curies":[{"name":"wp","href":"https:\/\/api.w.org\/{rel}","templated":true}]}}