{"id":35725,"date":"2023-10-07T15:02:36","date_gmt":"2023-10-07T18:02:36","guid":{"rendered":"https:\/\/radiorevelacionfm.cl\/?p=35725"},"modified":"2023-10-07T15:02:36","modified_gmt":"2023-10-07T18:02:36","slug":"seremi-de-la-mujer-junto-a-carabineros-aysen-desarrollan-trabajo-colaborativo-para-fortalecer-respuesta-ante-violencia-intrafamiliar","status":"publish","type":"post","link":"https:\/\/radiorevelacionfm.cl\/?p=35725","title":{"rendered":"Seremi de la Mujer junto a Carabineros Ays\u00e9n desarrollan trabajo colaborativo para fortalecer respuesta ante violencia intrafamiliar"},"content":{"rendered":"<div class=\"flex_column av_one_full  flex_column_div av-zero-column-padding first  avia-builder-el-0  el_before_av_one_full  avia-builder-el-first  \" style='border-radius:0px; '><div  class='avia-image-container  av-styling-    avia-builder-el-1  avia-builder-el-no-sibling  avia-align-center '  itemprop=\"image\" itemscope=\"itemscope\" itemtype=\"https:\/\/schema.org\/ImageObject\"  ><div class='avia-image-container-inner'><div class='avia-image-overlay-wrap'><img decoding=\"async\" class='wp-image-35726 avia-img-lazy-loading-not-35726 avia_image' src=\"https:\/\/radiorevelacionfm.cl\/wp-content\/uploads\/2023\/10\/IMG-20231007-WA0002-1-1.jpg\" alt='' title='IMG-20231007-WA0002 (1) (1)' height=\"600\" width=\"901\"  itemprop=\"thumbnailUrl\" srcset=\"https:\/\/radiorevelacionfm.cl\/wp-content\/uploads\/2023\/10\/IMG-20231007-WA0002-1-1.jpg 901w, https:\/\/radiorevelacionfm.cl\/wp-content\/uploads\/2023\/10\/IMG-20231007-WA0002-1-1-300x200.jpg 300w, https:\/\/radiorevelacionfm.cl\/wp-content\/uploads\/2023\/10\/IMG-20231007-WA0002-1-1-768x511.jpg 768w, https:\/\/radiorevelacionfm.cl\/wp-content\/uploads\/2023\/10\/IMG-20231007-WA0002-1-1-705x469.jpg 705w, https:\/\/radiorevelacionfm.cl\/wp-content\/uploads\/2023\/10\/IMG-20231007-WA0002-1-1-450x300.jpg 450w, https:\/\/radiorevelacionfm.cl\/wp-content\/uploads\/2023\/10\/IMG-20231007-WA0002-1-1-600x400.jpg 600w\" sizes=\"(max-width: 901px) 100vw, 901px\" \/><\/div><\/div><\/div><\/div><div class=\"flex_column av_one_full  flex_column_div av-zero-column-padding first  avia-builder-el-2  el_after_av_one_full  el_before_av_one_full  column-top-margin\" style='border-radius:0px; '><section class=\"av_textblock_section \"  itemscope=\"itemscope\" itemtype=\"https:\/\/schema.org\/BlogPosting\" itemprop=\"blogPost\" ><div class='avia_textblock  '   itemprop=\"text\" ><p style=\"text-align: center;\"><span style=\"font-size: 18pt;\"><strong>Seremi de la Mujer junto a Carabineros Ays\u00e9n desarrollan trabajo colaborativo para fortalecer respuesta ante violencia intrafamiliar<\/strong><\/span><\/p>\n<div id=\"gtx-trans\" style=\"position: absolute; left: -50px; top: 4.31534px;\">\n<div class=\"gtx-trans-icon\"><\/div>\n<\/div>\n<\/div><\/section><\/div><\/p>\n<div class=\"flex_column av_one_full  flex_column_div av-zero-column-padding first  avia-builder-el-4  el_after_av_one_full  el_before_av_hr  column-top-margin\" style='border-radius:0px; '><section class=\"av_textblock_section \"  itemscope=\"itemscope\" itemtype=\"https:\/\/schema.org\/BlogPosting\" itemprop=\"blogPost\" ><div class='avia_textblock  '   itemprop=\"text\" ><p style=\"text-align: justify;\">Con el objetivo de mejorar la atenci\u00f3n y respuestas ante situaciones de violencia intrafamiliar (VIF) y violencia contra la mujer, la Seremi de la Mujer y la Equidad de G\u00e9nero de Ays\u00e9n y Carabineros de Chile han comenzado un trabajo colaborativo. La cooperaci\u00f3n entre ambas instituciones busca reforzar las habilidades formativas de los carabineros y carabineras en la regi\u00f3n.<\/p>\n<p style=\"text-align: justify;\">La primera etapa de esta iniciativa consisti\u00f3 en la realizaci\u00f3n de una encuesta dise\u00f1ada para identificar las necesidades espec\u00edficas para capacitar en torno a la atenci\u00f3n de v\u00edctimas de VIF.<\/p>\n<p style=\"text-align: justify;\">La seremi de la Mujer, Andrea M\u00e9ndez Valenzuela, destac\u00f3 este esfuerzo conjunto: \u201cValoramos el compromiso e inter\u00e9s de la instituci\u00f3n de Carabineros a nivel regional, de fortalecer sus competencias en tem\u00e1ticas y procedimientos asociados al delito de violencia intrafamiliar. Nuestro compromiso como ministerio es intencionar acciones significativas por parte de las diferentes instituciones que enfrentan esta problem\u00e1tica y, sin duda, Carabineros constituyen un actor clave, pues, en gran parte de nuestra regi\u00f3n, son el primer acceso de las v\u00edctimas con el Estado y con la justicia\u00bb.<\/p>\n<p style=\"text-align: justify;\">Esta encuesta se aplic\u00f3 a 429 funcionarias y funcionarios policiales de toda la regi\u00f3n, de manera an\u00f3nima, la que buscaba en primera instancia, evaluar el dominio y la comprensi\u00f3n de los carabineros y carabineras sobre la problem\u00e1tica de la violencia intrafamiliar; y con ello, posteriormente, actualizar sus conocimientos te\u00f3rico-pr\u00e1cticos relacionados con la atenci\u00f3n de sobrevivientes de violencia y sus familias; y avanzar en la sensibilizaci\u00f3n del personal policial sobre la importancia de una atenci\u00f3n especializada a las v\u00edctimas de VIF.<\/p>\n<p style=\"text-align: justify;\">M\u00e1s capacitaci\u00f3n es m\u00e1s prevenci\u00f3n<\/p>\n<p style=\"text-align: justify;\">Al respecto, el Jefe de Zona de Carabineros Ays\u00e9n, General Patricio Santos Poblete indic\u00f3 que la Instituci\u00f3n en conjunto con la Seremi de la Mujer y la Equidad de G\u00e9nero ha desarrollado un proceso tendiente a levantar informaci\u00f3n por parte de los carabineros que realizan la primera atenci\u00f3n a las personas v\u00edctimas de violencia intrafamiliar.<\/p>\n<p style=\"text-align: justify;\">\u201cDe esta forma buscamos contribuir a generar las instancias de capacitaci\u00f3n y de reentrenamiento que nos permitan entregar un servicio de mejor calidad y protecci\u00f3n -por cierto- a estas v\u00edctimas y tambi\u00e9n de derivaci\u00f3n a los \u00f3rganos corresponsables que se ocupan de la red de atenci\u00f3n a v\u00edctimas especialmente en estos casos que son tan sensibles\u201d, expres\u00f3 el Oficial General.<\/p>\n<p style=\"text-align: justify;\">El Jefe Zonal sostuvo que dicho instrumento fue aplicado sobre una muestra representativa de m\u00e1s del 50% de la dotaci\u00f3n de la regi\u00f3n de Ays\u00e9n, espec\u00edficamente aquellos que tienen el contacto directo en la atenci\u00f3n de procedimientos en la poblaci\u00f3n y en las guardias.<\/p>\n<p style=\"text-align: justify;\">\u201cEstamos muy felices de haber desarrollado esta instancia diagn\u00f3stica y poder contribuir de esta forma a la orientaci\u00f3n de los programas de capacitaci\u00f3n que va a desarrollar la serem\u00eda de la mujer con profesionales capacitados en la materia, de tal forma de contribuir al perfeccionamiento de la labor que desarrolla Carabineros, esto siempre en el marco de los procesos de reforma y modernizaci\u00f3n que llevamos adelante, principalmente para reforzar las capacidades del capital humano y con ello propender a eficientar las operaciones policiales, teniendo especial cuidado o sensibilidad con aquellas personas que son v\u00edctimas de delitos como los que nos ocupan en esta instancia\u201d, detall\u00f3.<\/p>\n<p style=\"text-align: justify;\">Sobre esta materia, el General Santos indic\u00f3 que en la regi\u00f3n de Ays\u00e9n, los delitos de mayor cuant\u00eda son aquellos de violencia intrafamiliar. En tal sentido, entre el mes de enero al 01 de octubre del presente a\u00f1o, Carabineros ha detenido en la regi\u00f3n un total de 263 personas por delitos de violencia intrafamiliar, de los cuales el 21% corresponde a mujeres y el 79% a varones. Asimismo -del total de aprehendidos- el 97% son personas de nacionalidad chilena, en tanto que el 3% corresponde a ciudadanos extranjeros.<\/p>\n<p style=\"text-align: justify;\">Las instancias que se desarrollan de capacitaci\u00f3n conjunta con las capacidades de los otros \u00f3rganos, es una instancia en las cuales los servidores p\u00fablicos est\u00e1n llamados para mejorar las capacidades de trabajo.<\/p>\n<\/div><\/section><\/div>\n<div  style='height:50px' class='hr hr-invisible   avia-builder-el-6  el_after_av_one_full  el_before_av_social_share '><span class='hr-inner ' ><span class='hr-inner-style'><\/span><\/span><\/div>\n<div  class='av-social-sharing-box  avia-builder-el-7  el_after_av_hr  el_before_av_hr  '><div class='av-share-box'><h5 class='av-share-link-description av-no-toc '>Compartir esta noticia<\/h5><ul class='av-share-box-list noLightbox'><li class='av-share-link av-social-link-facebook' ><a target=\"_blank\" aria-label=\"Compartir en Facebook\" href='https:\/\/www.facebook.com\/sharer.php?u=https:\/\/radiorevelacionfm.cl\/?p=35725&#038;t=Seremi%20de%20la%20Mujer%20junto%20a%20Carabineros%20Ays%C3%A9n%20desarrollan%20trabajo%20colaborativo%20para%20fortalecer%20respuesta%20ante%20violencia%20intrafamiliar' aria-hidden='false' data-av_icon='\ue8f3' data-av_iconfont='entypo-fontello' title='' data-avia-related-tooltip='Compartir en Facebook' rel=\"noopener\"><span class='avia_hidden_link_text'>Compartir en Facebook<\/span><\/a><\/li><li class='av-share-link av-social-link-twitter' ><a target=\"_blank\" aria-label=\"Compartir en Twitter\" href='https:\/\/twitter.com\/share?text=Seremi%20de%20la%20Mujer%20junto%20a%20Carabineros%20Ays%C3%A9n%20desarrollan%20trabajo%20colaborativo%20para%20fortalecer%20respuesta%20ante%20violencia%20intrafamiliar&#038;url=https:\/\/radiorevelacionfm.cl\/?p=35725' aria-hidden='false' data-av_icon='\ue8f1' data-av_iconfont='entypo-fontello' title='' data-avia-related-tooltip='Compartir en Twitter' rel=\"noopener\"><span class='avia_hidden_link_text'>Compartir en Twitter<\/span><\/a><\/li><li class='av-share-link av-social-link-whatsapp' ><a target=\"_blank\" aria-label=\"Compartir en Whatsapp\" href='https:\/\/api.whatsapp.com\/send?text=https:\/\/radiorevelacionfm.cl\/?p=35725' aria-hidden='false' data-av_icon='\uf232' data-av_iconfont='entypo-fontello' title='' data-avia-related-tooltip='Compartir en Whatsapp' rel=\"noopener\"><span class='avia_hidden_link_text'>Compartir en Whatsapp<\/span><\/a><\/li><li class='av-share-link av-social-link-linkedin' ><a target=\"_blank\" aria-label=\"Compartir en LinkedIn\" href='https:\/\/linkedin.com\/shareArticle?mini=true&#038;title=Seremi%20de%20la%20Mujer%20junto%20a%20Carabineros%20Ays%C3%A9n%20desarrollan%20trabajo%20colaborativo%20para%20fortalecer%20respuesta%20ante%20violencia%20intrafamiliar&#038;url=https:\/\/radiorevelacionfm.cl\/?p=35725' aria-hidden='false' data-av_icon='\ue8fc' data-av_iconfont='entypo-fontello' title='' data-avia-related-tooltip='Compartir en LinkedIn' rel=\"noopener\"><span class='avia_hidden_link_text'>Compartir en LinkedIn<\/span><\/a><\/li><li class='av-share-link av-social-link-mail' ><a  aria-label=\"Compartir por correo\" href='mailto:?subject=Seremi%20de%20la%20Mujer%20junto%20a%20Carabineros%20Ays%C3%A9n%20desarrollan%20trabajo%20colaborativo%20para%20fortalecer%20respuesta%20ante%20violencia%20intrafamiliar&#038;body=https:\/\/radiorevelacionfm.cl\/?p=35725' aria-hidden='false' data-av_icon='\ue805' data-av_iconfont='entypo-fontello' title='' data-avia-related-tooltip='Compartir por correo'><span class='avia_hidden_link_text'>Compartir por correo<\/span><\/a><\/li><\/ul><\/div><\/div>\n<div  style='height:50px' class='hr hr-invisible   avia-builder-el-8  el_after_av_social_share  el_before_av_comments_list '><span class='hr-inner ' ><span class='hr-inner-style'><\/span><\/span><\/div>\n<div  class='av-buildercomment  av-blog-meta-html-info-disabled av-blog-meta-tag-disabled  '><\/div>\n","protected":false},"excerpt":{"rendered":"","protected":false},"author":1,"featured_media":35726,"comment_status":"open","ping_status":"open","sticky":false,"template":"","format":"standard","meta":{"footnotes":""},"categories":[38],"tags":[],"class_list":["post-35725","post","type-post","status-publish","format-standard","has-post-thumbnail","hentry","category-regional"],"jetpack_featured_media_url":"https:\/\/radiorevelacionfm.cl\/wp-content\/uploads\/2023\/10\/IMG-20231007-WA0002-1-1.jpg","_links":{"self":[{"href":"https:\/\/radiorevelacionfm.cl\/index.php?rest_route=\/wp\/v2\/posts\/35725","targetHints":{"allow":["GET"]}}],"collection":[{"href":"https:\/\/radiorevelacionfm.cl\/index.php?rest_route=\/wp\/v2\/posts"}],"about":[{"href":"https:\/\/radiorevelacionfm.cl\/index.php?rest_route=\/wp\/v2\/types\/post"}],"author":[{"embeddable":true,"href":"https:\/\/radiorevelacionfm.cl\/index.php?rest_route=\/wp\/v2\/users\/1"}],"replies":[{"embeddable":true,"href":"https:\/\/radiorevelacionfm.cl\/index.php?rest_route=%2Fwp%2Fv2%2Fcomments&post=35725"}],"version-history":[{"count":1,"href":"https:\/\/radiorevelacionfm.cl\/index.php?rest_route=\/wp\/v2\/posts\/35725\/revisions"}],"predecessor-version":[{"id":35727,"href":"https:\/\/radiorevelacionfm.cl\/index.php?rest_route=\/wp\/v2\/posts\/35725\/revisions\/35727"}],"wp:featuredmedia":[{"embeddable":true,"href":"https:\/\/radiorevelacionfm.cl\/index.php?rest_route=\/wp\/v2\/media\/35726"}],"wp:attachment":[{"href":"https:\/\/radiorevelacionfm.cl\/index.php?rest_route=%2Fwp%2Fv2%2Fmedia&parent=35725"}],"wp:term":[{"taxonomy":"category","embeddable":true,"href":"https:\/\/radiorevelacionfm.cl\/index.php?rest_route=%2Fwp%2Fv2%2Fcategories&post=35725"},{"taxonomy":"post_tag","embeddable":true,"href":"https:\/\/radiorevelacionfm.cl\/index.php?rest_route=%2Fwp%2Fv2%2Ftags&post=35725"}],"curies":[{"name":"wp","href":"https:\/\/api.w.org\/{rel}","templated":true}]}}