{"id":35722,"date":"2023-10-07T13:08:48","date_gmt":"2023-10-07T16:08:48","guid":{"rendered":"https:\/\/radiorevelacionfm.cl\/?p=35722"},"modified":"2023-10-07T13:08:48","modified_gmt":"2023-10-07T16:08:48","slug":"imputado-mantenia-un-machete-entre-sus-vestimentas-pdi-detiene-a-integrante-de-los-tulee","status":"publish","type":"post","link":"https:\/\/radiorevelacionfm.cl\/?p=35722","title":{"rendered":"Imputado manten\u00eda un \u201cmachete\u201d entre sus vestimentas: PDI detiene a integrante de Los Tulee"},"content":{"rendered":"<div class=\"flex_column av_one_full  flex_column_div av-zero-column-padding first  avia-builder-el-0  el_before_av_one_full  avia-builder-el-first  \" style='border-radius:0px; '><div  class='avia-image-container  av-styling-    avia-builder-el-1  avia-builder-el-no-sibling  avia-align-center '  itemprop=\"image\" itemscope=\"itemscope\" itemtype=\"https:\/\/schema.org\/ImageObject\"  ><div class='avia-image-container-inner'><div class='avia-image-overlay-wrap'><img decoding=\"async\" class='wp-image-35723 avia-img-lazy-loading-not-35723 avia_image' src=\"https:\/\/radiorevelacionfm.cl\/wp-content\/uploads\/2023\/10\/Referencial-detenido-PDI-004-2-1-1.jpg\" alt='' title='Referencial detenido PDI 004 (2) (1) (1)' height=\"600\" width=\"900\"  itemprop=\"thumbnailUrl\" srcset=\"https:\/\/radiorevelacionfm.cl\/wp-content\/uploads\/2023\/10\/Referencial-detenido-PDI-004-2-1-1.jpg 900w, https:\/\/radiorevelacionfm.cl\/wp-content\/uploads\/2023\/10\/Referencial-detenido-PDI-004-2-1-1-300x200.jpg 300w, https:\/\/radiorevelacionfm.cl\/wp-content\/uploads\/2023\/10\/Referencial-detenido-PDI-004-2-1-1-768x512.jpg 768w, https:\/\/radiorevelacionfm.cl\/wp-content\/uploads\/2023\/10\/Referencial-detenido-PDI-004-2-1-1-705x470.jpg 705w, https:\/\/radiorevelacionfm.cl\/wp-content\/uploads\/2023\/10\/Referencial-detenido-PDI-004-2-1-1-450x300.jpg 450w, https:\/\/radiorevelacionfm.cl\/wp-content\/uploads\/2023\/10\/Referencial-detenido-PDI-004-2-1-1-600x400.jpg 600w\" sizes=\"(max-width: 900px) 100vw, 900px\" \/><\/div><\/div><\/div><\/div><div class=\"flex_column av_one_full  flex_column_div av-zero-column-padding first  avia-builder-el-2  el_after_av_one_full  el_before_av_one_full  column-top-margin\" style='border-radius:0px; '><section class=\"av_textblock_section \"  itemscope=\"itemscope\" itemtype=\"https:\/\/schema.org\/BlogPosting\" itemprop=\"blogPost\" ><div class='avia_textblock  '   itemprop=\"text\" ><p style=\"text-align: center;\"><span style=\"font-size: 18pt;\"><strong>Imputado manten\u00eda un \u201cmachete\u201d entre sus vestimentas: PDI detiene a integrante de Los Tulee<\/strong><\/span><\/p>\n<div id=\"gtx-trans\" style=\"position: absolute; left: -50px; top: 4.31534px;\">\n<div class=\"gtx-trans-icon\"><\/div>\n<\/div>\n<\/div><\/section><\/div><div class=\"flex_column av_one_full  flex_column_div av-zero-column-padding first  avia-builder-el-4  el_after_av_one_full  el_before_av_hr  column-top-margin\" style='border-radius:0px; '><section class=\"av_textblock_section \"  itemscope=\"itemscope\" itemtype=\"https:\/\/schema.org\/BlogPosting\" itemprop=\"blogPost\" ><div class='avia_textblock  '   itemprop=\"text\" ><p style=\"text-align: justify;\">Detectives de la Brigada Investigadora de Robos (BIRO) Coyhaique realizaron una importante detenci\u00f3n en la comuna, capturando a un adolescente que era buscado por las autoridades judiciales por su presunta participaci\u00f3n en un robo con intimidaci\u00f3n en contra de un conocido local comercial de la comuna. El joven formaba parte de una banda delictual autodenominada \u00abLos Tulee\u00bb, compuesta en su mayor\u00eda por menores de edad.<\/p>\n<p style=\"text-align: justify;\">Seg\u00fan el inspector Luis Rubio de la Biro Coyhaique, la detenci\u00f3n tuvo lugar mientras los investigadores llevaban a cabo diferentes diligencias policiales, \u201cse logr\u00f3 ubicar, en la v\u00eda p\u00fablica, a un adolescente que era requerido por los tribunales competentes, por mantener una orden de detenci\u00f3n por el delito de Robo con Intimidaci\u00f3n, hecho que fue previamente investigado por esta brigada especializada\u201d, expres\u00f3.<\/p>\n<p style=\"text-align: justify;\">Tal y como comenta el investigador, el menor detenido manten\u00eda una orden de detenci\u00f3n vigente por el delito de Robo con Intimidaci\u00f3n, en relaci\u00f3n a un incidente que tuvo lugar en el local comercial Spot Market de Coyhaique. En el suceso mencionado, un grupo de individuos habr\u00eda intimidado a los locatarios del establecimiento utilizando una pistola para llevar a cabo el robo de diversas especies, principalmente alcohol.<\/p>\n<p style=\"text-align: justify;\">El inspector Rubio agreg\u00f3 que, \u201ca la hora de la detenci\u00f3n por el delito antes mencionado, funcionarios de esta brigada constataron que manten\u00eda entre sus prendas de vestir un arma cortopunzante del tipo machete. Ante esta situaci\u00f3n, se inform\u00f3 al Ministerio P\u00fablico sobre los dos delitos, y este dispuso que el adolescente fuera puesto a disposici\u00f3n de los tribunales competentes para su respectiva formalizaci\u00f3n\u201d.<\/p>\n<p style=\"text-align: justify;\">Seg\u00fan explic\u00f3 el fiscal Luis Contreras Alfaro, \u201ceste menor de edad fue pasado a audiencia de control de detenci\u00f3n donde, adicionalmente a lo ya expuesto, se efectu\u00f3 una audiencia en la cual se discuti\u00f3 su situaci\u00f3n de internaci\u00f3n. Esto porque esta persona menor de edad, hab\u00eda dejado pendiente el cumplimiento de una sanci\u00f3n de internaci\u00f3n en r\u00e9gimen semicerrado\u201d.<\/p>\n<p style=\"text-align: justify;\">El fiscal Contreras detall\u00f3 que \u201cde esta manera, el Tribunal de Garant\u00eda de Coyhaique decidi\u00f3 finalmente internar a esta persona en cumplimiento de una sanci\u00f3n de r\u00e9gimen cerrado por el lapso de 90 d\u00edas, sin perjuicio del cumplimiento del resto de su sanci\u00f3n, posteriormente, si es que esta se verifica en t\u00e9rminos favorables\u201d.<\/p>\n<\/div><\/section><\/div><div  style='height:50px' class='hr hr-invisible   avia-builder-el-6  el_after_av_one_full  el_before_av_social_share '><span class='hr-inner ' ><span class='hr-inner-style'><\/span><\/span><\/div><\/p>\n<div  class='av-social-sharing-box  avia-builder-el-7  el_after_av_hr  el_before_av_hr  '><div class='av-share-box'><h5 class='av-share-link-description av-no-toc '>Compartir esta noticia<\/h5><ul class='av-share-box-list noLightbox'><li class='av-share-link av-social-link-facebook' ><a target=\"_blank\" aria-label=\"Compartir en Facebook\" href='https:\/\/www.facebook.com\/sharer.php?u=https:\/\/radiorevelacionfm.cl\/?p=35722&#038;t=Imputado%20manten%C3%ADa%20un%20%E2%80%9Cmachete%E2%80%9D%20entre%20sus%20vestimentas%3A%20PDI%20detiene%20a%20integrante%20de%20Los%20Tulee' aria-hidden='false' data-av_icon='\ue8f3' data-av_iconfont='entypo-fontello' title='' data-avia-related-tooltip='Compartir en Facebook' rel=\"noopener\"><span class='avia_hidden_link_text'>Compartir en Facebook<\/span><\/a><\/li><li class='av-share-link av-social-link-twitter' ><a target=\"_blank\" aria-label=\"Compartir en Twitter\" href='https:\/\/twitter.com\/share?text=Imputado%20manten%C3%ADa%20un%20%E2%80%9Cmachete%E2%80%9D%20entre%20sus%20vestimentas%3A%20PDI%20detiene%20a%20integrante%20de%20Los%20Tulee&#038;url=https:\/\/radiorevelacionfm.cl\/?p=35722' aria-hidden='false' data-av_icon='\ue8f1' data-av_iconfont='entypo-fontello' title='' data-avia-related-tooltip='Compartir en Twitter' rel=\"noopener\"><span class='avia_hidden_link_text'>Compartir en Twitter<\/span><\/a><\/li><li class='av-share-link av-social-link-whatsapp' ><a target=\"_blank\" aria-label=\"Compartir en Whatsapp\" href='https:\/\/api.whatsapp.com\/send?text=https:\/\/radiorevelacionfm.cl\/?p=35722' aria-hidden='false' data-av_icon='\uf232' data-av_iconfont='entypo-fontello' title='' data-avia-related-tooltip='Compartir en Whatsapp' rel=\"noopener\"><span class='avia_hidden_link_text'>Compartir en Whatsapp<\/span><\/a><\/li><li class='av-share-link av-social-link-linkedin' ><a target=\"_blank\" aria-label=\"Compartir en LinkedIn\" href='https:\/\/linkedin.com\/shareArticle?mini=true&#038;title=Imputado%20manten%C3%ADa%20un%20%E2%80%9Cmachete%E2%80%9D%20entre%20sus%20vestimentas%3A%20PDI%20detiene%20a%20integrante%20de%20Los%20Tulee&#038;url=https:\/\/radiorevelacionfm.cl\/?p=35722' aria-hidden='false' data-av_icon='\ue8fc' data-av_iconfont='entypo-fontello' title='' data-avia-related-tooltip='Compartir en LinkedIn' rel=\"noopener\"><span class='avia_hidden_link_text'>Compartir en LinkedIn<\/span><\/a><\/li><li class='av-share-link av-social-link-mail' ><a  aria-label=\"Compartir por correo\" href='mailto:?subject=Imputado%20manten%C3%ADa%20un%20%E2%80%9Cmachete%E2%80%9D%20entre%20sus%20vestimentas%3A%20PDI%20detiene%20a%20integrante%20de%20Los%20Tulee&#038;body=https:\/\/radiorevelacionfm.cl\/?p=35722' aria-hidden='false' data-av_icon='\ue805' data-av_iconfont='entypo-fontello' title='' data-avia-related-tooltip='Compartir por correo'><span class='avia_hidden_link_text'>Compartir por correo<\/span><\/a><\/li><\/ul><\/div><\/div>\n<div  style='height:50px' class='hr hr-invisible   avia-builder-el-8  el_after_av_social_share  el_before_av_comments_list '><span class='hr-inner ' ><span class='hr-inner-style'><\/span><\/span><\/div>\n<div  class='av-buildercomment  av-blog-meta-html-info-disabled av-blog-meta-tag-disabled  '><\/div>\n","protected":false},"excerpt":{"rendered":"","protected":false},"author":1,"featured_media":35723,"comment_status":"open","ping_status":"open","sticky":false,"template":"","format":"standard","meta":{"footnotes":""},"categories":[36],"tags":[],"class_list":["post-35722","post","type-post","status-publish","format-standard","has-post-thumbnail","hentry","category-policial"],"jetpack_featured_media_url":"https:\/\/radiorevelacionfm.cl\/wp-content\/uploads\/2023\/10\/Referencial-detenido-PDI-004-2-1-1.jpg","_links":{"self":[{"href":"https:\/\/radiorevelacionfm.cl\/index.php?rest_route=\/wp\/v2\/posts\/35722","targetHints":{"allow":["GET"]}}],"collection":[{"href":"https:\/\/radiorevelacionfm.cl\/index.php?rest_route=\/wp\/v2\/posts"}],"about":[{"href":"https:\/\/radiorevelacionfm.cl\/index.php?rest_route=\/wp\/v2\/types\/post"}],"author":[{"embeddable":true,"href":"https:\/\/radiorevelacionfm.cl\/index.php?rest_route=\/wp\/v2\/users\/1"}],"replies":[{"embeddable":true,"href":"https:\/\/radiorevelacionfm.cl\/index.php?rest_route=%2Fwp%2Fv2%2Fcomments&post=35722"}],"version-history":[{"count":1,"href":"https:\/\/radiorevelacionfm.cl\/index.php?rest_route=\/wp\/v2\/posts\/35722\/revisions"}],"predecessor-version":[{"id":35724,"href":"https:\/\/radiorevelacionfm.cl\/index.php?rest_route=\/wp\/v2\/posts\/35722\/revisions\/35724"}],"wp:featuredmedia":[{"embeddable":true,"href":"https:\/\/radiorevelacionfm.cl\/index.php?rest_route=\/wp\/v2\/media\/35723"}],"wp:attachment":[{"href":"https:\/\/radiorevelacionfm.cl\/index.php?rest_route=%2Fwp%2Fv2%2Fmedia&parent=35722"}],"wp:term":[{"taxonomy":"category","embeddable":true,"href":"https:\/\/radiorevelacionfm.cl\/index.php?rest_route=%2Fwp%2Fv2%2Fcategories&post=35722"},{"taxonomy":"post_tag","embeddable":true,"href":"https:\/\/radiorevelacionfm.cl\/index.php?rest_route=%2Fwp%2Fv2%2Ftags&post=35722"}],"curies":[{"name":"wp","href":"https:\/\/api.w.org\/{rel}","templated":true}]}}