{"id":3572,"date":"2021-04-27T19:11:28","date_gmt":"2021-04-27T22:11:28","guid":{"rendered":"https:\/\/radiorevelacionfm.cl\/?p=3572"},"modified":"2021-04-27T19:11:28","modified_gmt":"2021-04-27T22:11:28","slug":"pdi-y-camara-de-comercio-invitan-a-participar-del-segundo-conversatorio-sobre-contratacion-de-migrantes","status":"publish","type":"post","link":"https:\/\/radiorevelacionfm.cl\/?p=3572","title":{"rendered":"PDI y C\u00e1mara de Comercio invitan a participar del segundo conversatorio sobre contrataci\u00f3n de migrantes"},"content":{"rendered":"<div class=\"flex_column av_one_full  flex_column_div av-zero-column-padding first  avia-builder-el-0  el_before_av_one_full  avia-builder-el-first  \" style='border-radius:0px; '><div  class='avia-image-container  av-styling-    avia-builder-el-1  avia-builder-el-no-sibling  avia-align-center '  itemprop=\"image\" itemscope=\"itemscope\" itemtype=\"https:\/\/schema.org\/ImageObject\"  ><div class='avia-image-container-inner'><div class='avia-image-overlay-wrap'><img decoding=\"async\" class='wp-image-0 avia-img-lazy-loading-not-0 avia_image' src=\"https:\/\/radiorevelacionfm.cl\/wp-content\/uploads\/2021\/04\/conversatorio-contratacion-migrantes_optimized.jpeg\" alt='' title=''   itemprop=\"thumbnailUrl\"  \/><\/div><\/div><\/div><\/div><div class=\"flex_column av_one_full  flex_column_div av-zero-column-padding first  avia-builder-el-2  el_after_av_one_full  el_before_av_one_full  column-top-margin\" style='border-radius:0px; '><section class=\"av_textblock_section \"  itemscope=\"itemscope\" itemtype=\"https:\/\/schema.org\/BlogPosting\" itemprop=\"blogPost\" ><div class='avia_textblock  '   itemprop=\"text\" ><p style=\"text-align: center;\"><span style=\"font-size: 18pt;\"><strong>PDI y C\u00e1mara de Comercio invitan a participar del segundo conversatorio sobre contrataci\u00f3n de migrantes<\/strong><\/span><\/p>\n<div id=\"gtx-trans\" style=\"position: absolute; left: -50px; top: 4.31534px;\">\n<div class=\"gtx-trans-icon\"><\/div>\n<\/div>\n<\/div><\/section><\/div><div class=\"flex_column av_one_full  flex_column_div av-zero-column-padding first  avia-builder-el-4  el_after_av_one_full  el_before_av_hr  column-top-margin\" style='border-radius:0px; '><section class=\"av_textblock_section \"  itemscope=\"itemscope\" itemtype=\"https:\/\/schema.org\/BlogPosting\" itemprop=\"blogPost\" ><div class='avia_textblock  '   itemprop=\"text\" ><p style=\"text-align: justify;\">La Polic\u00eda de Investigaciones de Chile, a trav\u00e9s del Departamento de Migraciones y Polic\u00eda Internacional Coyhaique, en conjunto con la C\u00e1mara de Comercio, Servicios, Industrias y Turismo de Coyhaique, realizar\u00e1n el pr\u00f3ximo martes 4 de mayo -a las 10:30 horas- la segunda versi\u00f3n del \u201cConversatorio sobre Contrataci\u00f3n de Migrantes\u201d.<\/p>\n<p style=\"text-align: justify;\">En esta oportunidad, debido a las condiciones sanitarias producto de la pandemia, la actividad se desarrollar\u00e1 mediante videoconferencia, a trav\u00e9s de la plataforma Zoom.<\/p>\n<p style=\"text-align: justify;\">La iniciativa est\u00e1 orientada a empleadores, trabajadores extranjeros y ciudadanos migrantes que deseen interiorizarse sobre el marco normativo que establece la Ley de Extranjer\u00eda para la contrataci\u00f3n de ciudadanos extranjeros, los derechos y deberes, y el trabajo realizado por el \u00e1rea de Migraciones de la PDI en cuanto a las fiscalizaciones que buscan verificar el cumplimiento de las disposiciones reglamentarias, a partir de las tem\u00e1ticas de \u201cfiscalizaci\u00f3n de extranjeros y principales infracciones en la contrataci\u00f3n de migrantes\u201d y el \u201csentido y alcance de la nueva ley de migraciones en lo que respecta a la contrataci\u00f3n de migrantes\u201d.<\/p>\n<p style=\"text-align: justify;\">Sobre la segunda versi\u00f3n del conversatorio, el jefe del Departamento de Migraciones, comisario Richard Biernay, destac\u00f3 la importancia de desarrollar este tipo de iniciativas, ya que en el fen\u00f3meno migratorio participan m\u00faltiples actores sociales, \u201chace un par de a\u00f1os atr\u00e1s se gener\u00f3 el primer conversatorio con la C\u00e1mara de comercio destinado a aquellos empresarios de la actividad comercial, hoteler\u00eda, transporte, turismo, servicios y la industria para poder orientarlos y educarlos en lo que tiene que ver con la contrataci\u00f3n de migrantes\u201d.<\/p>\n<p style=\"text-align: justify;\">El comisario Biernay enfatiz\u00f3 que \u201cla Ley de Extranjer\u00eda todav\u00eda se encuentra vigente, hasta que no se genere el nuevo reglamento por la nueva Ley de Migraciones\u201d, y en \u00e9sta \u201cexisten varios art\u00edculos sobre las infracciones que comete el extranjero y el empleador que da trabajo al extranjero sin cumplir algunos requisitos\u201d, por eso es importante retomar estas actividades para ir aclarando algunas dudas por parte de los comerciantes y ciudadanos extranjeros que trabajan en nuestra regi\u00f3n para evitar caer en alg\u00fan tipo de irregularidad.<\/p>\n<p style=\"text-align: justify;\">Por su parte, el presidente de la C\u00e1mara de Comercio de Coyhaique, Gerardo Guzm\u00e1n, indic\u00f3 que como gremio \u201chemos desarrollado un trabajo paulatino con respecto a la contrataci\u00f3n de migrantes y al cumplimiento de la normativa que deben considerar las empresas de nuestro sector, adem\u00e1s de considerar los requerimientos y necesidades de nuestros trabajadores que son de otras nacionalidades, que sin duda han aportado al crecimiento de la econom\u00eda Regional\u201d.<\/p>\n<p style=\"text-align: justify;\">\u201cEste segundo conversatorio nos permite volver a comentar las dificultades que se presentan en el proceso de contrataci\u00f3n de migrantes, m\u00e1s en tiempos de pandemia, donde las empresas deben afrontar cierres por orden de autoridad sanitaria en cuarentena o fase dos. Hacemos la invitaci\u00f3n a las empresas, trabajadores, representantes de organizaciones migrantes, a conectarse y conversar sobre la normativa y otras consideraciones que tiene la ley vigente de migraciones\u201d, finaliz\u00f3 el presidente del gremio, Gerardo Guzm\u00e1n.<\/p>\n<p style=\"text-align: justify;\">Los empleadores y agrupaciones de migrantes interesadas en participar de esta iniciativa deben inscribirse en el correo electr\u00f3nico <a href=\"mailto:secretaria@camaracoyhaique.cl\">secretaria@camaracoyhaique.cl<\/a> para obtener la programaci\u00f3n y recibir el enlace para la conexi\u00f3n mediante Zoom.<\/p>\n<\/div><\/section><\/div><div  style='height:50px' class='hr hr-invisible   avia-builder-el-6  el_after_av_one_full  el_before_av_social_share '><span class='hr-inner ' ><span class='hr-inner-style'><\/span><\/span><\/div><\/p>\n<div  class='av-social-sharing-box  avia-builder-el-7  el_after_av_hr  el_before_av_hr  '><div class='av-share-box'><h5 class='av-share-link-description av-no-toc '>Compartir esta noticia<\/h5><ul class='av-share-box-list noLightbox'><li class='av-share-link av-social-link-facebook' ><a target=\"_blank\" aria-label=\"Compartir en Facebook\" href='https:\/\/www.facebook.com\/sharer.php?u=https:\/\/radiorevelacionfm.cl\/?p=3572&#038;t=PDI%20y%20C%C3%A1mara%20de%20Comercio%20invitan%20a%20participar%20del%20segundo%20conversatorio%20sobre%20contrataci%C3%B3n%20de%20migrantes' aria-hidden='false' data-av_icon='\ue8f3' data-av_iconfont='entypo-fontello' title='' data-avia-related-tooltip='Compartir en Facebook' rel=\"noopener\"><span class='avia_hidden_link_text'>Compartir en Facebook<\/span><\/a><\/li><li class='av-share-link av-social-link-twitter' ><a target=\"_blank\" aria-label=\"Compartir en Twitter\" href='https:\/\/twitter.com\/share?text=PDI%20y%20C%C3%A1mara%20de%20Comercio%20invitan%20a%20participar%20del%20segundo%20conversatorio%20sobre%20contrataci%C3%B3n%20de%20migrantes&#038;url=https:\/\/radiorevelacionfm.cl\/?p=3572' aria-hidden='false' data-av_icon='\ue8f1' data-av_iconfont='entypo-fontello' title='' data-avia-related-tooltip='Compartir en Twitter' rel=\"noopener\"><span class='avia_hidden_link_text'>Compartir en Twitter<\/span><\/a><\/li><li class='av-share-link av-social-link-whatsapp' ><a target=\"_blank\" aria-label=\"Compartir en Whatsapp\" href='https:\/\/api.whatsapp.com\/send?text=https:\/\/radiorevelacionfm.cl\/?p=3572' aria-hidden='false' data-av_icon='\uf232' data-av_iconfont='entypo-fontello' title='' data-avia-related-tooltip='Compartir en Whatsapp' rel=\"noopener\"><span class='avia_hidden_link_text'>Compartir en Whatsapp<\/span><\/a><\/li><li class='av-share-link av-social-link-linkedin' ><a target=\"_blank\" aria-label=\"Compartir en LinkedIn\" href='https:\/\/linkedin.com\/shareArticle?mini=true&#038;title=PDI%20y%20C%C3%A1mara%20de%20Comercio%20invitan%20a%20participar%20del%20segundo%20conversatorio%20sobre%20contrataci%C3%B3n%20de%20migrantes&#038;url=https:\/\/radiorevelacionfm.cl\/?p=3572' aria-hidden='false' data-av_icon='\ue8fc' data-av_iconfont='entypo-fontello' title='' data-avia-related-tooltip='Compartir en LinkedIn' rel=\"noopener\"><span class='avia_hidden_link_text'>Compartir en LinkedIn<\/span><\/a><\/li><li class='av-share-link av-social-link-mail' ><a  aria-label=\"Compartir por correo\" href='mailto:?subject=PDI%20y%20C%C3%A1mara%20de%20Comercio%20invitan%20a%20participar%20del%20segundo%20conversatorio%20sobre%20contrataci%C3%B3n%20de%20migrantes&#038;body=https:\/\/radiorevelacionfm.cl\/?p=3572' aria-hidden='false' data-av_icon='\ue805' data-av_iconfont='entypo-fontello' title='' data-avia-related-tooltip='Compartir por correo'><span class='avia_hidden_link_text'>Compartir por correo<\/span><\/a><\/li><\/ul><\/div><\/div>\n<div  style='height:50px' class='hr hr-invisible   avia-builder-el-8  el_after_av_social_share  el_before_av_comments_list '><span class='hr-inner ' ><span class='hr-inner-style'><\/span><\/span><\/div>\n<div  class='av-buildercomment  av-blog-meta-html-info-disabled av-blog-meta-tag-disabled  '><\/div>\n","protected":false},"excerpt":{"rendered":"","protected":false},"author":1,"featured_media":0,"comment_status":"open","ping_status":"open","sticky":false,"template":"","format":"standard","meta":{"footnotes":""},"categories":[38],"tags":[],"class_list":["post-3572","post","type-post","status-publish","format-standard","hentry","category-regional"],"jetpack_featured_media_url":"","_links":{"self":[{"href":"https:\/\/radiorevelacionfm.cl\/index.php?rest_route=\/wp\/v2\/posts\/3572","targetHints":{"allow":["GET"]}}],"collection":[{"href":"https:\/\/radiorevelacionfm.cl\/index.php?rest_route=\/wp\/v2\/posts"}],"about":[{"href":"https:\/\/radiorevelacionfm.cl\/index.php?rest_route=\/wp\/v2\/types\/post"}],"author":[{"embeddable":true,"href":"https:\/\/radiorevelacionfm.cl\/index.php?rest_route=\/wp\/v2\/users\/1"}],"replies":[{"embeddable":true,"href":"https:\/\/radiorevelacionfm.cl\/index.php?rest_route=%2Fwp%2Fv2%2Fcomments&post=3572"}],"version-history":[{"count":1,"href":"https:\/\/radiorevelacionfm.cl\/index.php?rest_route=\/wp\/v2\/posts\/3572\/revisions"}],"predecessor-version":[{"id":3574,"href":"https:\/\/radiorevelacionfm.cl\/index.php?rest_route=\/wp\/v2\/posts\/3572\/revisions\/3574"}],"wp:attachment":[{"href":"https:\/\/radiorevelacionfm.cl\/index.php?rest_route=%2Fwp%2Fv2%2Fmedia&parent=3572"}],"wp:term":[{"taxonomy":"category","embeddable":true,"href":"https:\/\/radiorevelacionfm.cl\/index.php?rest_route=%2Fwp%2Fv2%2Fcategories&post=3572"},{"taxonomy":"post_tag","embeddable":true,"href":"https:\/\/radiorevelacionfm.cl\/index.php?rest_route=%2Fwp%2Fv2%2Ftags&post=3572"}],"curies":[{"name":"wp","href":"https:\/\/api.w.org\/{rel}","templated":true}]}}