{"id":35719,"date":"2023-10-07T12:52:25","date_gmt":"2023-10-07T15:52:25","guid":{"rendered":"https:\/\/radiorevelacionfm.cl\/?p=35719"},"modified":"2023-10-07T12:52:25","modified_gmt":"2023-10-07T15:52:25","slug":"en-puerto-aysen-celebran-aniversario-de-vialidad-y-de-sus-trabajadores","status":"publish","type":"post","link":"https:\/\/radiorevelacionfm.cl\/?p=35719","title":{"rendered":"En Puerto Ays\u00e9n celebran aniversario de Vialidad y de sus trabajadores"},"content":{"rendered":"<div class=\"flex_column av_one_full  flex_column_div av-zero-column-padding first  avia-builder-el-0  el_before_av_one_full  avia-builder-el-first  \" style='border-radius:0px; '><div  class='avia-image-container  av-styling-    avia-builder-el-1  avia-builder-el-no-sibling  avia-align-center '  itemprop=\"image\" itemscope=\"itemscope\" itemtype=\"https:\/\/schema.org\/ImageObject\"  ><div class='avia-image-container-inner'><div class='avia-image-overlay-wrap'><img decoding=\"async\" class='wp-image-35720 avia-img-lazy-loading-not-35720 avia_image' src=\"https:\/\/radiorevelacionfm.cl\/wp-content\/uploads\/2023\/10\/VIALIDAD1-1-1.jpg\" alt='' title='VIALIDAD1 (1) (1)' height=\"600\" width=\"900\"  itemprop=\"thumbnailUrl\" srcset=\"https:\/\/radiorevelacionfm.cl\/wp-content\/uploads\/2023\/10\/VIALIDAD1-1-1.jpg 900w, https:\/\/radiorevelacionfm.cl\/wp-content\/uploads\/2023\/10\/VIALIDAD1-1-1-300x200.jpg 300w, https:\/\/radiorevelacionfm.cl\/wp-content\/uploads\/2023\/10\/VIALIDAD1-1-1-768x512.jpg 768w, https:\/\/radiorevelacionfm.cl\/wp-content\/uploads\/2023\/10\/VIALIDAD1-1-1-705x470.jpg 705w, https:\/\/radiorevelacionfm.cl\/wp-content\/uploads\/2023\/10\/VIALIDAD1-1-1-450x300.jpg 450w, https:\/\/radiorevelacionfm.cl\/wp-content\/uploads\/2023\/10\/VIALIDAD1-1-1-600x400.jpg 600w\" sizes=\"(max-width: 900px) 100vw, 900px\" \/><\/div><\/div><\/div><\/div><div class=\"flex_column av_one_full  flex_column_div av-zero-column-padding first  avia-builder-el-2  el_after_av_one_full  el_before_av_one_full  column-top-margin\" style='border-radius:0px; '><section class=\"av_textblock_section \"  itemscope=\"itemscope\" itemtype=\"https:\/\/schema.org\/BlogPosting\" itemprop=\"blogPost\" ><div class='avia_textblock  '   itemprop=\"text\" ><p style=\"text-align: center;\"><strong><span style=\"font-size: 18pt;\">En Puerto Ays\u00e9n celebran aniversario de Vialidad y de sus trabajadores<\/span><\/strong><\/p>\n<div id=\"gtx-trans\" style=\"position: absolute; left: -50px; top: 4.31534px;\">\n<div class=\"gtx-trans-icon\"><\/div>\n<\/div>\n<\/div><\/section><\/div><div class=\"flex_column av_one_full  flex_column_div av-zero-column-padding first  avia-builder-el-4  el_after_av_one_full  el_before_av_hr  column-top-margin\" style='border-radius:0px; '><section class=\"av_textblock_section \"  itemscope=\"itemscope\" itemtype=\"https:\/\/schema.org\/BlogPosting\" itemprop=\"blogPost\" ><div class='avia_textblock  '   itemprop=\"text\" ><p style=\"text-align: justify;\">En la Casa de la Cultura de Puerto Ays\u00e9n, se desarroll\u00f3 la ceremonia por el aniversario de Vialidad y de sus Trabajadores y Trabajadoras, instancia en la que se reconocieron a funcionarios por 30, 35 y m\u00e1s de 35 a\u00f1os de servicio.<\/p>\n<p style=\"text-align: justify;\">En esta importante instancia estuvo el Alcalde de la comuna de Ays\u00e9n Julio Uribe Alvarado, el Delegado Presidencial Provincial de Ays\u00e9n Jorge D\u00edaz Guzm\u00e1n, el Seremi del MOP Patricio Sanhueza, el Director Regional de Vialidad Renzo Sanders, el Director Provincial de Vialidad Jorge Barr\u00eda junto a las Trabajadoras y los Trabajadores de la Direcci\u00f3n de Provincial Vialidad, sus dirigentes y familiares.<\/p>\n<p style=\"text-align: justify;\">En la actividad, el Alcalde Uribe, relev\u00f3 el importante trabajo y funci\u00f3n que cumple cada uno de los trabajadores de Vialidad en torno a la construcci\u00f3n y mejora de caminos, a la mantenci\u00f3n de puentes y a la conectividad.<\/p>\n<p style=\"text-align: justify;\">\u201cFelicitar a cada uno de los trabajadores de Vialidad, son las primeras instituciones que sacaron adelante la colonizaci\u00f3n de los diferentes lugares de nuestra regi\u00f3n, pero principalmente nuestra provincia y nuestra comuna. Nosotros tenemos a la provincial de Vialidad en nuestra comuna, adem\u00e1s, hay una cuadrilla de puentes que ha salida destacada a nivel nacional, como as\u00ed tambi\u00e9n, cada uno de sus funcionarios en la mantenci\u00f3n de caminos. Y en los inicios la construcci\u00f3n de caminos que nos dieron la conectividad a nuestra regi\u00f3n, por ello, felicitarlos y agradecer el gran servicio que prestan en todo el territorio\u201d.<\/p>\n<p style=\"text-align: justify;\">El Seremi del MOP, Patricio Sanhueza, no quiso estar ausente en la ceremonia realizada en Puerto Ays\u00e9n, relevando la funci\u00f3n de cada uno de los trabajadores y trabajadoras, \u201cestamos principalmente acompa\u00f1ando a los trabajadores y a las trabajadoras de una instituci\u00f3n muy noble, de una instituci\u00f3n muy reconocida, a veces sujeta de cr\u00edticas, pero, es parte de nuestra gesti\u00f3n. Venimos porque es un d\u00eda muy \u00e9pico, la gente quiere a la instituci\u00f3n, se siente muy comprometida con ella, la que est\u00e1 siempre, buscando espacios de mejora y estamos muy contentos el d\u00eda de hoy por esta ceremonia muy bella\u201d.<\/p>\n<p style=\"text-align: justify;\">Para el jefe provincial de Vialidad en Ays\u00e9n, Jorge Barr\u00eda, la jornada fue, \u201cun d\u00eda muy especial para todos los funcionarios de la direcci\u00f3n de Vialidad, un aniversario m\u00e1s de la instituci\u00f3n y de los trabajadores de Vialidad. As\u00ed es que estamos muy contentos por lo que estamos haciendo a\u00f1o a a\u00f1o, ya sea, en las emergencias o en los trabajos propios que tenemos que desarrollar como administraci\u00f3n directa. Dedicar un saludo muy grande para todos los funcionarios y funcionarias de la oficina provincial Ays\u00e9n y de todo el pa\u00eds, estamos muy orgullosos de pertenecer a esta instituci\u00f3n\u201d.<\/p>\n<p style=\"text-align: justify;\">A la ceremonia llegaron ex funcionarios, se destac\u00f3 tambi\u00e9n, el reciente ingreso de nuevos trabajadores y trabajadoras de Vialidad, dando cuenta que, en la actualidad, el n\u00famero de trabajadores superan los 50 en la provincial Ays\u00e9n.<\/p>\n<p style=\"text-align: justify;\">La actividad tuvo tambi\u00e9n un broche de oro, con la presencia de la Banda Instrumental de Carabineros de Ays\u00e9n, quienes deleitaron al p\u00fablico con m\u00fasica bailable, chamames e incluso sorprendieron interpretando el cumplea\u00f1os feliz.<\/p>\n<\/div><\/section><\/div><div  style='height:50px' class='hr hr-invisible   avia-builder-el-6  el_after_av_one_full  el_before_av_social_share '><span class='hr-inner ' ><span class='hr-inner-style'><\/span><\/span><\/div><\/p>\n<div  class='av-social-sharing-box  avia-builder-el-7  el_after_av_hr  el_before_av_hr  '><div class='av-share-box'><h5 class='av-share-link-description av-no-toc '>Compartir esta noticia<\/h5><ul class='av-share-box-list noLightbox'><li class='av-share-link av-social-link-facebook' ><a target=\"_blank\" aria-label=\"Compartir en Facebook\" href='https:\/\/www.facebook.com\/sharer.php?u=https:\/\/radiorevelacionfm.cl\/?p=35719&#038;t=En%20Puerto%20Ays%C3%A9n%20celebran%20aniversario%20de%20Vialidad%20y%20de%20sus%20trabajadores' aria-hidden='false' data-av_icon='\ue8f3' data-av_iconfont='entypo-fontello' title='' data-avia-related-tooltip='Compartir en Facebook' rel=\"noopener\"><span class='avia_hidden_link_text'>Compartir en Facebook<\/span><\/a><\/li><li class='av-share-link av-social-link-twitter' ><a target=\"_blank\" aria-label=\"Compartir en Twitter\" href='https:\/\/twitter.com\/share?text=En%20Puerto%20Ays%C3%A9n%20celebran%20aniversario%20de%20Vialidad%20y%20de%20sus%20trabajadores&#038;url=https:\/\/radiorevelacionfm.cl\/?p=35719' aria-hidden='false' data-av_icon='\ue8f1' data-av_iconfont='entypo-fontello' title='' data-avia-related-tooltip='Compartir en Twitter' rel=\"noopener\"><span class='avia_hidden_link_text'>Compartir en Twitter<\/span><\/a><\/li><li class='av-share-link av-social-link-whatsapp' ><a target=\"_blank\" aria-label=\"Compartir en Whatsapp\" href='https:\/\/api.whatsapp.com\/send?text=https:\/\/radiorevelacionfm.cl\/?p=35719' aria-hidden='false' data-av_icon='\uf232' data-av_iconfont='entypo-fontello' title='' data-avia-related-tooltip='Compartir en Whatsapp' rel=\"noopener\"><span class='avia_hidden_link_text'>Compartir en Whatsapp<\/span><\/a><\/li><li class='av-share-link av-social-link-linkedin' ><a target=\"_blank\" aria-label=\"Compartir en LinkedIn\" href='https:\/\/linkedin.com\/shareArticle?mini=true&#038;title=En%20Puerto%20Ays%C3%A9n%20celebran%20aniversario%20de%20Vialidad%20y%20de%20sus%20trabajadores&#038;url=https:\/\/radiorevelacionfm.cl\/?p=35719' aria-hidden='false' data-av_icon='\ue8fc' data-av_iconfont='entypo-fontello' title='' data-avia-related-tooltip='Compartir en LinkedIn' rel=\"noopener\"><span class='avia_hidden_link_text'>Compartir en LinkedIn<\/span><\/a><\/li><li class='av-share-link av-social-link-mail' ><a  aria-label=\"Compartir por correo\" href='mailto:?subject=En%20Puerto%20Ays%C3%A9n%20celebran%20aniversario%20de%20Vialidad%20y%20de%20sus%20trabajadores&#038;body=https:\/\/radiorevelacionfm.cl\/?p=35719' aria-hidden='false' data-av_icon='\ue805' data-av_iconfont='entypo-fontello' title='' data-avia-related-tooltip='Compartir por correo'><span class='avia_hidden_link_text'>Compartir por correo<\/span><\/a><\/li><\/ul><\/div><\/div>\n<div  style='height:50px' class='hr hr-invisible   avia-builder-el-8  el_after_av_social_share  el_before_av_comments_list '><span class='hr-inner ' ><span class='hr-inner-style'><\/span><\/span><\/div>\n<div  class='av-buildercomment  av-blog-meta-html-info-disabled av-blog-meta-tag-disabled  '><\/div>\n","protected":false},"excerpt":{"rendered":"","protected":false},"author":1,"featured_media":35720,"comment_status":"open","ping_status":"open","sticky":false,"template":"","format":"standard","meta":{"footnotes":""},"categories":[38],"tags":[],"class_list":["post-35719","post","type-post","status-publish","format-standard","has-post-thumbnail","hentry","category-regional"],"jetpack_featured_media_url":"https:\/\/radiorevelacionfm.cl\/wp-content\/uploads\/2023\/10\/VIALIDAD1-1-1.jpg","_links":{"self":[{"href":"https:\/\/radiorevelacionfm.cl\/index.php?rest_route=\/wp\/v2\/posts\/35719","targetHints":{"allow":["GET"]}}],"collection":[{"href":"https:\/\/radiorevelacionfm.cl\/index.php?rest_route=\/wp\/v2\/posts"}],"about":[{"href":"https:\/\/radiorevelacionfm.cl\/index.php?rest_route=\/wp\/v2\/types\/post"}],"author":[{"embeddable":true,"href":"https:\/\/radiorevelacionfm.cl\/index.php?rest_route=\/wp\/v2\/users\/1"}],"replies":[{"embeddable":true,"href":"https:\/\/radiorevelacionfm.cl\/index.php?rest_route=%2Fwp%2Fv2%2Fcomments&post=35719"}],"version-history":[{"count":1,"href":"https:\/\/radiorevelacionfm.cl\/index.php?rest_route=\/wp\/v2\/posts\/35719\/revisions"}],"predecessor-version":[{"id":35721,"href":"https:\/\/radiorevelacionfm.cl\/index.php?rest_route=\/wp\/v2\/posts\/35719\/revisions\/35721"}],"wp:featuredmedia":[{"embeddable":true,"href":"https:\/\/radiorevelacionfm.cl\/index.php?rest_route=\/wp\/v2\/media\/35720"}],"wp:attachment":[{"href":"https:\/\/radiorevelacionfm.cl\/index.php?rest_route=%2Fwp%2Fv2%2Fmedia&parent=35719"}],"wp:term":[{"taxonomy":"category","embeddable":true,"href":"https:\/\/radiorevelacionfm.cl\/index.php?rest_route=%2Fwp%2Fv2%2Fcategories&post=35719"},{"taxonomy":"post_tag","embeddable":true,"href":"https:\/\/radiorevelacionfm.cl\/index.php?rest_route=%2Fwp%2Fv2%2Ftags&post=35719"}],"curies":[{"name":"wp","href":"https:\/\/api.w.org\/{rel}","templated":true}]}}