{"id":35716,"date":"2023-10-07T12:05:56","date_gmt":"2023-10-07T15:05:56","guid":{"rendered":"https:\/\/radiorevelacionfm.cl\/?p=35716"},"modified":"2023-10-09T23:09:23","modified_gmt":"2023-10-10T02:09:23","slug":"educacion-artistica-de-culturas-aysen-desarrolla-intensa-jornada-de-formacion-en-artes-y-cultura","status":"publish","type":"post","link":"https:\/\/radiorevelacionfm.cl\/?p=35716","title":{"rendered":"Educaci\u00f3n Art\u00edstica de Culturas Ays\u00e9n desarrolla intensa jornada de formaci\u00f3n en Artes y Cultura"},"content":{"rendered":"<div class=\"flex_column av_one_full  flex_column_div av-zero-column-padding first  avia-builder-el-0  el_before_av_one_full  avia-builder-el-first  \" style='border-radius:0px; '><div  class='avia-image-container  av-styling-    avia-builder-el-1  avia-builder-el-no-sibling  avia-align-center '  itemprop=\"image\" itemscope=\"itemscope\" itemtype=\"https:\/\/schema.org\/ImageObject\"  ><div class='avia-image-container-inner'><div class='avia-image-overlay-wrap'><img decoding=\"async\" class='wp-image-35717 avia-img-lazy-loading-not-35717 avia_image' src=\"https:\/\/radiorevelacionfm.cl\/wp-content\/uploads\/2023\/10\/5-73-1-1.jpg\" alt='' title='5 (73) (1) (1)' height=\"600\" width=\"899\"  itemprop=\"thumbnailUrl\" srcset=\"https:\/\/radiorevelacionfm.cl\/wp-content\/uploads\/2023\/10\/5-73-1-1.jpg 899w, https:\/\/radiorevelacionfm.cl\/wp-content\/uploads\/2023\/10\/5-73-1-1-300x200.jpg 300w, https:\/\/radiorevelacionfm.cl\/wp-content\/uploads\/2023\/10\/5-73-1-1-768x513.jpg 768w, https:\/\/radiorevelacionfm.cl\/wp-content\/uploads\/2023\/10\/5-73-1-1-705x471.jpg 705w, https:\/\/radiorevelacionfm.cl\/wp-content\/uploads\/2023\/10\/5-73-1-1-450x300.jpg 450w, https:\/\/radiorevelacionfm.cl\/wp-content\/uploads\/2023\/10\/5-73-1-1-600x400.jpg 600w\" sizes=\"(max-width: 899px) 100vw, 899px\" \/><\/div><\/div><\/div><\/div><div class=\"flex_column av_one_full  flex_column_div av-zero-column-padding first  avia-builder-el-2  el_after_av_one_full  el_before_av_one_full  column-top-margin\" style='border-radius:0px; '><section class=\"av_textblock_section \"  itemscope=\"itemscope\" itemtype=\"https:\/\/schema.org\/BlogPosting\" itemprop=\"blogPost\" ><div class='avia_textblock  '   itemprop=\"text\" ><p style=\"text-align: center;\"><span style=\"font-size: 18pt;\"><b>Educaci\u00f3n Art\u00edstica de Culturas Ays\u00e9n desarrolla intensa jornada de formaci\u00f3n en Artes y Cultura<\/b><\/span><\/p>\n<div id=\"gtx-trans\" style=\"position: absolute; left: -50px; top: 4.31534px;\">\n<div class=\"gtx-trans-icon\"><\/div>\n<\/div>\n<\/div><\/section><\/div><div class=\"flex_column av_one_full  flex_column_div av-zero-column-padding first  avia-builder-el-4  el_after_av_one_full  el_before_av_hr  column-top-margin\" style='border-radius:0px; '><section class=\"av_textblock_section \"  itemscope=\"itemscope\" itemtype=\"https:\/\/schema.org\/BlogPosting\" itemprop=\"blogPost\" ><div class='avia_textblock  '   itemprop=\"text\" ><p style=\"text-align: justify;\">Una completa y din\u00e1mica jornada de formaci\u00f3n en artes y cultura desarroll\u00f3 esta semana la Secretar\u00eda Regional Ministerial de las Culturas, las Artes y el Patrimonio de la Regi\u00f3n de Ays\u00e9n, mediante su \u00e1rea de Educaci\u00f3n y Formaci\u00f3n en Artes y Cultura.<\/p>\n<p style=\"text-align: justify;\">Las dos primeras jornadas, a cargo de los relatores Juan Yolin y Crist\u00f3bal Gaete, consistieron en un laboratorio llamado Arte y juego, que forma parte de los Proyectos Estrat\u00e9gicos Regionales y est\u00e1 incorporado en el plan de trabajo anual de la Mesa Regional de Educaci\u00f3n Art\u00edstica del Programa Nacional de Desarrollo Art\u00edstico en la Educaci\u00f3n.<\/p>\n<p style=\"text-align: justify;\">A partir de la escritura y la literatura, las y los participantes compartieron l\u00fadicos ejercicios que vincularon el territorio y el tejido social de la Regi\u00f3n de Ays\u00e9n. Pero antes fueron parte de una din\u00e1mica que mezcla teatro y educaci\u00f3n, a cargo de la actriz y mag\u00edster en Pedagog\u00eda Teatral, Tamara Gonz\u00e1lez a partir del Cuaderno Pedag\u00f3gico Cartograf\u00eda de Artistas.<\/p>\n<p style=\"text-align: justify;\">En un trabajo colaborativo con el Ministerio de Educaci\u00f3n, cabe destacar la presencia de coordinadores de bibliotecas y encargadas del CRA de Coyhaique, Chile Chico, y Puerto Tranquilo.<\/p>\n<p style=\"text-align: justify;\">Para el escritor y curador independiente, Juan Yolin, en nuestro territorio \u00abhay un entusiasmo muy marcado por la escritura y tambi\u00e9n por los conocimientos asociados no solo a la literatura, sino al arte y a la creatividad en general. Estamos sacando conclusiones muy alegres de este proceso\u201d.<\/p>\n<p style=\"text-align: justify;\">Sobre las particularidades de la Regi\u00f3n de Ays\u00e9n, Yolin cree que \u00abhay un respeto muy marcado por las historias de los mayores. Se nota que tienen mucho que contar y creo que en la cultura territorial de Ays\u00e9n esa inquietud ha sido traspasada a las nuevas generaciones\u201d.<\/p>\n<p style=\"text-align: justify;\">La semana continu\u00f3 con el Laboratorio de Escritura Creativa de Cecrea, que integra el Plan Nacional de la Lectura y que estuvo dirigido a facilitadores de los Centros de Creaci\u00f3n y las comunidades educativas.<\/p>\n<p style=\"text-align: justify;\">Patricia Rivera, encargada de Educaci\u00f3n Art\u00edstica de la Seremi de Culturas Ays\u00e9n, defini\u00f3 esta semana como \u201cun gran momento formativo para la educaci\u00f3n art\u00edstica local. Tuvimos el privilegio de contar con grandes exponentes y gu\u00edas en este proceso de aprendizaje y di\u00e1logo en torno al juego, a las artes y a la creaci\u00f3n literaria. Para el departamento de Educaci\u00f3n Art\u00edstica del Ministerio de las Culturas, estos procesos son la base de nuestro trabajo porque nos mantienen conectados con las comunidades educativas no solo en plan de entrega de herramientas, sino de escuchar y recoger las inquietudes e incorporarlas en nuestro trabajo, adem\u00e1s de abrir las posibilidades del arte en la escuela bajo la mirada de una educaci\u00f3n art\u00edstica contempor\u00e1nea\u201d.<\/p>\n<p style=\"text-align: justify;\">El periodista Crist\u00f3bal Gaete, quien obtuvo el Premio Municipal de Literatura de Santiago 2014 por su libro Motel Ciudad Negra, dijo que \u201cfue una experiencia sumamente gratificante porque experimentamos con distintos m\u00e9todos y procedimientos para jugar y crear al mismo tiempo. Tuvimos una gran disposici\u00f3n de las personas que participaron y aprecio mucho el alcance geogr\u00e1fico de esta convocatoria. Tener participantes de Tranquilo, de Ays\u00e9n, de Chile Chico, creo que es un asunto que permite que estos conocimientos y laboratorios se expandan por el territorio de forma aut\u00f3noma a posteriori\u201d.<\/p>\n<\/div><\/section><\/div><div  style='height:50px' class='hr hr-invisible   avia-builder-el-6  el_after_av_one_full  el_before_av_social_share '><span class='hr-inner ' ><span class='hr-inner-style'><\/span><\/span><\/div><\/p>\n<div  class='av-social-sharing-box  avia-builder-el-7  el_after_av_hr  el_before_av_hr  '><div class='av-share-box'><h5 class='av-share-link-description av-no-toc '>Compartir esta noticia<\/h5><ul class='av-share-box-list noLightbox'><li class='av-share-link av-social-link-facebook' ><a target=\"_blank\" aria-label=\"Compartir en Facebook\" href='https:\/\/www.facebook.com\/sharer.php?u=https:\/\/radiorevelacionfm.cl\/?p=35716&#038;t=Educaci%C3%B3n%20Art%C3%ADstica%20de%20Culturas%20Ays%C3%A9n%20desarrolla%20intensa%20jornada%20de%20formaci%C3%B3n%20en%20Artes%20y%20Cultura' aria-hidden='false' data-av_icon='\ue8f3' data-av_iconfont='entypo-fontello' title='' data-avia-related-tooltip='Compartir en Facebook' rel=\"noopener\"><span class='avia_hidden_link_text'>Compartir en Facebook<\/span><\/a><\/li><li class='av-share-link av-social-link-twitter' ><a target=\"_blank\" aria-label=\"Compartir en Twitter\" href='https:\/\/twitter.com\/share?text=Educaci%C3%B3n%20Art%C3%ADstica%20de%20Culturas%20Ays%C3%A9n%20desarrolla%20intensa%20jornada%20de%20formaci%C3%B3n%20en%20Artes%20y%20Cultura&#038;url=https:\/\/radiorevelacionfm.cl\/?p=35716' aria-hidden='false' data-av_icon='\ue8f1' data-av_iconfont='entypo-fontello' title='' data-avia-related-tooltip='Compartir en Twitter' rel=\"noopener\"><span class='avia_hidden_link_text'>Compartir en Twitter<\/span><\/a><\/li><li class='av-share-link av-social-link-whatsapp' ><a target=\"_blank\" aria-label=\"Compartir en Whatsapp\" href='https:\/\/api.whatsapp.com\/send?text=https:\/\/radiorevelacionfm.cl\/?p=35716' aria-hidden='false' data-av_icon='\uf232' data-av_iconfont='entypo-fontello' title='' data-avia-related-tooltip='Compartir en Whatsapp' rel=\"noopener\"><span class='avia_hidden_link_text'>Compartir en Whatsapp<\/span><\/a><\/li><li class='av-share-link av-social-link-linkedin' ><a target=\"_blank\" aria-label=\"Compartir en LinkedIn\" href='https:\/\/linkedin.com\/shareArticle?mini=true&#038;title=Educaci%C3%B3n%20Art%C3%ADstica%20de%20Culturas%20Ays%C3%A9n%20desarrolla%20intensa%20jornada%20de%20formaci%C3%B3n%20en%20Artes%20y%20Cultura&#038;url=https:\/\/radiorevelacionfm.cl\/?p=35716' aria-hidden='false' data-av_icon='\ue8fc' data-av_iconfont='entypo-fontello' title='' data-avia-related-tooltip='Compartir en LinkedIn' rel=\"noopener\"><span class='avia_hidden_link_text'>Compartir en LinkedIn<\/span><\/a><\/li><li class='av-share-link av-social-link-mail' ><a  aria-label=\"Compartir por correo\" href='mailto:?subject=Educaci%C3%B3n%20Art%C3%ADstica%20de%20Culturas%20Ays%C3%A9n%20desarrolla%20intensa%20jornada%20de%20formaci%C3%B3n%20en%20Artes%20y%20Cultura&#038;body=https:\/\/radiorevelacionfm.cl\/?p=35716' aria-hidden='false' data-av_icon='\ue805' data-av_iconfont='entypo-fontello' title='' data-avia-related-tooltip='Compartir por correo'><span class='avia_hidden_link_text'>Compartir por correo<\/span><\/a><\/li><\/ul><\/div><\/div>\n<div  style='height:50px' class='hr hr-invisible   avia-builder-el-8  el_after_av_social_share  el_before_av_comments_list '><span class='hr-inner ' ><span class='hr-inner-style'><\/span><\/span><\/div>\n<div  class='av-buildercomment  av-blog-meta-html-info-disabled av-blog-meta-tag-disabled  '><\/div>\n","protected":false},"excerpt":{"rendered":"","protected":false},"author":1,"featured_media":35717,"comment_status":"open","ping_status":"open","sticky":false,"template":"","format":"standard","meta":{"footnotes":""},"categories":[52],"tags":[],"class_list":["post-35716","post","type-post","status-publish","format-standard","has-post-thumbnail","hentry","category-cultura"],"jetpack_featured_media_url":"https:\/\/radiorevelacionfm.cl\/wp-content\/uploads\/2023\/10\/5-73-1-1.jpg","_links":{"self":[{"href":"https:\/\/radiorevelacionfm.cl\/index.php?rest_route=\/wp\/v2\/posts\/35716","targetHints":{"allow":["GET"]}}],"collection":[{"href":"https:\/\/radiorevelacionfm.cl\/index.php?rest_route=\/wp\/v2\/posts"}],"about":[{"href":"https:\/\/radiorevelacionfm.cl\/index.php?rest_route=\/wp\/v2\/types\/post"}],"author":[{"embeddable":true,"href":"https:\/\/radiorevelacionfm.cl\/index.php?rest_route=\/wp\/v2\/users\/1"}],"replies":[{"embeddable":true,"href":"https:\/\/radiorevelacionfm.cl\/index.php?rest_route=%2Fwp%2Fv2%2Fcomments&post=35716"}],"version-history":[{"count":1,"href":"https:\/\/radiorevelacionfm.cl\/index.php?rest_route=\/wp\/v2\/posts\/35716\/revisions"}],"predecessor-version":[{"id":35718,"href":"https:\/\/radiorevelacionfm.cl\/index.php?rest_route=\/wp\/v2\/posts\/35716\/revisions\/35718"}],"wp:featuredmedia":[{"embeddable":true,"href":"https:\/\/radiorevelacionfm.cl\/index.php?rest_route=\/wp\/v2\/media\/35717"}],"wp:attachment":[{"href":"https:\/\/radiorevelacionfm.cl\/index.php?rest_route=%2Fwp%2Fv2%2Fmedia&parent=35716"}],"wp:term":[{"taxonomy":"category","embeddable":true,"href":"https:\/\/radiorevelacionfm.cl\/index.php?rest_route=%2Fwp%2Fv2%2Fcategories&post=35716"},{"taxonomy":"post_tag","embeddable":true,"href":"https:\/\/radiorevelacionfm.cl\/index.php?rest_route=%2Fwp%2Fv2%2Ftags&post=35716"}],"curies":[{"name":"wp","href":"https:\/\/api.w.org\/{rel}","templated":true}]}}