{"id":35713,"date":"2023-10-07T11:41:24","date_gmt":"2023-10-07T14:41:24","guid":{"rendered":"https:\/\/radiorevelacionfm.cl\/?p=35713"},"modified":"2023-10-07T11:41:24","modified_gmt":"2023-10-07T14:41:24","slug":"fenats-regional-confirma-con-minsal-que-se-abriran-1800-cupos-en-el-pais-para-disminuir-impacto-por-desvinculacion-de-honorarios-covid","status":"publish","type":"post","link":"https:\/\/radiorevelacionfm.cl\/?p=35713","title":{"rendered":"Fenats Regional confirma con Minsal que se abrir\u00e1n 1800 cupos en el pa\u00eds para disminuir impacto por desvinculaci\u00f3n de honorarios covid"},"content":{"rendered":"<div class=\"flex_column av_one_full  flex_column_div av-zero-column-padding first  avia-builder-el-0  el_before_av_one_full  avia-builder-el-first  \" style='border-radius:0px; '><div  class='avia-image-container  av-styling-    avia-builder-el-1  avia-builder-el-no-sibling  avia-align-center '  itemprop=\"image\" itemscope=\"itemscope\" itemtype=\"https:\/\/schema.org\/ImageObject\"  ><div class='avia-image-container-inner'><div class='avia-image-overlay-wrap'><img decoding=\"async\" class='wp-image-35714 avia-img-lazy-loading-not-35714 avia_image' src=\"https:\/\/radiorevelacionfm.cl\/wp-content\/uploads\/2023\/10\/FOTO-FENATS-STGO-1-1.jpeg\" alt='' title='FOTO FENATS STGO (1) (1)' height=\"768\" width=\"1024\"  itemprop=\"thumbnailUrl\" srcset=\"https:\/\/radiorevelacionfm.cl\/wp-content\/uploads\/2023\/10\/FOTO-FENATS-STGO-1-1.jpeg 1024w, https:\/\/radiorevelacionfm.cl\/wp-content\/uploads\/2023\/10\/FOTO-FENATS-STGO-1-1-300x225.jpeg 300w, https:\/\/radiorevelacionfm.cl\/wp-content\/uploads\/2023\/10\/FOTO-FENATS-STGO-1-1-768x576.jpeg 768w, https:\/\/radiorevelacionfm.cl\/wp-content\/uploads\/2023\/10\/FOTO-FENATS-STGO-1-1-705x529.jpeg 705w, https:\/\/radiorevelacionfm.cl\/wp-content\/uploads\/2023\/10\/FOTO-FENATS-STGO-1-1-450x338.jpeg 450w, https:\/\/radiorevelacionfm.cl\/wp-content\/uploads\/2023\/10\/FOTO-FENATS-STGO-1-1-600x450.jpeg 600w\" sizes=\"(max-width: 1024px) 100vw, 1024px\" \/><\/div><\/div><\/div><\/div><div class=\"flex_column av_one_full  flex_column_div av-zero-column-padding first  avia-builder-el-2  el_after_av_one_full  el_before_av_one_full  column-top-margin\" style='border-radius:0px; '><section class=\"av_textblock_section \"  itemscope=\"itemscope\" itemtype=\"https:\/\/schema.org\/BlogPosting\" itemprop=\"blogPost\" ><div class='avia_textblock  '   itemprop=\"text\" ><p style=\"text-align: center;\"><span style=\"font-size: 18pt;\"><b><span lang=\"ES\">Fenats Regional confirma con Minsal que se abrir\u00e1n 1800 cupos en el pa\u00eds para disminuir impacto por desvinculaci\u00f3n de honorarios covid<\/span><\/b><\/span><\/p>\n<div id=\"gtx-trans\" style=\"position: absolute; left: -50px; top: 4.31534px;\">\n<div class=\"gtx-trans-icon\"><\/div>\n<\/div>\n<\/div><\/section><\/div><div class=\"flex_column av_one_full  flex_column_div av-zero-column-padding first  avia-builder-el-4  el_after_av_one_full  el_before_av_hr  column-top-margin\" style='border-radius:0px; '><section class=\"av_textblock_section \"  itemscope=\"itemscope\" itemtype=\"https:\/\/schema.org\/BlogPosting\" itemprop=\"blogPost\" ><div class='avia_textblock  '   itemprop=\"text\" ><p style=\"font-weight: 400; text-align: justify;\">Ante la preocupaci\u00f3n que existe por el futuro de los funcionarios a honorarios covid, los dirigentes de la Fenats Regional Ays\u00e9n, Roland C\u00e1rcamo, Feris D\u00edaz y Horacio Vargas, se reunieron con la encargada de Relaciones Laborales del Ministerio de Salud, Mar\u00eda Cristina Y\u00e1\u00f1ez, quien les confirm\u00f3 que se dispondr\u00e1 de 1800 cargos en distintos hospitales del pa\u00eds para disminuir el impacto que significa la desvinculaci\u00f3n de estos m\u00e1s de seis mil funcionarios.<\/p>\n<p style=\"font-weight: 400; text-align: justify;\">Recordemos que hace algunas semanas, el Gobierno confirm\u00f3 que s\u00f3lo continuar\u00e1n trabajando un poco menos del 50% de los funcionarios a honorarios que fueron contratados desde 2020 para enfrentar la crisis sanitaria generada por el covid 19, por lo que seis mil trescientos cuarenta y siete trabajadores ser\u00edan desvinculados de forma gradual.<\/p>\n<p style=\"font-weight: 400; text-align: justify;\">Seg\u00fan Roland C\u00e1rcamo, \u201cexiste mucha preocupaci\u00f3n e incertidumbre por el futuro de estos trabajadores en Ays\u00e9n, por lo que nos trasladamos a Santiago para reunirnos con la encargada de Relaciones Laborales del Ministerio. Ella nos confirm\u00f3 que la presi\u00f3n que hicimos junto a las distintas agrupaciones gremiales de trabajadores de la salud surti\u00f3 efecto, y se dispondr\u00e1 de 1800 cupos laborales a nivel nacional\u201d.<\/p>\n<p style=\"font-weight: 400; text-align: justify;\">\u201cEsto no nos deja conformes, pero si es un avance. Nosotros seguimos creyendo que en materia de salud p\u00fablica, no sobra ning\u00fan trabajador, adem\u00e1s que la funci\u00f3n que estaban cumpliendo los honorarios covid ha sido muy importante para ir disminuyendo las brechas existentes en el sistema\u201d.<\/p>\n<p style=\"font-weight: 400; text-align: justify;\"><strong>La situaci\u00f3n en la Regi\u00f3n de Ays\u00e9n<\/strong><\/p>\n<p style=\"font-weight: 400; text-align: justify;\">En la regi\u00f3n de Ays\u00e9n son m\u00e1s de 400 los trabajadores que fueron contratados para hacer frente a la pandemia. Ante esto, C\u00e1rcamo afirm\u00f3 que \u201cpara la regi\u00f3n los cupos en aumento van a ser comunicados formalmente a la Subdirecci\u00f3n de Gesti\u00f3n de Personas en los pr\u00f3ximos d\u00edas\u201d.<\/p>\n<p style=\"font-weight: 400; text-align: justify;\">Finalmente, el dirigente regional, asegur\u00f3 que \u201cc\u00f3mo Federaci\u00f3n estamos gestionando para que la totalidad de los trabajadores covid dela regi\u00f3n contin\u00faen trabajando. Instamos a que en la discusi\u00f3n presupuestaria de a\u00f1o 2024 sean incorporados\u201d.<\/p>\n<\/div><\/section><\/div><div  style='height:50px' class='hr hr-invisible   avia-builder-el-6  el_after_av_one_full  el_before_av_social_share '><span class='hr-inner ' ><span class='hr-inner-style'><\/span><\/span><\/div><\/p>\n<div  class='av-social-sharing-box  avia-builder-el-7  el_after_av_hr  el_before_av_hr  '><div class='av-share-box'><h5 class='av-share-link-description av-no-toc '>Compartir esta noticia<\/h5><ul class='av-share-box-list noLightbox'><li class='av-share-link av-social-link-facebook' ><a target=\"_blank\" aria-label=\"Compartir en Facebook\" href='https:\/\/www.facebook.com\/sharer.php?u=https:\/\/radiorevelacionfm.cl\/?p=35713&#038;t=Fenats%20Regional%20confirma%20con%20Minsal%20que%20se%20abrir%C3%A1n%201800%20cupos%20en%20el%20pa%C3%ADs%20para%20disminuir%20impacto%20por%20desvinculaci%C3%B3n%20de%20honorarios%20covid' aria-hidden='false' data-av_icon='\ue8f3' data-av_iconfont='entypo-fontello' title='' data-avia-related-tooltip='Compartir en Facebook' rel=\"noopener\"><span class='avia_hidden_link_text'>Compartir en Facebook<\/span><\/a><\/li><li class='av-share-link av-social-link-twitter' ><a target=\"_blank\" aria-label=\"Compartir en Twitter\" href='https:\/\/twitter.com\/share?text=Fenats%20Regional%20confirma%20con%20Minsal%20que%20se%20abrir%C3%A1n%201800%20cupos%20en%20el%20pa%C3%ADs%20para%20disminuir%20impacto%20por%20desvinculaci%C3%B3n%20de%20honorarios%20covid&#038;url=https:\/\/radiorevelacionfm.cl\/?p=35713' aria-hidden='false' data-av_icon='\ue8f1' data-av_iconfont='entypo-fontello' title='' data-avia-related-tooltip='Compartir en Twitter' rel=\"noopener\"><span class='avia_hidden_link_text'>Compartir en Twitter<\/span><\/a><\/li><li class='av-share-link av-social-link-whatsapp' ><a target=\"_blank\" aria-label=\"Compartir en Whatsapp\" href='https:\/\/api.whatsapp.com\/send?text=https:\/\/radiorevelacionfm.cl\/?p=35713' aria-hidden='false' data-av_icon='\uf232' data-av_iconfont='entypo-fontello' title='' data-avia-related-tooltip='Compartir en Whatsapp' rel=\"noopener\"><span class='avia_hidden_link_text'>Compartir en Whatsapp<\/span><\/a><\/li><li class='av-share-link av-social-link-linkedin' ><a target=\"_blank\" aria-label=\"Compartir en LinkedIn\" href='https:\/\/linkedin.com\/shareArticle?mini=true&#038;title=Fenats%20Regional%20confirma%20con%20Minsal%20que%20se%20abrir%C3%A1n%201800%20cupos%20en%20el%20pa%C3%ADs%20para%20disminuir%20impacto%20por%20desvinculaci%C3%B3n%20de%20honorarios%20covid&#038;url=https:\/\/radiorevelacionfm.cl\/?p=35713' aria-hidden='false' data-av_icon='\ue8fc' data-av_iconfont='entypo-fontello' title='' data-avia-related-tooltip='Compartir en LinkedIn' rel=\"noopener\"><span class='avia_hidden_link_text'>Compartir en LinkedIn<\/span><\/a><\/li><li class='av-share-link av-social-link-mail' ><a  aria-label=\"Compartir por correo\" href='mailto:?subject=Fenats%20Regional%20confirma%20con%20Minsal%20que%20se%20abrir%C3%A1n%201800%20cupos%20en%20el%20pa%C3%ADs%20para%20disminuir%20impacto%20por%20desvinculaci%C3%B3n%20de%20honorarios%20covid&#038;body=https:\/\/radiorevelacionfm.cl\/?p=35713' aria-hidden='false' data-av_icon='\ue805' data-av_iconfont='entypo-fontello' title='' data-avia-related-tooltip='Compartir por correo'><span class='avia_hidden_link_text'>Compartir por correo<\/span><\/a><\/li><\/ul><\/div><\/div>\n<div  style='height:50px' class='hr hr-invisible   avia-builder-el-8  el_after_av_social_share  el_before_av_comments_list '><span class='hr-inner ' ><span class='hr-inner-style'><\/span><\/span><\/div>\n<div  class='av-buildercomment  av-blog-meta-html-info-disabled av-blog-meta-tag-disabled  '><\/div>\n","protected":false},"excerpt":{"rendered":"","protected":false},"author":1,"featured_media":35714,"comment_status":"open","ping_status":"open","sticky":false,"template":"","format":"standard","meta":{"footnotes":""},"categories":[38],"tags":[],"class_list":["post-35713","post","type-post","status-publish","format-standard","has-post-thumbnail","hentry","category-regional"],"jetpack_featured_media_url":"https:\/\/radiorevelacionfm.cl\/wp-content\/uploads\/2023\/10\/FOTO-FENATS-STGO-1-1.jpeg","_links":{"self":[{"href":"https:\/\/radiorevelacionfm.cl\/index.php?rest_route=\/wp\/v2\/posts\/35713","targetHints":{"allow":["GET"]}}],"collection":[{"href":"https:\/\/radiorevelacionfm.cl\/index.php?rest_route=\/wp\/v2\/posts"}],"about":[{"href":"https:\/\/radiorevelacionfm.cl\/index.php?rest_route=\/wp\/v2\/types\/post"}],"author":[{"embeddable":true,"href":"https:\/\/radiorevelacionfm.cl\/index.php?rest_route=\/wp\/v2\/users\/1"}],"replies":[{"embeddable":true,"href":"https:\/\/radiorevelacionfm.cl\/index.php?rest_route=%2Fwp%2Fv2%2Fcomments&post=35713"}],"version-history":[{"count":1,"href":"https:\/\/radiorevelacionfm.cl\/index.php?rest_route=\/wp\/v2\/posts\/35713\/revisions"}],"predecessor-version":[{"id":35715,"href":"https:\/\/radiorevelacionfm.cl\/index.php?rest_route=\/wp\/v2\/posts\/35713\/revisions\/35715"}],"wp:featuredmedia":[{"embeddable":true,"href":"https:\/\/radiorevelacionfm.cl\/index.php?rest_route=\/wp\/v2\/media\/35714"}],"wp:attachment":[{"href":"https:\/\/radiorevelacionfm.cl\/index.php?rest_route=%2Fwp%2Fv2%2Fmedia&parent=35713"}],"wp:term":[{"taxonomy":"category","embeddable":true,"href":"https:\/\/radiorevelacionfm.cl\/index.php?rest_route=%2Fwp%2Fv2%2Fcategories&post=35713"},{"taxonomy":"post_tag","embeddable":true,"href":"https:\/\/radiorevelacionfm.cl\/index.php?rest_route=%2Fwp%2Fv2%2Ftags&post=35713"}],"curies":[{"name":"wp","href":"https:\/\/api.w.org\/{rel}","templated":true}]}}