{"id":35709,"date":"2023-10-07T11:10:02","date_gmt":"2023-10-07T14:10:02","guid":{"rendered":"https:\/\/radiorevelacionfm.cl\/?p=35709"},"modified":"2023-10-07T11:10:02","modified_gmt":"2023-10-07T14:10:02","slug":"seremi-del-mop-anuncio-41-licitaciones-por-470-mil-millones-de-pesos-para-el-ultimo-trimestre-de-2023-y-ano-2024","status":"publish","type":"post","link":"https:\/\/radiorevelacionfm.cl\/?p=35709","title":{"rendered":"Seremi del MOP anunci\u00f3 41 licitaciones por 470 mil millones de pesos para el \u00faltimo trimestre de 2023 y a\u00f1o 2024"},"content":{"rendered":"<div class=\"flex_column av_one_full  flex_column_div av-zero-column-padding first  avia-builder-el-0  el_before_av_one_full  avia-builder-el-first  \" style='border-radius:0px; '><div  class='avia-image-container  av-styling-    avia-builder-el-1  avia-builder-el-no-sibling  avia-align-center '  itemprop=\"image\" itemscope=\"itemscope\" itemtype=\"https:\/\/schema.org\/ImageObject\"  ><div class='avia-image-container-inner'><div class='avia-image-overlay-wrap'><img decoding=\"async\" class='wp-image-35710 avia-img-lazy-loading-not-35710 avia_image' src=\"https:\/\/radiorevelacionfm.cl\/wp-content\/uploads\/2023\/10\/PROYECTOS-FUTUROS-5-1-1.jpg\" alt='' title='PROYECTOS-FUTUROS-5 (1) (1)' height=\"600\" width=\"736\"  itemprop=\"thumbnailUrl\" srcset=\"https:\/\/radiorevelacionfm.cl\/wp-content\/uploads\/2023\/10\/PROYECTOS-FUTUROS-5-1-1.jpg 736w, https:\/\/radiorevelacionfm.cl\/wp-content\/uploads\/2023\/10\/PROYECTOS-FUTUROS-5-1-1-300x245.jpg 300w, https:\/\/radiorevelacionfm.cl\/wp-content\/uploads\/2023\/10\/PROYECTOS-FUTUROS-5-1-1-705x575.jpg 705w, https:\/\/radiorevelacionfm.cl\/wp-content\/uploads\/2023\/10\/PROYECTOS-FUTUROS-5-1-1-450x367.jpg 450w, https:\/\/radiorevelacionfm.cl\/wp-content\/uploads\/2023\/10\/PROYECTOS-FUTUROS-5-1-1-600x489.jpg 600w\" sizes=\"(max-width: 736px) 100vw, 736px\" \/><\/div><\/div><\/div><\/div><div class=\"flex_column av_one_full  flex_column_div av-zero-column-padding first  avia-builder-el-2  el_after_av_one_full  el_before_av_one_full  column-top-margin\" style='border-radius:0px; '><section class=\"av_textblock_section \"  itemscope=\"itemscope\" itemtype=\"https:\/\/schema.org\/BlogPosting\" itemprop=\"blogPost\" ><div class='avia_textblock  '   itemprop=\"text\" ><p style=\"text-align: center;\"><strong><span style=\"font-size: 18pt;\">Seremi del MOP anunci\u00f3 41 licitaciones por 470 mil millones de pesos para el \u00faltimo trimestre de 2023 y a\u00f1o 2024<\/span><\/strong><\/p>\n<div id=\"gtx-trans\" style=\"position: absolute; left: -50px; top: 4.31534px;\">\n<div class=\"gtx-trans-icon\"><\/div>\n<\/div>\n<\/div><\/section><\/div><div class=\"flex_column av_one_full  flex_column_div av-zero-column-padding first  avia-builder-el-4  el_after_av_one_full  el_before_av_hr  column-top-margin\" style='border-radius:0px; '><section class=\"av_textblock_section \"  itemscope=\"itemscope\" itemtype=\"https:\/\/schema.org\/BlogPosting\" itemprop=\"blogPost\" ><div class='avia_textblock  '   itemprop=\"text\" ><p style=\"text-align: justify;\">El Secretario Regional Ministerial de Obras P\u00fablicas Patricio Sanhueza Ulloa junto al Delegado Presidencial Regional Rodrigo Araya Morales y el equipo de Directores Regionales MOP de Ays\u00e9n, en el marco de realizaci\u00f3n de Workshop de Cartera de Proyectos Futuros en dependencias del Ministerio de Obras P\u00fablicas en la ciudad de Santiago, esta ma\u00f1ana anunciaron 41 nuevas licitaciones para realizar el \u00faltimo trimestre de este a\u00f1o y principios del a\u00f1o 2024, con una inversi\u00f3n asociada de 470 mil millones de pesos.<\/p>\n<p style=\"text-align: justify;\">El anuncio que fue muy bien recibido por las m\u00e1s de 45 empresas contratistas que participaron en esta actividad, ten\u00eda como objetivo impulsar entre ellas, las licitaciones de proyectos en este \u00faltimo trimestre y el a\u00f1o 2024 para que participen con propuestas de ofertas en cada una de las licitaciones, las que abarcan una amplia gama de obras en materia de seguridad ciudadana, desastres naturales y emergencia; en integraci\u00f3n territorial, conectividad y movilidad; en desarrollo social cultural y cient\u00edfico y en seguridad h\u00eddrica.<\/p>\n<p style=\"text-align: justify;\">As\u00ed lo detall\u00f3, el SEREMI del MOP, Patricio Sanhueza Ulloa quien destac\u00f3 esta instancia en que el gobierno del presidente Gabriel Boric a trav\u00e9s del Ministerio de Obras P\u00fablicas est\u00e1 entregando nuevas oportunidades a la industria, lo que significar\u00e1 dinamizar y fortalecer la econom\u00eda regional con la entrega a las personas de alrededor de 3000 empleos permanentes en el tiempo y de calidad, mediante la ejecuci\u00f3n de un plan de licitaci\u00f3n de obras que mejorar\u00e1 las condiciones de vida de las familias en la regi\u00f3n de Ays\u00e9n.<\/p>\n<p style=\"text-align: justify;\">\u00a0\u201cComo Ministerio estamos promoviendo todas las obras que pretendemos llamar a licitaci\u00f3n. A nivel regional son 41 nuevos contratos que vamos a llamar a licitaci\u00f3n con una inversi\u00f3n de $470 mil millones presupuestada para el a\u00f1o 2023 y esto se replica los primeros meses del a\u00f1o 2024. Vamos a tener una gran distribuci\u00f3n territorial en donde las comunas de la regi\u00f3n de Ays\u00e9n van a contar con obras v\u00eda la ejecuci\u00f3n de este Plan. Destacamos como relevante la diversidad de estas obras, porque tienen un gran y significativo enfoque en la pavimentaci\u00f3n de la Ruta 7 Sur, as\u00ed como tambi\u00e9n tienen gran participaci\u00f3n los Servicios Sanitarios Rurales que pretendemos ejecutar, y en esta misma l\u00ednea de cumplimiento de los compromisos presidenciales es muy importante para nosotros el llamado a licitaci\u00f3n en los pr\u00f3ximos meses de dos nuevas naves, una complementaria para el lago General Carrera y durante el a\u00f1o 2024 una nueva nave para el lago O\u00b4Higgins. En esta actividad han participado no solamente empresas contratistas incluidas en el Registro de Contratistas de obras mayores -por cuanto son obras mayores las que estamos promoviendo, porque ya lo hicimos con las obras menores- as\u00ed como tambi\u00e9n han participado varios astilleros. Estamos muy contentos de c\u00f3mo se ha desarrollado esta actividad. Hemos podido dar cuenta de las obras, as\u00ed como tambi\u00e9n aclarar dudas en torno a estos procesos\u201d, afirm\u00f3 el SEREMI del MOP de la regi\u00f3n de Ays\u00e9n<\/p>\n<p style=\"text-align: justify;\">A esto se suma, el importante anuncio que realiz\u00f3 la ministra de Obras P\u00fablicas, Jessica L\u00f3pez, quien destac\u00f3 que a nivel nacional el Ministerio licitar\u00e1 m\u00e1s de 550 obras, por alrededor de 1.6 billones de pesos, en los pr\u00f3ximos tres meses. Estas licitaciones son una inversi\u00f3n directa del MOP, a trav\u00e9s de sus direcciones de Vialidad, Obras Hidr\u00e1ulicas, Obras Portuarias, Aeropuertos y Arquitectura, que, se estima, generar\u00e1n 35.000 empleos mensuales a nivel nacional.<\/p>\n<p style=\"text-align: justify;\">\u201cEstas son obras que benefician directamente a las personas. En la cartera de proyectos a licitar hay escuelas, mejoramiento de caminos, construcci\u00f3n de colectores de aguas lluvia, canalizaciones, conservaciones en cuencas, estadios municipales, entre otros\u201d, explic\u00f3 la ministra L\u00f3pez, quien adem\u00e1s agreg\u00f3 que \u201cestas obras mejoran la calidad de vida de las personas y tambi\u00e9n la productividad de nuestro pa\u00eds, en t\u00e9rminos de que vamos a disponer de mejor infraestructura, m\u00e1s habilitante, y eso nos va a permitir hacer las cosas de una mejor manera\u201d.<\/p>\n<p style=\"text-align: justify;\">A nivel regional, el Delegado Presidencial Regional Rodrigo Araya Morales expres\u00f3 la importancia de generar este tipo de acciones para contar con mayor inversi\u00f3n en la regi\u00f3n de Ays\u00e9n, indicando al respecto que \u201cla misi\u00f3n hoy d\u00eda la cumplimos con creces. Tuvimos la participaci\u00f3n de m\u00e1s de 45 empresas que asistieron a esta invitaci\u00f3n que hizo la ministra de Obras P\u00fablicas junto con todo el equipo t\u00e9cnico del Ministerio y el SEREMI de Ays\u00e9n con su equipo de Directores Regionales, para justamente plantearles la tremenda inversi\u00f3n que se viene el \u00faltimo trimestre de este a\u00f1o en obras en todo el pa\u00eds, pero en particular en nuestra regi\u00f3n que son 41 obras y m\u00e1s de 470 mil millones que se van a licitar; pero tambi\u00e9n otras cosas que eran necesarias transmitir a las empresas que tienen que ver con la seguridad de nuestro territorio, la accesibilidad de salud, el impacto en las personas lo que implica la inversi\u00f3n p\u00fablica y quer\u00edamos estimularlos para que se sientan parte del desarrollo de nuestro territorio y tuvimos una muy buena respuesta y participaci\u00f3n, varias dudas y varios temas que se pudieron resolver, as\u00ed que esperamos que siga esta tendencia de que en cada licitaci\u00f3n que realice el Ministerio de Obras P\u00fablicas hayan varios oferentes de los cuales podamos tener de donde elegir de manera muy adecuada, los proyectos que necesitamos en nuestro territorio\u201d.<\/p>\n<p style=\"text-align: justify;\">Todos los proyectos que se est\u00e1n impulsando en las distintas comunas y sectores de la regi\u00f3n, as\u00ed como tambi\u00e9n en sus diversas \u00e1reas de gesti\u00f3n fueron destacados por las empresas constructoras participantes, quienes tambi\u00e9n se\u00f1alaron la importancia de la conectividad e integraci\u00f3n territorial de la regi\u00f3n de Ays\u00e9n, mediante la ejecuci\u00f3n de infraestructura.<\/p>\n<p style=\"text-align: justify;\">Giordi Escorcia Director de Proyectos de la Empresa Inbed indic\u00f3: \u201cMe ha gustado mucho la presentaci\u00f3n de la regi\u00f3n en s\u00ed misma la que ha sido particularmente emocionante, explicando todos los detalles, explicando\u00a0 lo aislado que se encuentra esta regi\u00f3n del resto de Chile, tan cerca y tan lejos a la vez. Con respecto a la Cartera de Proyectos, tambi\u00e9n me ha parecido bien interesante toda la inversi\u00f3n que se va a realizar, particularmente se ha visto como un intento de llegar a una regi\u00f3n hist\u00f3ricamente aislada dentro del mismo Chile. Yo creo que va a ser s\u00faper interesante para los habitantes de la regi\u00f3n, no solamente tener mucha m\u00e1s conectividad, sino tambi\u00e9n saber que el Estado no se olvida de ellos\u201d.<\/p>\n<p style=\"text-align: justify;\">Para Roxana Gil, Gerente de Contratos y planificaci\u00f3n de Obras en la empresa FG Ingenier\u00eda y Construcci\u00f3n que lleva un par de a\u00f1os trabajando en el \u00e1rea de vialidad y arquitectura y con tres contratos en zonas extremas se\u00f1al\u00f3 \u201cyo creo que hace tiempo no ve\u00eda una regi\u00f3n en donde vinieran todas sus autoridades, todos sus directivos que finalmente son los que se tienen que poner de acuerdo para sacar adelante esta Cartera de Proyectos en todos los \u00e1mbitos que hoy vimos junto al Seremi de la regi\u00f3n. Para nosotros es muy importante como contratistas poder ver este tipo de proyectos e iniciativas, obviamente lo que van a hacer es poder dar a las empresas como nosotros la oportunidad de poder generar mayores recursos, por lo tanto generar m\u00e1s empleo y tambi\u00e9n m\u00e1s riqueza para nuestro pa\u00eds, lo que es sumamente importante, as\u00ed que yo agradezco a la regi\u00f3n y a las autoridades que nos dejaron invitados. Est\u00e1n bien interesantes los proyectos, lo que habr\u00eda que actualizar son las ficha de MIDESO con los reajustes, porque el incremento hoy en d\u00eda ha sido m\u00e1s menos del 35% respecto a los valores que se manejaban antes de la pandemia, as\u00ed que los felicito porque tienen una gran cartera de proyectos y estamos encantados de ir a participar\u201d<\/p>\n<p style=\"text-align: justify;\">En tanto, Claudia Pool, representante de la Oficina Bice Arquitectos se\u00f1al\u00f3: \u201cMe parece s\u00faper interesante este empuje que est\u00e1n haciendo, de todas maneras va a generar una sinergia, tanto en infraestructura en desarrollo cultural, desarrollo social, en conectividad que es muy importante, el tema del agua junto con todos los proyectos Hidr\u00e1ulicos de los APR y todas las obras de Arquitectura, que est\u00e1n en ejecuci\u00f3n en este momento y tambi\u00e9n obras de Arquitectura que \u00a0podr\u00edan venir m\u00e1s adelante, con este impulso que se le va a dar a la regi\u00f3n, as\u00ed que s\u00faper agradecida con la invitaci\u00f3n y esperando con ansias que aparezcan m\u00e1s proyectos, m\u00e1s iniciativas, m\u00e1s ejecuci\u00f3n de obras y sobre todo m\u00e1s dise\u00f1os de Arquitectura\u201d.<\/p>\n<\/div><\/section><\/div><div  style='height:50px' class='hr hr-invisible   avia-builder-el-6  el_after_av_one_full  el_before_av_social_share '><span class='hr-inner ' ><span class='hr-inner-style'><\/span><\/span><\/div><\/p>\n<div  class='av-social-sharing-box  avia-builder-el-7  el_after_av_hr  el_before_av_hr  '><div class='av-share-box'><h5 class='av-share-link-description av-no-toc '>Compartir esta noticia<\/h5><ul class='av-share-box-list noLightbox'><li class='av-share-link av-social-link-facebook' ><a target=\"_blank\" aria-label=\"Compartir en Facebook\" href='https:\/\/www.facebook.com\/sharer.php?u=https:\/\/radiorevelacionfm.cl\/?p=35709&#038;t=Seremi%20del%20MOP%20anunci%C3%B3%2041%20licitaciones%20por%20470%20mil%20millones%20de%20pesos%20para%20el%20%C3%BAltimo%20trimestre%20de%202023%20y%20a%C3%B1o%202024' aria-hidden='false' data-av_icon='\ue8f3' data-av_iconfont='entypo-fontello' title='' data-avia-related-tooltip='Compartir en Facebook' rel=\"noopener\"><span class='avia_hidden_link_text'>Compartir en Facebook<\/span><\/a><\/li><li class='av-share-link av-social-link-twitter' ><a target=\"_blank\" aria-label=\"Compartir en Twitter\" href='https:\/\/twitter.com\/share?text=Seremi%20del%20MOP%20anunci%C3%B3%2041%20licitaciones%20por%20470%20mil%20millones%20de%20pesos%20para%20el%20%C3%BAltimo%20trimestre%20de%202023%20y%20a%C3%B1o%202024&#038;url=https:\/\/radiorevelacionfm.cl\/?p=35709' aria-hidden='false' data-av_icon='\ue8f1' data-av_iconfont='entypo-fontello' title='' data-avia-related-tooltip='Compartir en Twitter' rel=\"noopener\"><span class='avia_hidden_link_text'>Compartir en Twitter<\/span><\/a><\/li><li class='av-share-link av-social-link-whatsapp' ><a target=\"_blank\" aria-label=\"Compartir en Whatsapp\" href='https:\/\/api.whatsapp.com\/send?text=https:\/\/radiorevelacionfm.cl\/?p=35709' aria-hidden='false' data-av_icon='\uf232' data-av_iconfont='entypo-fontello' title='' data-avia-related-tooltip='Compartir en Whatsapp' rel=\"noopener\"><span class='avia_hidden_link_text'>Compartir en Whatsapp<\/span><\/a><\/li><li class='av-share-link av-social-link-linkedin' ><a target=\"_blank\" aria-label=\"Compartir en LinkedIn\" href='https:\/\/linkedin.com\/shareArticle?mini=true&#038;title=Seremi%20del%20MOP%20anunci%C3%B3%2041%20licitaciones%20por%20470%20mil%20millones%20de%20pesos%20para%20el%20%C3%BAltimo%20trimestre%20de%202023%20y%20a%C3%B1o%202024&#038;url=https:\/\/radiorevelacionfm.cl\/?p=35709' aria-hidden='false' data-av_icon='\ue8fc' data-av_iconfont='entypo-fontello' title='' data-avia-related-tooltip='Compartir en LinkedIn' rel=\"noopener\"><span class='avia_hidden_link_text'>Compartir en LinkedIn<\/span><\/a><\/li><li class='av-share-link av-social-link-mail' ><a  aria-label=\"Compartir por correo\" href='mailto:?subject=Seremi%20del%20MOP%20anunci%C3%B3%2041%20licitaciones%20por%20470%20mil%20millones%20de%20pesos%20para%20el%20%C3%BAltimo%20trimestre%20de%202023%20y%20a%C3%B1o%202024&#038;body=https:\/\/radiorevelacionfm.cl\/?p=35709' aria-hidden='false' data-av_icon='\ue805' data-av_iconfont='entypo-fontello' title='' data-avia-related-tooltip='Compartir por correo'><span class='avia_hidden_link_text'>Compartir por correo<\/span><\/a><\/li><\/ul><\/div><\/div>\n<div  style='height:50px' class='hr hr-invisible   avia-builder-el-8  el_after_av_social_share  el_before_av_comments_list '><span class='hr-inner ' ><span class='hr-inner-style'><\/span><\/span><\/div>\n<div  class='av-buildercomment  av-blog-meta-html-info-disabled av-blog-meta-tag-disabled  '><\/div>\n","protected":false},"excerpt":{"rendered":"","protected":false},"author":1,"featured_media":35710,"comment_status":"open","ping_status":"open","sticky":false,"template":"","format":"standard","meta":{"footnotes":""},"categories":[38],"tags":[],"class_list":["post-35709","post","type-post","status-publish","format-standard","has-post-thumbnail","hentry","category-regional"],"jetpack_featured_media_url":"https:\/\/radiorevelacionfm.cl\/wp-content\/uploads\/2023\/10\/PROYECTOS-FUTUROS-5-1-1.jpg","_links":{"self":[{"href":"https:\/\/radiorevelacionfm.cl\/index.php?rest_route=\/wp\/v2\/posts\/35709","targetHints":{"allow":["GET"]}}],"collection":[{"href":"https:\/\/radiorevelacionfm.cl\/index.php?rest_route=\/wp\/v2\/posts"}],"about":[{"href":"https:\/\/radiorevelacionfm.cl\/index.php?rest_route=\/wp\/v2\/types\/post"}],"author":[{"embeddable":true,"href":"https:\/\/radiorevelacionfm.cl\/index.php?rest_route=\/wp\/v2\/users\/1"}],"replies":[{"embeddable":true,"href":"https:\/\/radiorevelacionfm.cl\/index.php?rest_route=%2Fwp%2Fv2%2Fcomments&post=35709"}],"version-history":[{"count":1,"href":"https:\/\/radiorevelacionfm.cl\/index.php?rest_route=\/wp\/v2\/posts\/35709\/revisions"}],"predecessor-version":[{"id":35711,"href":"https:\/\/radiorevelacionfm.cl\/index.php?rest_route=\/wp\/v2\/posts\/35709\/revisions\/35711"}],"wp:featuredmedia":[{"embeddable":true,"href":"https:\/\/radiorevelacionfm.cl\/index.php?rest_route=\/wp\/v2\/media\/35710"}],"wp:attachment":[{"href":"https:\/\/radiorevelacionfm.cl\/index.php?rest_route=%2Fwp%2Fv2%2Fmedia&parent=35709"}],"wp:term":[{"taxonomy":"category","embeddable":true,"href":"https:\/\/radiorevelacionfm.cl\/index.php?rest_route=%2Fwp%2Fv2%2Fcategories&post=35709"},{"taxonomy":"post_tag","embeddable":true,"href":"https:\/\/radiorevelacionfm.cl\/index.php?rest_route=%2Fwp%2Fv2%2Ftags&post=35709"}],"curies":[{"name":"wp","href":"https:\/\/api.w.org\/{rel}","templated":true}]}}