{"id":35702,"date":"2023-10-06T20:40:37","date_gmt":"2023-10-06T23:40:37","guid":{"rendered":"https:\/\/radiorevelacionfm.cl\/?p=35702"},"modified":"2023-10-07T02:02:32","modified_gmt":"2023-10-07T05:02:32","slug":"gobierno-entrega-camionetas-y-buggies-todo-terreno-para-reforzar-trabajo-de-carabineros-en-la-region","status":"publish","type":"post","link":"https:\/\/radiorevelacionfm.cl\/?p=35702","title":{"rendered":"Entregan camionetas y buggies todo terreno para reforzar trabajo de Carabineros en la regi\u00f3n"},"content":{"rendered":"<div class=\"flex_column av_one_full  flex_column_div av-zero-column-padding first  avia-builder-el-0  el_before_av_one_full  avia-builder-el-first  \" style='border-radius:0px; '><div  class='avia-image-container  av-styling-    avia-builder-el-1  avia-builder-el-no-sibling  avia-align-center '  itemprop=\"image\" itemscope=\"itemscope\" itemtype=\"https:\/\/schema.org\/ImageObject\"  ><div class='avia-image-container-inner'><div class='avia-image-overlay-wrap'><img decoding=\"async\" class='wp-image-35705 avia-img-lazy-loading-not-35705 avia_image' src=\"https:\/\/radiorevelacionfm.cl\/wp-content\/uploads\/2023\/10\/img_3269-2_optimized.jpg\" alt='' title='img_3269-2_optimized' height=\"600\" width=\"900\"  itemprop=\"thumbnailUrl\" srcset=\"https:\/\/radiorevelacionfm.cl\/wp-content\/uploads\/2023\/10\/img_3269-2_optimized.jpg 900w, https:\/\/radiorevelacionfm.cl\/wp-content\/uploads\/2023\/10\/img_3269-2_optimized-300x200.jpg 300w, https:\/\/radiorevelacionfm.cl\/wp-content\/uploads\/2023\/10\/img_3269-2_optimized-768x512.jpg 768w, https:\/\/radiorevelacionfm.cl\/wp-content\/uploads\/2023\/10\/img_3269-2_optimized-705x470.jpg 705w, https:\/\/radiorevelacionfm.cl\/wp-content\/uploads\/2023\/10\/img_3269-2_optimized-450x300.jpg 450w, https:\/\/radiorevelacionfm.cl\/wp-content\/uploads\/2023\/10\/img_3269-2_optimized-600x400.jpg 600w\" sizes=\"(max-width: 900px) 100vw, 900px\" \/><\/div><\/div><\/div><\/div><div class=\"flex_column av_one_full  flex_column_div av-zero-column-padding first  avia-builder-el-2  el_after_av_one_full  el_before_av_one_full  column-top-margin\" style='border-radius:0px; '><section class=\"av_textblock_section \"  itemscope=\"itemscope\" itemtype=\"https:\/\/schema.org\/BlogPosting\" itemprop=\"blogPost\" ><div class='avia_textblock  '   itemprop=\"text\" ><p style=\"text-align: center;\"><strong><span style=\"font-size: 18pt;\">Entregan camionetas y buggies todo terreno para reforzar trabajo de Carabineros en la regi\u00f3n<\/span><\/strong><\/p>\n<div id=\"gtx-trans\" style=\"position: absolute; left: -50px; top: 4.31534px;\">\n<div class=\"gtx-trans-icon\"><\/div>\n<\/div>\n<\/div><\/section><\/div><div class=\"flex_column av_one_full  flex_column_div av-zero-column-padding first  avia-builder-el-4  el_after_av_one_full  el_before_av_hr  column-top-margin\" style='border-radius:0px; '><section class=\"av_textblock_section \"  itemscope=\"itemscope\" itemtype=\"https:\/\/schema.org\/BlogPosting\" itemprop=\"blogPost\" ><div class='avia_textblock  '   itemprop=\"text\" ><p style=\"font-weight: 400; text-align: justify;\">Seis nuevas patrullas policiales para el servicio en distintas comunas de la regi\u00f3n, entreg\u00f3 el gobierno a Carabineros, durante la ma\u00f1ana del viernes reci\u00e9n pasado, en una ceremonia realizada en Coyhaique y que cont\u00f3 con la participaci\u00f3n del delegado presidencial Rodrigo Araya, la gobernadora regional Andrea Mac\u00edas, el jefe de zona de Carabineros, general Patricio Santos, la coordinadora de Seguridad P\u00fablica Camila Covarrubias, el alcalde de Coyhaique Carlos Gatica, as\u00ed como autoridades regionales y locales, adem\u00e1s de representantes de organizaciones sociales de la comuna.<\/p>\n<p style=\"font-weight: 400; text-align: justify;\">En representaci\u00f3n del Ejecutivo, los veh\u00edculos fueron entregados por el delegado presidencial regional Rodrigo Araya a la m\u00e1xima autoridad de Carabineros en la regi\u00f3n, general Patricio Santos. Este \u00faltimo mencion\u00f3 el efecto que el nuevo material tendr\u00e1 en el trabajo de sus funcionarios en diferentes puntos del territorio regional.<\/p>\n<p style=\"font-weight: 400; text-align: justify;\">\u201cEl impacto se traduce en optimizar los tiempos de respuesta operativos. Mayores capacidades, de la mano de mayores medios de vigilancia, disminuyen los tiempos de respuesta operativos y hacen que seamos capaces de detener a las personas en flagrancia. Semanalmente Carabineros detiene entre 90 y 110 personas y a la fecha llevamos cerca de 3.700 personas detenidas\u201d, explic\u00f3 el uniformado.<\/p>\n<p style=\"font-weight: 400; text-align: justify;\">Las nuevas camionetas corresponden a la marca Ford y el modelo New Ranger, en versi\u00f3n 4&#215;4, para uso policial. Todas se encuentran dotadas con sistemas tecnol\u00f3gicos de \u00faltima generaci\u00f3n, que ir\u00e1n en beneficio de las comunidades de Puerto R\u00edo Tranquilo, Coyhaique Alto, El Blanco y \u00d1irehuao.<\/p>\n<p style=\"font-weight: 400; text-align: justify;\">El delegado Rodrigo Araya destac\u00f3 que estos veh\u00edculos entregados a Carabineros forman parte del proceso de renovaci\u00f3n de material automotriz al que se ha comprometido el Gobierno, se\u00f1alando que en total ser\u00e1n 10 nuevas patrulleras las que se entregar\u00e1n para reforzar la seguridad p\u00fablica en seis comunas de la regi\u00f3n de Ays\u00e9n.<\/p>\n<p style=\"font-weight: 400; text-align: justify;\">\u201cPara nuestro presidente Gabriel Boric la seguridad p\u00fablica es un tema de inter\u00e9s desde el inicio del Gobierno. Se han transferido recursos para resolver aspectos como la reposici\u00f3n del parque automotriz de Carabineros, que ten\u00eda un alto \u00edndice de veh\u00edculos que estaban fuera de funcionamiento y para el 18 de Septiembre nuestro presidente habl\u00f3 de 265 veh\u00edculos nuevos para todo Chile\u201d, mencion\u00f3 la autoridad.<\/p>\n<p style=\"font-weight: 400; text-align: justify;\">Junto a las camionetas entregadas el viernes, se sumaron 2 buggies de la firma canadiense Can-Am, modelo Maverick x3 rs, en versi\u00f3n 4&#215;4, con motor rotax ace turbo, de 200 caballos de fuerza y equipados con tecnolog\u00eda de \u00faltima generaci\u00f3n. Estos todo terreno ser\u00e1n destinados para apoyar el servicio policial y en el resguardo de la soberan\u00eda en los sectores m\u00e1s australes de la regi\u00f3n de Ays\u00e9n, como\u00a0 la Tenencia Hern\u00e1n Merino Correa, Sub Comisar\u00eda Villa O\u2019 Higgins y en el Ret\u00e9n Entrada Baker.<\/p>\n<\/div><\/section><\/div><\/p>\n<div  style='height:50px' class='hr hr-invisible   avia-builder-el-6  el_after_av_one_full  el_before_av_social_share '><span class='hr-inner ' ><span class='hr-inner-style'><\/span><\/span><\/div>\n<div  class='av-social-sharing-box  avia-builder-el-7  el_after_av_hr  el_before_av_hr  '><div class='av-share-box'><h5 class='av-share-link-description av-no-toc '>Compartir esta noticia<\/h5><ul class='av-share-box-list noLightbox'><li class='av-share-link av-social-link-facebook' ><a target=\"_blank\" aria-label=\"Compartir en Facebook\" href='https:\/\/www.facebook.com\/sharer.php?u=https:\/\/radiorevelacionfm.cl\/?p=35702&#038;t=Entregan%20camionetas%20y%20buggies%20todo%20terreno%20para%20reforzar%20trabajo%20de%20Carabineros%20en%20la%20regi%C3%B3n' aria-hidden='false' data-av_icon='\ue8f3' data-av_iconfont='entypo-fontello' title='' data-avia-related-tooltip='Compartir en Facebook' rel=\"noopener\"><span class='avia_hidden_link_text'>Compartir en Facebook<\/span><\/a><\/li><li class='av-share-link av-social-link-twitter' ><a target=\"_blank\" aria-label=\"Compartir en Twitter\" href='https:\/\/twitter.com\/share?text=Entregan%20camionetas%20y%20buggies%20todo%20terreno%20para%20reforzar%20trabajo%20de%20Carabineros%20en%20la%20regi%C3%B3n&#038;url=https:\/\/radiorevelacionfm.cl\/?p=35702' aria-hidden='false' data-av_icon='\ue8f1' data-av_iconfont='entypo-fontello' title='' data-avia-related-tooltip='Compartir en Twitter' rel=\"noopener\"><span class='avia_hidden_link_text'>Compartir en Twitter<\/span><\/a><\/li><li class='av-share-link av-social-link-whatsapp' ><a target=\"_blank\" aria-label=\"Compartir en Whatsapp\" href='https:\/\/api.whatsapp.com\/send?text=https:\/\/radiorevelacionfm.cl\/?p=35702' aria-hidden='false' data-av_icon='\uf232' data-av_iconfont='entypo-fontello' title='' data-avia-related-tooltip='Compartir en Whatsapp' rel=\"noopener\"><span class='avia_hidden_link_text'>Compartir en Whatsapp<\/span><\/a><\/li><li class='av-share-link av-social-link-linkedin' ><a target=\"_blank\" aria-label=\"Compartir en LinkedIn\" href='https:\/\/linkedin.com\/shareArticle?mini=true&#038;title=Entregan%20camionetas%20y%20buggies%20todo%20terreno%20para%20reforzar%20trabajo%20de%20Carabineros%20en%20la%20regi%C3%B3n&#038;url=https:\/\/radiorevelacionfm.cl\/?p=35702' aria-hidden='false' data-av_icon='\ue8fc' data-av_iconfont='entypo-fontello' title='' data-avia-related-tooltip='Compartir en LinkedIn' rel=\"noopener\"><span class='avia_hidden_link_text'>Compartir en LinkedIn<\/span><\/a><\/li><li class='av-share-link av-social-link-mail' ><a  aria-label=\"Compartir por correo\" href='mailto:?subject=Entregan%20camionetas%20y%20buggies%20todo%20terreno%20para%20reforzar%20trabajo%20de%20Carabineros%20en%20la%20regi%C3%B3n&#038;body=https:\/\/radiorevelacionfm.cl\/?p=35702' aria-hidden='false' data-av_icon='\ue805' data-av_iconfont='entypo-fontello' title='' data-avia-related-tooltip='Compartir por correo'><span class='avia_hidden_link_text'>Compartir por correo<\/span><\/a><\/li><\/ul><\/div><\/div>\n<div  style='height:50px' class='hr hr-invisible   avia-builder-el-8  el_after_av_social_share  el_before_av_comments_list '><span class='hr-inner ' ><span class='hr-inner-style'><\/span><\/span><\/div>\n<div  class='av-buildercomment  av-blog-meta-html-info-disabled av-blog-meta-tag-disabled  '><\/div>\n","protected":false},"excerpt":{"rendered":"","protected":false},"author":1,"featured_media":35705,"comment_status":"open","ping_status":"open","sticky":false,"template":"","format":"standard","meta":{"footnotes":""},"categories":[38],"tags":[],"class_list":["post-35702","post","type-post","status-publish","format-standard","has-post-thumbnail","hentry","category-regional"],"jetpack_featured_media_url":"https:\/\/radiorevelacionfm.cl\/wp-content\/uploads\/2023\/10\/img_3269-2_optimized.jpg","_links":{"self":[{"href":"https:\/\/radiorevelacionfm.cl\/index.php?rest_route=\/wp\/v2\/posts\/35702","targetHints":{"allow":["GET"]}}],"collection":[{"href":"https:\/\/radiorevelacionfm.cl\/index.php?rest_route=\/wp\/v2\/posts"}],"about":[{"href":"https:\/\/radiorevelacionfm.cl\/index.php?rest_route=\/wp\/v2\/types\/post"}],"author":[{"embeddable":true,"href":"https:\/\/radiorevelacionfm.cl\/index.php?rest_route=\/wp\/v2\/users\/1"}],"replies":[{"embeddable":true,"href":"https:\/\/radiorevelacionfm.cl\/index.php?rest_route=%2Fwp%2Fv2%2Fcomments&post=35702"}],"version-history":[{"count":3,"href":"https:\/\/radiorevelacionfm.cl\/index.php?rest_route=\/wp\/v2\/posts\/35702\/revisions"}],"predecessor-version":[{"id":35707,"href":"https:\/\/radiorevelacionfm.cl\/index.php?rest_route=\/wp\/v2\/posts\/35702\/revisions\/35707"}],"wp:featuredmedia":[{"embeddable":true,"href":"https:\/\/radiorevelacionfm.cl\/index.php?rest_route=\/wp\/v2\/media\/35705"}],"wp:attachment":[{"href":"https:\/\/radiorevelacionfm.cl\/index.php?rest_route=%2Fwp%2Fv2%2Fmedia&parent=35702"}],"wp:term":[{"taxonomy":"category","embeddable":true,"href":"https:\/\/radiorevelacionfm.cl\/index.php?rest_route=%2Fwp%2Fv2%2Fcategories&post=35702"},{"taxonomy":"post_tag","embeddable":true,"href":"https:\/\/radiorevelacionfm.cl\/index.php?rest_route=%2Fwp%2Fv2%2Ftags&post=35702"}],"curies":[{"name":"wp","href":"https:\/\/api.w.org\/{rel}","templated":true}]}}