{"id":35699,"date":"2023-10-06T19:32:51","date_gmt":"2023-10-06T22:32:51","guid":{"rendered":"https:\/\/radiorevelacionfm.cl\/?p=35699"},"modified":"2023-10-06T19:32:51","modified_gmt":"2023-10-06T22:32:51","slug":"presidente-de-la-republica-respondio-solicitud-de-islas-huichas-con-despliegue-de-gobierno-en-terreno","status":"publish","type":"post","link":"https:\/\/radiorevelacionfm.cl\/?p=35699","title":{"rendered":"Presidente de la rep\u00fablica respondi\u00f3 solicitud de Islas Huichas con despliegue de gobierno en terreno"},"content":{"rendered":"<div class=\"flex_column av_one_full  flex_column_div av-zero-column-padding first  avia-builder-el-0  el_before_av_one_full  avia-builder-el-first  \" style='border-radius:0px; '><div  class='avia-image-container  av-styling-    avia-builder-el-1  avia-builder-el-no-sibling  avia-align-center '  itemprop=\"image\" itemscope=\"itemscope\" itemtype=\"https:\/\/schema.org\/ImageObject\"  ><div class='avia-image-container-inner'><div class='avia-image-overlay-wrap'><img decoding=\"async\" class='wp-image-35700 avia-img-lazy-loading-not-35700 avia_image' src=\"https:\/\/radiorevelacionfm.cl\/wp-content\/uploads\/2023\/10\/IMG_20231002_123918827-1-1.jpg\" alt='' title='IMG_20231002_123918827 (1) (1)' height=\"600\" width=\"800\"  itemprop=\"thumbnailUrl\" srcset=\"https:\/\/radiorevelacionfm.cl\/wp-content\/uploads\/2023\/10\/IMG_20231002_123918827-1-1.jpg 800w, https:\/\/radiorevelacionfm.cl\/wp-content\/uploads\/2023\/10\/IMG_20231002_123918827-1-1-300x225.jpg 300w, https:\/\/radiorevelacionfm.cl\/wp-content\/uploads\/2023\/10\/IMG_20231002_123918827-1-1-768x576.jpg 768w, https:\/\/radiorevelacionfm.cl\/wp-content\/uploads\/2023\/10\/IMG_20231002_123918827-1-1-705x529.jpg 705w, https:\/\/radiorevelacionfm.cl\/wp-content\/uploads\/2023\/10\/IMG_20231002_123918827-1-1-450x338.jpg 450w, https:\/\/radiorevelacionfm.cl\/wp-content\/uploads\/2023\/10\/IMG_20231002_123918827-1-1-600x450.jpg 600w\" sizes=\"(max-width: 800px) 100vw, 800px\" \/><\/div><\/div><\/div><\/div><div class=\"flex_column av_one_full  flex_column_div av-zero-column-padding first  avia-builder-el-2  el_after_av_one_full  el_before_av_one_full  column-top-margin\" style='border-radius:0px; '><section class=\"av_textblock_section \"  itemscope=\"itemscope\" itemtype=\"https:\/\/schema.org\/BlogPosting\" itemprop=\"blogPost\" ><div class='avia_textblock  '   itemprop=\"text\" ><p style=\"text-align: center;\"><span style=\"font-size: 18pt;\"><strong>Presidente de la rep\u00fablica respondi\u00f3 solicitud de Islas Huichas con despliegue de gobierno en terreno<\/strong><\/span><\/p>\n<div id=\"gtx-trans\" style=\"position: absolute; left: -50px; top: 4.31534px;\">\n<div class=\"gtx-trans-icon\"><\/div>\n<\/div>\n<\/div><\/section><\/div><div class=\"flex_column av_one_full  flex_column_div av-zero-column-padding first  avia-builder-el-4  el_after_av_one_full  el_before_av_hr  column-top-margin\" style='border-radius:0px; '><section class=\"av_textblock_section \"  itemscope=\"itemscope\" itemtype=\"https:\/\/schema.org\/BlogPosting\" itemprop=\"blogPost\" ><div class='avia_textblock  '   itemprop=\"text\" ><p style=\"text-align: justify;\">Durante su \u00faltima visita a la Regi\u00f3n de Ays\u00e9n, el Presidente de\u00a0 la Rep\u00fablica, Gabriel Boric recibi\u00f3 a manos de la Comunidad organizada de Islas Huichas, una carta donde se precisaba la necesidad de disponer la\u00a0 atenci\u00f3n y cobertura\u00a0 de un conjunto de servicios p\u00fablicos en su propio territorio, para dar respuesta a las inquietudes, necesidades\u00a0 y proyectos de desarrollo futuro para los habitantes\u00a0 del litoral\u00a0 de Ays\u00e9n.<\/p>\n<p style=\"text-align: justify;\">Fue as\u00ed como se iniciaron las\u00a0 coordinaciones necesarias entre la Delegaci\u00f3n Presidencial Provincial de Ays\u00e9n, a trav\u00e9s del Programa Gobierno en Terreno y los dirigentes de Islas Huichas para dar cumplimiento a esta petici\u00f3n y anhelo de la Comunidad del archipi\u00e9lago.<\/p>\n<p style=\"text-align: justify;\">El despliegue de m\u00e1s de diez servicios p\u00fablicos del Estado,\u00a0\u00a0 se concret\u00f3 recientemente en una\u00a0 \u201cPlaza Ciudadana\u201d, en la localidad de Caleta Andrade,\u00a0 donde los habitantes de esta apartada zona del pa\u00eds pudieron acceder a la oferta p\u00fablica de los servicios, ejecutar tr\u00e1mites y obtener respuesta a sus consultas.<\/p>\n<p style=\"text-align: justify;\">El Presidente de la Junta de Vecinos de Caleta Andrade, Luis Descouvieres, valor\u00f3 la oportuna respuesta del Presidente de la Rep\u00fablica\u00a0 y agradeci\u00f3 las gestiones del Gobierno\u00a0 para\u00a0\u00a0 la organizaci\u00f3n de la actividad en la isla. \u201cPudimos reunirnos hace alg\u00fan tiempo, un grupo de dirigentes sociales\u00a0 y de la pesca artesanal, pertenecientes a Islas Huichas, con el Presidente de la Rep\u00fablica Gabriel Boric, en una asamblea comunitaria realizada en la ciudad de Coyhaique.\u00a0 Hoy, hemos tenido una respuesta concreta a la solicitud que le hici\u00e9ramos, con la visita del Gobierno en Terreno aqu\u00ed en la isla. Tuvimos la oportunidad\u00a0 de recibir y\u00a0 conversar con los diversos servicios p\u00fablicos\u00a0 que se dieron cita en este lugar y esperamos que esta visita se vuelva a repetir en el futuro\u201d, recalc\u00f3.<\/p>\n<p style=\"text-align: justify;\">Por su parte, el Delegado Presidencial Regional de Ays\u00e9n, Rodrigo Araya Morales, quien sostuvo una reuni\u00f3n con dirigentes de la pesca artesanal en Puerto Aguirre\u00a0 y particip\u00f3 de la inauguraci\u00f3n de la Posta Rural de Caleta Andrade,\u00a0 puso \u00e9nfasis en el despliegue del Gobierno en Terreno y la elaboraci\u00f3n de un Plan de Acci\u00f3n que se gest\u00f3 durante la visita para promover el desarrollo\u00a0 de Islas Huichas. \u201cQuiero destacar la muy buena participaci\u00f3n de la comunidad y los servicios p\u00fablicos que se hicieron presentes ac\u00e1 en Islas Huichas. Pudimos elaborar en conjunto un plan de acci\u00f3n que nos permita ordenar las demandas y peticiones de la ciudadan\u00eda y al mismo tiempo, dilucidar e informar respecto a cu\u00e1les son las responsabilidades y competencias de cada servicio p\u00fablico, del municipio o del Gobierno Regional, en cuanto a los aportes y participaci\u00f3n\u00a0 que puedan tener en cada \u00e1rea\u201d, detall\u00f3.<\/p>\n<p style=\"text-align: justify;\">En tanto, el Delegado Presidencial Provincial de Ays\u00e9n, Jorge D\u00edaz Guzm\u00e1n, se manifest\u00f3 muy conforme con la respuesta de la comunidad y los dirigentes del sector, respecto al plan de trabajo futuro que se gest\u00f3 a partir de esta visita a la isla.\u00a0\u00a0 \u201cTal como nos ha mandatado el Presidente de la Rep\u00fablica Gabriel Boric, debemos llegar con los servicios p\u00fablicos de gobierno a todos los lugares del pa\u00eds, independientemente de lugar donde \u00e9stos se ubiquen. Y es as\u00ed como hemos concretado este despliegue de trabajo en Islas Huichas, donde muchos vecinos del sector estuvieron requiriendo informaci\u00f3n y haciendo tr\u00e1mites, en\u00a0 materia social, productiva y pesquero artesanal, entre otras materias.\u00a0 Algo muy significativo para la comunidad fue tambi\u00e9n la inauguraci\u00f3n de la Posta Rural de Caleta Andrade,\u00a0 mediante la cual los vecinos podr\u00e1n acceder a una mejor atenci\u00f3n de salud, con infraestructura de primer nivel y mayor cobertura de sus necesidades\u201d, acot\u00f3.<\/p>\n<p style=\"text-align: justify;\">\u00a0 Hasta la \u201cPlaza Ciudadana\u201d de \u00a0lslas Huichas se desplazaron, en esta oportunidad,\u00a0 los servicios de Transportes y Telecomunicaciones, SERNAPESCA, SUBPESCA, Seremi de Econom\u00eda, SERNATUR, Bienes Nacionales, Servicio de Salud, Seremi de Salud, Obras Hidr\u00e1ulicas del MOP, la Armada de Chile, Gobierno Regional de Ays\u00e9n y la Delegaci\u00f3n Presidencial Provincial de Ays\u00e9n.<\/p>\n<\/div><\/section><\/div><div  style='height:50px' class='hr hr-invisible   avia-builder-el-6  el_after_av_one_full  el_before_av_social_share '><span class='hr-inner ' ><span class='hr-inner-style'><\/span><\/span><\/div><\/p>\n<div  class='av-social-sharing-box  avia-builder-el-7  el_after_av_hr  el_before_av_hr  '><div class='av-share-box'><h5 class='av-share-link-description av-no-toc '>Compartir esta noticia<\/h5><ul class='av-share-box-list noLightbox'><li class='av-share-link av-social-link-facebook' ><a target=\"_blank\" aria-label=\"Compartir en Facebook\" href='https:\/\/www.facebook.com\/sharer.php?u=https:\/\/radiorevelacionfm.cl\/?p=35699&#038;t=Presidente%20de%20la%20rep%C3%BAblica%20respondi%C3%B3%20solicitud%20de%20Islas%20Huichas%20con%20despliegue%20de%20gobierno%20en%20terreno' aria-hidden='false' data-av_icon='\ue8f3' data-av_iconfont='entypo-fontello' title='' data-avia-related-tooltip='Compartir en Facebook' rel=\"noopener\"><span class='avia_hidden_link_text'>Compartir en Facebook<\/span><\/a><\/li><li class='av-share-link av-social-link-twitter' ><a target=\"_blank\" aria-label=\"Compartir en Twitter\" href='https:\/\/twitter.com\/share?text=Presidente%20de%20la%20rep%C3%BAblica%20respondi%C3%B3%20solicitud%20de%20Islas%20Huichas%20con%20despliegue%20de%20gobierno%20en%20terreno&#038;url=https:\/\/radiorevelacionfm.cl\/?p=35699' aria-hidden='false' data-av_icon='\ue8f1' data-av_iconfont='entypo-fontello' title='' data-avia-related-tooltip='Compartir en Twitter' rel=\"noopener\"><span class='avia_hidden_link_text'>Compartir en Twitter<\/span><\/a><\/li><li class='av-share-link av-social-link-whatsapp' ><a target=\"_blank\" aria-label=\"Compartir en Whatsapp\" href='https:\/\/api.whatsapp.com\/send?text=https:\/\/radiorevelacionfm.cl\/?p=35699' aria-hidden='false' data-av_icon='\uf232' data-av_iconfont='entypo-fontello' title='' data-avia-related-tooltip='Compartir en Whatsapp' rel=\"noopener\"><span class='avia_hidden_link_text'>Compartir en Whatsapp<\/span><\/a><\/li><li class='av-share-link av-social-link-linkedin' ><a target=\"_blank\" aria-label=\"Compartir en LinkedIn\" href='https:\/\/linkedin.com\/shareArticle?mini=true&#038;title=Presidente%20de%20la%20rep%C3%BAblica%20respondi%C3%B3%20solicitud%20de%20Islas%20Huichas%20con%20despliegue%20de%20gobierno%20en%20terreno&#038;url=https:\/\/radiorevelacionfm.cl\/?p=35699' aria-hidden='false' data-av_icon='\ue8fc' data-av_iconfont='entypo-fontello' title='' data-avia-related-tooltip='Compartir en LinkedIn' rel=\"noopener\"><span class='avia_hidden_link_text'>Compartir en LinkedIn<\/span><\/a><\/li><li class='av-share-link av-social-link-mail' ><a  aria-label=\"Compartir por correo\" href='mailto:?subject=Presidente%20de%20la%20rep%C3%BAblica%20respondi%C3%B3%20solicitud%20de%20Islas%20Huichas%20con%20despliegue%20de%20gobierno%20en%20terreno&#038;body=https:\/\/radiorevelacionfm.cl\/?p=35699' aria-hidden='false' data-av_icon='\ue805' data-av_iconfont='entypo-fontello' title='' data-avia-related-tooltip='Compartir por correo'><span class='avia_hidden_link_text'>Compartir por correo<\/span><\/a><\/li><\/ul><\/div><\/div>\n<div  style='height:50px' class='hr hr-invisible   avia-builder-el-8  el_after_av_social_share  el_before_av_comments_list '><span class='hr-inner ' ><span class='hr-inner-style'><\/span><\/span><\/div>\n<div  class='av-buildercomment  av-blog-meta-html-info-disabled av-blog-meta-tag-disabled  '><\/div>\n","protected":false},"excerpt":{"rendered":"","protected":false},"author":1,"featured_media":35700,"comment_status":"open","ping_status":"open","sticky":false,"template":"","format":"standard","meta":{"footnotes":""},"categories":[35],"tags":[],"class_list":["post-35699","post","type-post","status-publish","format-standard","has-post-thumbnail","hentry","category-politica"],"jetpack_featured_media_url":"https:\/\/radiorevelacionfm.cl\/wp-content\/uploads\/2023\/10\/IMG_20231002_123918827-1-1.jpg","_links":{"self":[{"href":"https:\/\/radiorevelacionfm.cl\/index.php?rest_route=\/wp\/v2\/posts\/35699","targetHints":{"allow":["GET"]}}],"collection":[{"href":"https:\/\/radiorevelacionfm.cl\/index.php?rest_route=\/wp\/v2\/posts"}],"about":[{"href":"https:\/\/radiorevelacionfm.cl\/index.php?rest_route=\/wp\/v2\/types\/post"}],"author":[{"embeddable":true,"href":"https:\/\/radiorevelacionfm.cl\/index.php?rest_route=\/wp\/v2\/users\/1"}],"replies":[{"embeddable":true,"href":"https:\/\/radiorevelacionfm.cl\/index.php?rest_route=%2Fwp%2Fv2%2Fcomments&post=35699"}],"version-history":[{"count":1,"href":"https:\/\/radiorevelacionfm.cl\/index.php?rest_route=\/wp\/v2\/posts\/35699\/revisions"}],"predecessor-version":[{"id":35701,"href":"https:\/\/radiorevelacionfm.cl\/index.php?rest_route=\/wp\/v2\/posts\/35699\/revisions\/35701"}],"wp:featuredmedia":[{"embeddable":true,"href":"https:\/\/radiorevelacionfm.cl\/index.php?rest_route=\/wp\/v2\/media\/35700"}],"wp:attachment":[{"href":"https:\/\/radiorevelacionfm.cl\/index.php?rest_route=%2Fwp%2Fv2%2Fmedia&parent=35699"}],"wp:term":[{"taxonomy":"category","embeddable":true,"href":"https:\/\/radiorevelacionfm.cl\/index.php?rest_route=%2Fwp%2Fv2%2Fcategories&post=35699"},{"taxonomy":"post_tag","embeddable":true,"href":"https:\/\/radiorevelacionfm.cl\/index.php?rest_route=%2Fwp%2Fv2%2Ftags&post=35699"}],"curies":[{"name":"wp","href":"https:\/\/api.w.org\/{rel}","templated":true}]}}