{"id":35696,"date":"2023-10-06T18:49:34","date_gmt":"2023-10-06T21:49:34","guid":{"rendered":"https:\/\/radiorevelacionfm.cl\/?p=35696"},"modified":"2023-10-06T18:49:34","modified_gmt":"2023-10-06T21:49:34","slug":"sandoval-por-rol-de-industria-salmonera-en-aysen-y-postura-del-gobierno-el-problema-radica-en-la-mirada-que-nosotros-tenemos-del-territorio","status":"publish","type":"post","link":"https:\/\/radiorevelacionfm.cl\/?p=35696","title":{"rendered":"Sandoval por rol de industria salmonera en Ays\u00e9n y postura del Gobierno:  \u201cEl problema radica en la mirada que nosotros tenemos del territorio\u201d"},"content":{"rendered":"<div class=\"flex_column av_one_full  flex_column_div av-zero-column-padding first  avia-builder-el-0  el_before_av_one_full  avia-builder-el-first  \" style='border-radius:0px; '><div  class='avia-image-container  av-styling-    avia-builder-el-1  avia-builder-el-no-sibling  avia-align-center '  itemprop=\"image\" itemscope=\"itemscope\" itemtype=\"https:\/\/schema.org\/ImageObject\"  ><div class='avia-image-container-inner'><div class='avia-image-overlay-wrap'><img decoding=\"async\" class='wp-image-35697 avia-img-lazy-loading-not-35697 avia_image' src=\"https:\/\/radiorevelacionfm.cl\/wp-content\/uploads\/2023\/10\/FOTO-2-25-1-1.jpg\" alt='' title='FOTO 2 (25) (1) (1)' height=\"600\" width=\"900\"  itemprop=\"thumbnailUrl\" srcset=\"https:\/\/radiorevelacionfm.cl\/wp-content\/uploads\/2023\/10\/FOTO-2-25-1-1.jpg 900w, https:\/\/radiorevelacionfm.cl\/wp-content\/uploads\/2023\/10\/FOTO-2-25-1-1-300x200.jpg 300w, https:\/\/radiorevelacionfm.cl\/wp-content\/uploads\/2023\/10\/FOTO-2-25-1-1-768x512.jpg 768w, https:\/\/radiorevelacionfm.cl\/wp-content\/uploads\/2023\/10\/FOTO-2-25-1-1-705x470.jpg 705w, https:\/\/radiorevelacionfm.cl\/wp-content\/uploads\/2023\/10\/FOTO-2-25-1-1-450x300.jpg 450w, https:\/\/radiorevelacionfm.cl\/wp-content\/uploads\/2023\/10\/FOTO-2-25-1-1-600x400.jpg 600w\" sizes=\"(max-width: 900px) 100vw, 900px\" \/><\/div><\/div><\/div><\/div><div class=\"flex_column av_one_full  flex_column_div av-zero-column-padding first  avia-builder-el-2  el_after_av_one_full  el_before_av_one_full  column-top-margin\" style='border-radius:0px; '><section class=\"av_textblock_section \"  itemscope=\"itemscope\" itemtype=\"https:\/\/schema.org\/BlogPosting\" itemprop=\"blogPost\" ><div class='avia_textblock  '   itemprop=\"text\" ><p style=\"text-align: center;\"><span style=\"font-size: 18pt;\"><strong>Sandoval por rol de industria salmonera en Ays\u00e9n y postura del Gobierno: <\/strong><strong>\u201cEl problema radica en la mirada que nosotros tenemos del territorio\u201d<\/strong><\/span><\/p>\n<div id=\"gtx-trans\" style=\"position: absolute; left: -50px; top: 4.31534px;\">\n<div class=\"gtx-trans-icon\"><\/div>\n<\/div>\n<\/div><\/section><\/div><div class=\"flex_column av_one_full  flex_column_div av-zero-column-padding first  avia-builder-el-4  el_after_av_one_full  el_before_av_hr  column-top-margin\" style='border-radius:0px; '><section class=\"av_textblock_section \"  itemscope=\"itemscope\" itemtype=\"https:\/\/schema.org\/BlogPosting\" itemprop=\"blogPost\" ><div class='avia_textblock  '   itemprop=\"text\" ><p style=\"text-align: justify;\">\u201cEl problema radica en la mirada que nosotros tenemos del territorio\u201d. As\u00ed lo se\u00f1al\u00f3 el senador David Sandoval en la comisi\u00f3n de Pesca del Senado, instancia que recibi\u00f3 la exposici\u00f3n de la ministra de Medioambiente, Maisa Rojas, a fin de conocer la postura del Gobierno sobre el rol de la industria salmonera en la zona sur austral de nuestro pa\u00eds y el alcance del oficio remitido a distintos ministerios sobre c\u00f3mo procede la aplicaci\u00f3n de la ley 21.600 que crea el nuevo Servicio de Biodiversidad y \u00c1reas Protegidas (SBAP).<\/p>\n<p style=\"text-align: justify;\">En su intervenci\u00f3n, Sandoval dijo que aqu\u00ed \u201cno hay ninguna batalla ganada o perdida\u201d, refiri\u00e9ndose al tr\u00e1mite de la nueva ley SBAP, sino que por el contrario \u201chay urgencia de generar un desarrollo que sea inteligente, que cumpla con las formalidades\u201d, enfatizando que en ello se tienen que considerar \u201clas vocaciones productivas que tienen las regiones, que en la zona sur austral es la industria de la pesca en general\u201d.<\/p>\n<p style=\"text-align: justify;\">Al respecto, record\u00f3 que el propio presidente de la Rep\u00fablica, Gabriel Boric, ha se\u00f1alado una posici\u00f3n cr\u00edtica respecto de la industria salmonera, lo que \u201cno podemos negar porque est\u00e1 en la prensa, lo ha dicho en todos lados, partiendo desde Magallanes\u201d, declaraciones que su juicio tienen \u201cun impacto significativo, porque cuando se plantea desde la primera magistratura del pa\u00eds posiciones de esa naturaleza, eso genera un efecto domin\u00f3 que evidentemente influye\u201d.<\/p>\n<p style=\"text-align: justify;\">En esa l\u00ednea, el parlamentario afirm\u00f3 que \u201cla regi\u00f3n de Ays\u00e9n ya no quiere m\u00e1s parques, sino que un desarrollo efectivo\u201d, recordando que m\u00e1s del 80% del territorio est\u00e1 compuesto por parques, reservas y tierras fiscales y considerando los problemas que tiene la zona, entre ellas, la falta de generaci\u00f3n de actividad econ\u00f3mica. \u201cTenemos que hacernos cargo de esta realidad\u201d, enfatiz\u00f3.<\/p>\n<p style=\"text-align: justify;\">Por lo mismo, subray\u00f3 que hay que tener la capacidad de compatibilizar las exigencias ambientales con la actividad econ\u00f3mica, considerando que Chile proyecta un cero por ciento de crecimiento para este a\u00f1o, m\u00e1s una desocupaci\u00f3n del 9%. \u201cLa regi\u00f3n no quiere transformarse en un basurero de restos salmoneros ni que arrasemos con nuestros bosques ni con las cosas que tenemos y nuestra regi\u00f3n tiene especial preocupaci\u00f3n por el tema ambiental. (Pero) nadie va a invertir si no hay seguridad ni estabilidad en ciertas cosas\u201d, indic\u00f3.<\/p>\n<p style=\"text-align: justify;\">\u201cLa gente de la regi\u00f3n dice por qu\u00e9 tenemos que mirar el desarrollo desde afuera si ni siquiera tenemos un camino con el resto de Chile\u201d, agreg\u00f3, profundizando en que \u201cqueremos un desarrollo real, posible y efectivo, donde nuestras capacidades se lleven adelante. Tenemos enorme vocaci\u00f3n en muchas \u00e1reas, pero no son suficientes para sostener todo el desarrollo en la regi\u00f3n de Ays\u00e9n\u201d.<\/p>\n<p style=\"text-align: justify;\">Cabe se\u00f1alar que en la jornada tambi\u00e9n intervinieron dirigentes vinculados al mundo acu\u00edcola en Ays\u00e9n, entre ellos, el presidente de la cooperativa de trabajadores de la empresa Friosur, Mariano Villa, el presidente del sindicato de la empresa MOWI, Abraham Abad y el vicepresidente de ACUIPROV, Honorino Angulo.<\/p>\n<\/div><\/section><\/div><div  style='height:50px' class='hr hr-invisible   avia-builder-el-6  el_after_av_one_full  el_before_av_social_share '><span class='hr-inner ' ><span class='hr-inner-style'><\/span><\/span><\/div><\/p>\n<div  class='av-social-sharing-box  avia-builder-el-7  el_after_av_hr  el_before_av_hr  '><div class='av-share-box'><h5 class='av-share-link-description av-no-toc '>Compartir esta noticia<\/h5><ul class='av-share-box-list noLightbox'><li class='av-share-link av-social-link-facebook' ><a target=\"_blank\" aria-label=\"Compartir en Facebook\" href='https:\/\/www.facebook.com\/sharer.php?u=https:\/\/radiorevelacionfm.cl\/?p=35696&#038;t=Sandoval%20por%20rol%20de%20industria%20salmonera%20en%20Ays%C3%A9n%20y%20postura%20del%20Gobierno%3A%20%20%E2%80%9CEl%20problema%20radica%20en%20la%20mirada%20que%20nosotros%20tenemos%20del%20territorio%E2%80%9D' aria-hidden='false' data-av_icon='\ue8f3' data-av_iconfont='entypo-fontello' title='' data-avia-related-tooltip='Compartir en Facebook' rel=\"noopener\"><span class='avia_hidden_link_text'>Compartir en Facebook<\/span><\/a><\/li><li class='av-share-link av-social-link-twitter' ><a target=\"_blank\" aria-label=\"Compartir en Twitter\" href='https:\/\/twitter.com\/share?text=Sandoval%20por%20rol%20de%20industria%20salmonera%20en%20Ays%C3%A9n%20y%20postura%20del%20Gobierno%3A%20%20%E2%80%9CEl%20problema%20radica%20en%20la%20mirada%20que%20nosotros%20tenemos%20del%20territorio%E2%80%9D&#038;url=https:\/\/radiorevelacionfm.cl\/?p=35696' aria-hidden='false' data-av_icon='\ue8f1' data-av_iconfont='entypo-fontello' title='' data-avia-related-tooltip='Compartir en Twitter' rel=\"noopener\"><span class='avia_hidden_link_text'>Compartir en Twitter<\/span><\/a><\/li><li class='av-share-link av-social-link-whatsapp' ><a target=\"_blank\" aria-label=\"Compartir en Whatsapp\" href='https:\/\/api.whatsapp.com\/send?text=https:\/\/radiorevelacionfm.cl\/?p=35696' aria-hidden='false' data-av_icon='\uf232' data-av_iconfont='entypo-fontello' title='' data-avia-related-tooltip='Compartir en Whatsapp' rel=\"noopener\"><span class='avia_hidden_link_text'>Compartir en Whatsapp<\/span><\/a><\/li><li class='av-share-link av-social-link-linkedin' ><a target=\"_blank\" aria-label=\"Compartir en LinkedIn\" href='https:\/\/linkedin.com\/shareArticle?mini=true&#038;title=Sandoval%20por%20rol%20de%20industria%20salmonera%20en%20Ays%C3%A9n%20y%20postura%20del%20Gobierno%3A%20%20%E2%80%9CEl%20problema%20radica%20en%20la%20mirada%20que%20nosotros%20tenemos%20del%20territorio%E2%80%9D&#038;url=https:\/\/radiorevelacionfm.cl\/?p=35696' aria-hidden='false' data-av_icon='\ue8fc' data-av_iconfont='entypo-fontello' title='' data-avia-related-tooltip='Compartir en LinkedIn' rel=\"noopener\"><span class='avia_hidden_link_text'>Compartir en LinkedIn<\/span><\/a><\/li><li class='av-share-link av-social-link-mail' ><a  aria-label=\"Compartir por correo\" href='mailto:?subject=Sandoval%20por%20rol%20de%20industria%20salmonera%20en%20Ays%C3%A9n%20y%20postura%20del%20Gobierno%3A%20%20%E2%80%9CEl%20problema%20radica%20en%20la%20mirada%20que%20nosotros%20tenemos%20del%20territorio%E2%80%9D&#038;body=https:\/\/radiorevelacionfm.cl\/?p=35696' aria-hidden='false' data-av_icon='\ue805' data-av_iconfont='entypo-fontello' title='' data-avia-related-tooltip='Compartir por correo'><span class='avia_hidden_link_text'>Compartir por correo<\/span><\/a><\/li><\/ul><\/div><\/div>\n<div  style='height:50px' class='hr hr-invisible   avia-builder-el-8  el_after_av_social_share  el_before_av_comments_list '><span class='hr-inner ' ><span class='hr-inner-style'><\/span><\/span><\/div>\n<div  class='av-buildercomment  av-blog-meta-html-info-disabled av-blog-meta-tag-disabled  '><\/div>\n","protected":false},"excerpt":{"rendered":"","protected":false},"author":1,"featured_media":35697,"comment_status":"open","ping_status":"open","sticky":false,"template":"","format":"standard","meta":{"footnotes":""},"categories":[35],"tags":[],"class_list":["post-35696","post","type-post","status-publish","format-standard","has-post-thumbnail","hentry","category-politica"],"jetpack_featured_media_url":"https:\/\/radiorevelacionfm.cl\/wp-content\/uploads\/2023\/10\/FOTO-2-25-1-1.jpg","_links":{"self":[{"href":"https:\/\/radiorevelacionfm.cl\/index.php?rest_route=\/wp\/v2\/posts\/35696","targetHints":{"allow":["GET"]}}],"collection":[{"href":"https:\/\/radiorevelacionfm.cl\/index.php?rest_route=\/wp\/v2\/posts"}],"about":[{"href":"https:\/\/radiorevelacionfm.cl\/index.php?rest_route=\/wp\/v2\/types\/post"}],"author":[{"embeddable":true,"href":"https:\/\/radiorevelacionfm.cl\/index.php?rest_route=\/wp\/v2\/users\/1"}],"replies":[{"embeddable":true,"href":"https:\/\/radiorevelacionfm.cl\/index.php?rest_route=%2Fwp%2Fv2%2Fcomments&post=35696"}],"version-history":[{"count":1,"href":"https:\/\/radiorevelacionfm.cl\/index.php?rest_route=\/wp\/v2\/posts\/35696\/revisions"}],"predecessor-version":[{"id":35698,"href":"https:\/\/radiorevelacionfm.cl\/index.php?rest_route=\/wp\/v2\/posts\/35696\/revisions\/35698"}],"wp:featuredmedia":[{"embeddable":true,"href":"https:\/\/radiorevelacionfm.cl\/index.php?rest_route=\/wp\/v2\/media\/35697"}],"wp:attachment":[{"href":"https:\/\/radiorevelacionfm.cl\/index.php?rest_route=%2Fwp%2Fv2%2Fmedia&parent=35696"}],"wp:term":[{"taxonomy":"category","embeddable":true,"href":"https:\/\/radiorevelacionfm.cl\/index.php?rest_route=%2Fwp%2Fv2%2Fcategories&post=35696"},{"taxonomy":"post_tag","embeddable":true,"href":"https:\/\/radiorevelacionfm.cl\/index.php?rest_route=%2Fwp%2Fv2%2Ftags&post=35696"}],"curies":[{"name":"wp","href":"https:\/\/api.w.org\/{rel}","templated":true}]}}