{"id":35690,"date":"2023-10-08T11:23:28","date_gmt":"2023-10-08T14:23:28","guid":{"rendered":"https:\/\/radiorevelacionfm.cl\/?p=35690"},"modified":"2023-10-08T21:44:56","modified_gmt":"2023-10-09T00:44:56","slug":"empresas-bahamonde-entrego-vermicomposteras-en-jardines-infantiles-de-puerto-aysen-para-fomentar-el-cuidado-ambiental","status":"publish","type":"post","link":"https:\/\/radiorevelacionfm.cl\/?p=35690","title":{"rendered":"Entregan vermicomposteras en Jardines Infantiles de Puerto Ays\u00e9n para fomentar el cuidado ambiental"},"content":{"rendered":"<div class=\"flex_column av_one_full  flex_column_div av-zero-column-padding first  avia-builder-el-0  el_before_av_one_full  avia-builder-el-first  \" style='border-radius:0px; '><div  class='avia-image-container  av-styling-    avia-builder-el-1  avia-builder-el-no-sibling  avia-align-center '  itemprop=\"image\" itemscope=\"itemscope\" itemtype=\"https:\/\/schema.org\/ImageObject\"  ><div class='avia-image-container-inner'><div class='avia-image-overlay-wrap'><img decoding=\"async\" class='wp-image-35691 avia-img-lazy-loading-not-35691 avia_image' src=\"https:\/\/radiorevelacionfm.cl\/wp-content\/uploads\/2023\/10\/img-vermi-bh1-1-1.jpg\" alt='' title='img-vermi-bh1 (1) (1)' height=\"600\" width=\"800\"  itemprop=\"thumbnailUrl\" srcset=\"https:\/\/radiorevelacionfm.cl\/wp-content\/uploads\/2023\/10\/img-vermi-bh1-1-1.jpg 800w, https:\/\/radiorevelacionfm.cl\/wp-content\/uploads\/2023\/10\/img-vermi-bh1-1-1-300x225.jpg 300w, https:\/\/radiorevelacionfm.cl\/wp-content\/uploads\/2023\/10\/img-vermi-bh1-1-1-768x576.jpg 768w, https:\/\/radiorevelacionfm.cl\/wp-content\/uploads\/2023\/10\/img-vermi-bh1-1-1-705x529.jpg 705w, https:\/\/radiorevelacionfm.cl\/wp-content\/uploads\/2023\/10\/img-vermi-bh1-1-1-450x338.jpg 450w, https:\/\/radiorevelacionfm.cl\/wp-content\/uploads\/2023\/10\/img-vermi-bh1-1-1-600x450.jpg 600w\" sizes=\"(max-width: 800px) 100vw, 800px\" \/><\/div><\/div><\/div><\/div>\n<div class=\"flex_column av_one_full  flex_column_div av-zero-column-padding first  avia-builder-el-2  el_after_av_one_full  el_before_av_one_full  column-top-margin\" style='border-radius:0px; '><section class=\"av_textblock_section \"  itemscope=\"itemscope\" itemtype=\"https:\/\/schema.org\/BlogPosting\" itemprop=\"blogPost\" ><div class='avia_textblock  '   itemprop=\"text\" ><p style=\"text-align: center;\"><strong><span style=\"font-size: 18pt;\">Entregan vermicomposteras en Jardines Infantiles de Puerto Ays\u00e9n para fomentar el cuidado ambiental<\/span><\/strong><\/p>\n<div id=\"gtx-trans\" style=\"position: absolute; left: -50px; top: 4.31534px;\">\n<div class=\"gtx-trans-icon\"><\/div>\n<\/div>\n<\/div><\/section><\/div><div class=\"flex_column av_one_full  flex_column_div av-zero-column-padding first  avia-builder-el-4  el_after_av_one_full  el_before_av_hr  column-top-margin\" style='border-radius:0px; '><section class=\"av_textblock_section \"  itemscope=\"itemscope\" itemtype=\"https:\/\/schema.org\/BlogPosting\" itemprop=\"blogPost\" ><div class='avia_textblock  '   itemprop=\"text\" ><p style=\"text-align: justify;\">Con el objetivo de fomentar en la comunidad de Ays\u00e9n un avance concreto para el cuidado del patrimonio natural, as\u00ed como tambi\u00e9n, incentivar al autoconsumo de alimentos. Empresas Bahamonde, est\u00e1 ejecutando la entrega de vermicomposteras en distintos establecimientos educacionales de la comuna porte\u00f1a. Previamente las profesionales de la educaci\u00f3n han tenido una capacitaci\u00f3n para el uso de estos instrumentos y as\u00ed generar mejoras en huertos con el aporte de lombrices californianas provenientes del proyecto pionero de Relleno Sanitario que posee la ic\u00f3nica industria local.<\/p>\n<p style=\"text-align: justify;\">En este sentido, el jefe de proyectos de Empresas Bahamonde, Diego D\u00edaz, explic\u00f3 las actividades agradeciendo a los Jardines Infantiles Capullito de Calafate y Lobito Feroz, quienes se encuentran fomentando componentes ambientales en edades tempranas. \u201cEstamos muy agradecidos, muy buena recepci\u00f3n y tambi\u00e9n muy felices con el trabajo que ellos est\u00e1n realizando por su cuenta y por supuesto que es grato colaborar.\u201d Con ello, D\u00edaz, agreg\u00f3 que esperan regalar vermicomposteras en otros establecimientos en el Ciclo de visitas que se est\u00e1 generando a la Planta de Reciclaje como tambi\u00e9n al Relleno Sanitario, lugar en el cual se efect\u00faa un vermicompostaje a gran escala.<\/p>\n<p style=\"text-align: justify;\">Por su parte, la directora del Jard\u00edn Infantil Lobito Feroz, Andrea G\u00f3mez, relat\u00f3 lo efectuado junto a la empresa aysenina tras la capacitaci\u00f3n en vermicompostaje a la totalidad de las funcionarias y algunas familias. \u201cPor lo tanto, esto viene a reforzar todo ese trabajo y todas esas capacitaciones que tambi\u00e9n tenemos como funcionarios y como equipo educativo y la compostera y la vermicompostera va a ser realmente de aprendizaje para los ni\u00f1os y ni\u00f1as, ya que estar\u00e1 ubicada en el invernadero del jard\u00edn infantil. Es as\u00ed como los mismos ni\u00f1os y ni\u00f1as van a poder hacer uso y ver todo el proceso que genera\u201d.<\/p>\n<p style=\"text-align: justify;\">En tanto, su hom\u00f3loga en el Jard\u00edn infantil Capullitos de Calafate, Paola Barrera declar\u00f3 el trabajo que llevan junto a Empresas Bahamonde desde un vasto tiempo, ya que, existe un apoyo al Sello del establecimiento. \u201cA ra\u00edz de eso, la comunicaci\u00f3n que se tiene es estable para dar curso a todas las experiencias y actividades que se realizan con los ni\u00f1os y ni\u00f1as dentro del jard\u00edn, con la familia y tambi\u00e9n fuera del jard\u00edn. El invernadero pretendemos tenerlo listo a fin de a\u00f1o para poder dar uso a la vermicompostera\u201d.<\/p>\n<p style=\"text-align: justify;\">Finalmente, desde Empresas Bahamonde recalcaron que este trabajo de vermipostaje as\u00ed como tambi\u00e9n, otras acciones de colaboraci\u00f3n pueden ser abordadas en los correos electr\u00f3nicos <a href=\"mailto:grodriguez@empresasbahamonde.cl\">grodriguez@empresasbahamonde.cl<\/a> o <a href=\"mailto:cfontanilla@empresasbahamonde.cl\">cfontanilla@empresasbahamonde.cl<\/a><\/p>\n<\/div><\/section><\/div><\/p>\n<div  style='height:50px' class='hr hr-invisible   avia-builder-el-6  el_after_av_one_full  el_before_av_social_share '><span class='hr-inner ' ><span class='hr-inner-style'><\/span><\/span><\/div>\n<div  class='av-social-sharing-box  avia-builder-el-7  el_after_av_hr  el_before_av_hr  '><div class='av-share-box'><h5 class='av-share-link-description av-no-toc '>Compartir esta noticia<\/h5><ul class='av-share-box-list noLightbox'><li class='av-share-link av-social-link-facebook' ><a target=\"_blank\" aria-label=\"Compartir en Facebook\" href='https:\/\/www.facebook.com\/sharer.php?u=https:\/\/radiorevelacionfm.cl\/?p=35690&#038;t=Entregan%20vermicomposteras%20en%20Jardines%20Infantiles%20de%20Puerto%20Ays%C3%A9n%20para%20fomentar%20el%20cuidado%20ambiental' aria-hidden='false' data-av_icon='\ue8f3' data-av_iconfont='entypo-fontello' title='' data-avia-related-tooltip='Compartir en Facebook' rel=\"noopener\"><span class='avia_hidden_link_text'>Compartir en Facebook<\/span><\/a><\/li><li class='av-share-link av-social-link-twitter' ><a target=\"_blank\" aria-label=\"Compartir en Twitter\" href='https:\/\/twitter.com\/share?text=Entregan%20vermicomposteras%20en%20Jardines%20Infantiles%20de%20Puerto%20Ays%C3%A9n%20para%20fomentar%20el%20cuidado%20ambiental&#038;url=https:\/\/radiorevelacionfm.cl\/?p=35690' aria-hidden='false' data-av_icon='\ue8f1' data-av_iconfont='entypo-fontello' title='' data-avia-related-tooltip='Compartir en Twitter' rel=\"noopener\"><span class='avia_hidden_link_text'>Compartir en Twitter<\/span><\/a><\/li><li class='av-share-link av-social-link-whatsapp' ><a target=\"_blank\" aria-label=\"Compartir en Whatsapp\" href='https:\/\/api.whatsapp.com\/send?text=https:\/\/radiorevelacionfm.cl\/?p=35690' aria-hidden='false' data-av_icon='\uf232' data-av_iconfont='entypo-fontello' title='' data-avia-related-tooltip='Compartir en Whatsapp' rel=\"noopener\"><span class='avia_hidden_link_text'>Compartir en Whatsapp<\/span><\/a><\/li><li class='av-share-link av-social-link-linkedin' ><a target=\"_blank\" aria-label=\"Compartir en LinkedIn\" href='https:\/\/linkedin.com\/shareArticle?mini=true&#038;title=Entregan%20vermicomposteras%20en%20Jardines%20Infantiles%20de%20Puerto%20Ays%C3%A9n%20para%20fomentar%20el%20cuidado%20ambiental&#038;url=https:\/\/radiorevelacionfm.cl\/?p=35690' aria-hidden='false' data-av_icon='\ue8fc' data-av_iconfont='entypo-fontello' title='' data-avia-related-tooltip='Compartir en LinkedIn' rel=\"noopener\"><span class='avia_hidden_link_text'>Compartir en LinkedIn<\/span><\/a><\/li><li class='av-share-link av-social-link-mail' ><a  aria-label=\"Compartir por correo\" href='mailto:?subject=Entregan%20vermicomposteras%20en%20Jardines%20Infantiles%20de%20Puerto%20Ays%C3%A9n%20para%20fomentar%20el%20cuidado%20ambiental&#038;body=https:\/\/radiorevelacionfm.cl\/?p=35690' aria-hidden='false' data-av_icon='\ue805' data-av_iconfont='entypo-fontello' title='' data-avia-related-tooltip='Compartir por correo'><span class='avia_hidden_link_text'>Compartir por correo<\/span><\/a><\/li><\/ul><\/div><\/div>\n<div  style='height:50px' class='hr hr-invisible   avia-builder-el-8  el_after_av_social_share  el_before_av_comments_list '><span class='hr-inner ' ><span class='hr-inner-style'><\/span><\/span><\/div>\n<div  class='av-buildercomment  av-blog-meta-html-info-disabled av-blog-meta-tag-disabled  '><\/div>\n","protected":false},"excerpt":{"rendered":"","protected":false},"author":1,"featured_media":35691,"comment_status":"open","ping_status":"open","sticky":false,"template":"","format":"standard","meta":{"footnotes":""},"categories":[38],"tags":[],"class_list":["post-35690","post","type-post","status-publish","format-standard","has-post-thumbnail","hentry","category-regional"],"jetpack_featured_media_url":"https:\/\/radiorevelacionfm.cl\/wp-content\/uploads\/2023\/10\/img-vermi-bh1-1-1.jpg","_links":{"self":[{"href":"https:\/\/radiorevelacionfm.cl\/index.php?rest_route=\/wp\/v2\/posts\/35690","targetHints":{"allow":["GET"]}}],"collection":[{"href":"https:\/\/radiorevelacionfm.cl\/index.php?rest_route=\/wp\/v2\/posts"}],"about":[{"href":"https:\/\/radiorevelacionfm.cl\/index.php?rest_route=\/wp\/v2\/types\/post"}],"author":[{"embeddable":true,"href":"https:\/\/radiorevelacionfm.cl\/index.php?rest_route=\/wp\/v2\/users\/1"}],"replies":[{"embeddable":true,"href":"https:\/\/radiorevelacionfm.cl\/index.php?rest_route=%2Fwp%2Fv2%2Fcomments&post=35690"}],"version-history":[{"count":2,"href":"https:\/\/radiorevelacionfm.cl\/index.php?rest_route=\/wp\/v2\/posts\/35690\/revisions"}],"predecessor-version":[{"id":35753,"href":"https:\/\/radiorevelacionfm.cl\/index.php?rest_route=\/wp\/v2\/posts\/35690\/revisions\/35753"}],"wp:featuredmedia":[{"embeddable":true,"href":"https:\/\/radiorevelacionfm.cl\/index.php?rest_route=\/wp\/v2\/media\/35691"}],"wp:attachment":[{"href":"https:\/\/radiorevelacionfm.cl\/index.php?rest_route=%2Fwp%2Fv2%2Fmedia&parent=35690"}],"wp:term":[{"taxonomy":"category","embeddable":true,"href":"https:\/\/radiorevelacionfm.cl\/index.php?rest_route=%2Fwp%2Fv2%2Fcategories&post=35690"},{"taxonomy":"post_tag","embeddable":true,"href":"https:\/\/radiorevelacionfm.cl\/index.php?rest_route=%2Fwp%2Fv2%2Ftags&post=35690"}],"curies":[{"name":"wp","href":"https:\/\/api.w.org\/{rel}","templated":true}]}}