{"id":3569,"date":"2021-04-27T18:39:00","date_gmt":"2021-04-27T21:39:00","guid":{"rendered":"https:\/\/radiorevelacionfm.cl\/?p=3569"},"modified":"2021-04-27T18:39:00","modified_gmt":"2021-04-27T21:39:00","slug":"108-familias-de-puerto-aysen-pertenecientes-a-los-comites-ruka-mew-union-verdad-y-justicia-y-el-canelo-ya-son-propietarios-de-sus-viviendas","status":"publish","type":"post","link":"https:\/\/radiorevelacionfm.cl\/?p=3569","title":{"rendered":"108 familias de Puerto Ays\u00e9n pertenecientes a los comit\u00e9s \u201cRuka Mew\u201d; \u201cUni\u00f3n, Verdad y Justicia\u201d y \u201cEl Canelo\u201d ya son propietarios de sus viviendas."},"content":{"rendered":"<div class=\"flex_column av_one_full  flex_column_div av-zero-column-padding first  avia-builder-el-0  el_before_av_one_full  avia-builder-el-first  \" style='border-radius:0px; '><div  class='avia-image-container  av-styling-    avia-builder-el-1  avia-builder-el-no-sibling  avia-align-center '  itemprop=\"image\" itemscope=\"itemscope\" itemtype=\"https:\/\/schema.org\/ImageObject\"  ><div class='avia-image-container-inner'><div class='avia-image-overlay-wrap'><img decoding=\"async\" class='wp-image-0 avia-img-lazy-loading-not-0 avia_image' src=\"https:\/\/radiorevelacionfm.cl\/wp-content\/uploads\/2021\/04\/corte-de-cinta_optimized.jpg\" alt='' title=''   itemprop=\"thumbnailUrl\"  \/><\/div><\/div><\/div><\/div><div class=\"flex_column av_one_full  flex_column_div av-zero-column-padding first  avia-builder-el-2  el_after_av_one_full  el_before_av_one_full  column-top-margin\" style='border-radius:0px; '><section class=\"av_textblock_section \"  itemscope=\"itemscope\" itemtype=\"https:\/\/schema.org\/BlogPosting\" itemprop=\"blogPost\" ><div class='avia_textblock  '   itemprop=\"text\" ><p style=\"text-align: center;\"><span style=\"font-size: 18pt;\"><strong>108 familias de Puerto Ays\u00e9n pertenecientes a los comit\u00e9s \u201cRuka Mew\u201d; \u201cUni\u00f3n, Verdad y Justicia\u201d y \u201cEl Canelo\u201d ya son propietarios de sus viviendas.<\/strong><\/span><\/p>\n<div id=\"gtx-trans\" style=\"position: absolute; left: -50px; top: 4.31534px;\">\n<div class=\"gtx-trans-icon\"><\/div>\n<\/div>\n<\/div><\/section><\/div><div class=\"flex_column av_one_full  flex_column_div av-zero-column-padding first  avia-builder-el-4  el_after_av_one_full  el_before_av_hr  column-top-margin\" style='border-radius:0px; '><section class=\"av_textblock_section \"  itemscope=\"itemscope\" itemtype=\"https:\/\/schema.org\/BlogPosting\" itemprop=\"blogPost\" ><div class='avia_textblock  '   itemprop=\"text\" ><p>Presidente del Comit\u00e9 El Canelo, al recibir las llaves de su hogar: \u201cS\u00f3lo se puede comparar con el nacimiento de un hijo\u201d.<\/p>\n<p style=\"text-align: justify;\">\u201cEs algo impagable. Es imposible manifestar en una palabra tanta alegr\u00eda\u201d. As\u00ed intentaba explicar su emoci\u00f3n el presidente del Comit\u00e9 El Canelo, Carlos Mar\u00edo, minutos despu\u00e9s de recibir las llaves de su casa propia, en la ceremonia que se llev\u00f3 a cabo una de las avenidas principales del nuevo condominio entregado por el Ministerio de Vivienda.<\/p>\n<p style=\"text-align: justify;\">Ni la baja temperatura, ni la copiosa lluvia que acompa\u00f1\u00f3 la entrega en la porte\u00f1a ciudad, impidieron que 56 de las 108 familias beneficiarias, recibieran de manera oficial, las llaves de sus nuevas viviendas, proyecto que tuvo un costo superior a las 200 mil UF.<\/p>\n<p style=\"text-align: justify;\">Seg\u00fan el dirigente del Comit\u00e9 El Canelo, Carlos Mar\u00edo, llegar a este momento \u201ces algo que se puede comparar al nacimiento de un hijo, porque es para toda la vida y herencia para mis hijos cuando yo parta de ac\u00e1\u201d.<\/p>\n<p style=\"text-align: justify;\">Para Carlos, hay motivos para estar orgullosos por la obtenci\u00f3n de este sue\u00f1o, porque \u201cpara nosotros fue muy fuerte todo el proceso, pero puedo irme con la alegr\u00eda de que nunca saqu\u00e9 a mi gente a la calle a protestar, nunca insultamos a ninguna autoridad, siempre fuimos con todo el respeto posible y esto lleg\u00f3 a acuerdo conversando como personas adultas y con la educaci\u00f3n que se nos dio en casa\u201d.<\/p>\n<p style=\"text-align: justify;\">El mismo Ministro de Vivienda, Felipe Ward, no quiso estar ausente de este momento y felicit\u00f3 a las 108 familias \u201cque hoy cumplen con su sue\u00f1o. Estamos muy contentos en lo que nos ha pedido el Presidente Sebasti\u00e1n Pi\u00f1era poder apoyar a las familias a que cumplan esta realidad, que nosotros consideramos un derecho: el techo\u201d.<\/p>\n<p style=\"text-align: justify;\">\u201cQue sepa todo Chile que vamos a seguir trabajando como Ministerio para entregar este sue\u00f1o, que hoy se hace realidad\u201d, finaliz\u00f3 la m\u00e1xima autoridad del Minvu.<\/p>\n<p style=\"text-align: justify;\">Por su parte, el Seremi de Vivienda, Diego Silva, valor\u00f3 la entrega de estas viviendas, ya que \u201cpara nosotros este es un proyecto importante, con una inversi\u00f3n de m\u00e1s de 5 mil millones de pesos, con aportes del Gobierno Regional y tambi\u00e9n hemos estado avanzando fuertemente en integraci\u00f3n social\u201d.<\/p>\n<p style=\"text-align: justify;\">\u201cHoy, estas casas tienen el est\u00e1ndar de la nueva pol\u00edtica habitacional que nuestro Ministerio ha estado sacando adelante y nosotros somos testigos de esta felicidad que inunda a estas 108 familias en sus nuevos hogares\u201d, destac\u00f3 el Seremi de Vivienda.<\/p>\n<p style=\"text-align: justify;\">En tanto, el Director del Servicio de Vivienda y Urbanizaci\u00f3n (Serviu), Nelson Quinteros, mostr\u00f3 su satisfacci\u00f3n con el fin de este proceso. \u201cEs un d\u00eda de celebraci\u00f3n y de sue\u00f1os cumplidos para estas 108 familias. Vivir la experiencia de recibir tu casa y celebrar todos juntos el tremendo esfuerzo y todo lo que cost\u00f3 sacarlas, es impagable\u201d.<\/p>\n<p style=\"text-align: justify;\">Tambi\u00e9n destac\u00f3 que se seguir\u00e1 acompa\u00f1ando a las 108 familias \u201ccon el resto del camino que queda, que son los mejoramientos, las ampliaciones y todo lo que ellos necesiten\u201d.<\/p>\n<p style=\"text-align: justify;\">La construcci\u00f3n de estas 108 viviendas, que estuvieron a cargo de la empresa L y D, se realiz\u00f3 bajo la modalidad del programa DS. 49 del Ministerio de Vivienda y cuenta con viviendas de 47,59 m2; casas con ampliaci\u00f3n ya materializada, que llegan a los 57,02 m2 y 3 viviendas especialmente acondicionadas para sus due\u00f1os con movilidad reducida y que tienen 56,32 m2.<\/p>\n<\/div><\/section><\/div><div  style='height:50px' class='hr hr-invisible   avia-builder-el-6  el_after_av_one_full  el_before_av_social_share '><span class='hr-inner ' ><span class='hr-inner-style'><\/span><\/span><\/div><\/p>\n<div  class='av-social-sharing-box  avia-builder-el-7  el_after_av_hr  el_before_av_hr  '><div class='av-share-box'><h5 class='av-share-link-description av-no-toc '>Compartir esta noticia<\/h5><ul class='av-share-box-list noLightbox'><li class='av-share-link av-social-link-facebook' ><a target=\"_blank\" aria-label=\"Compartir en Facebook\" href='https:\/\/www.facebook.com\/sharer.php?u=https:\/\/radiorevelacionfm.cl\/?p=3569&#038;t=108%20familias%20de%20Puerto%20Ays%C3%A9n%20pertenecientes%20a%20los%20comit%C3%A9s%20%E2%80%9CRuka%20Mew%E2%80%9D%3B%20%E2%80%9CUni%C3%B3n%2C%20Verdad%20y%20Justicia%E2%80%9D%20y%20%E2%80%9CEl%20Canelo%E2%80%9D%20ya%20son%20propietarios%20de%20sus%20viviendas.' aria-hidden='false' data-av_icon='\ue8f3' data-av_iconfont='entypo-fontello' title='' data-avia-related-tooltip='Compartir en Facebook' rel=\"noopener\"><span class='avia_hidden_link_text'>Compartir en Facebook<\/span><\/a><\/li><li class='av-share-link av-social-link-twitter' ><a target=\"_blank\" aria-label=\"Compartir en Twitter\" href='https:\/\/twitter.com\/share?text=108%20familias%20de%20Puerto%20Ays%C3%A9n%20pertenecientes%20a%20los%20comit%C3%A9s%20%E2%80%9CRuka%20Mew%E2%80%9D%3B%20%E2%80%9CUni%C3%B3n%2C%20Verdad%20y%20Justicia%E2%80%9D%20y%20%E2%80%9CEl%20Canelo%E2%80%9D%20ya%20son%20propietarios%20de%20sus%20viviendas.&#038;url=https:\/\/radiorevelacionfm.cl\/?p=3569' aria-hidden='false' data-av_icon='\ue8f1' data-av_iconfont='entypo-fontello' title='' data-avia-related-tooltip='Compartir en Twitter' rel=\"noopener\"><span class='avia_hidden_link_text'>Compartir en Twitter<\/span><\/a><\/li><li class='av-share-link av-social-link-whatsapp' ><a target=\"_blank\" aria-label=\"Compartir en Whatsapp\" href='https:\/\/api.whatsapp.com\/send?text=https:\/\/radiorevelacionfm.cl\/?p=3569' aria-hidden='false' data-av_icon='\uf232' data-av_iconfont='entypo-fontello' title='' data-avia-related-tooltip='Compartir en Whatsapp' rel=\"noopener\"><span class='avia_hidden_link_text'>Compartir en Whatsapp<\/span><\/a><\/li><li class='av-share-link av-social-link-linkedin' ><a target=\"_blank\" aria-label=\"Compartir en LinkedIn\" href='https:\/\/linkedin.com\/shareArticle?mini=true&#038;title=108%20familias%20de%20Puerto%20Ays%C3%A9n%20pertenecientes%20a%20los%20comit%C3%A9s%20%E2%80%9CRuka%20Mew%E2%80%9D%3B%20%E2%80%9CUni%C3%B3n%2C%20Verdad%20y%20Justicia%E2%80%9D%20y%20%E2%80%9CEl%20Canelo%E2%80%9D%20ya%20son%20propietarios%20de%20sus%20viviendas.&#038;url=https:\/\/radiorevelacionfm.cl\/?p=3569' aria-hidden='false' data-av_icon='\ue8fc' data-av_iconfont='entypo-fontello' title='' data-avia-related-tooltip='Compartir en LinkedIn' rel=\"noopener\"><span class='avia_hidden_link_text'>Compartir en LinkedIn<\/span><\/a><\/li><li class='av-share-link av-social-link-mail' ><a  aria-label=\"Compartir por correo\" href='mailto:?subject=108%20familias%20de%20Puerto%20Ays%C3%A9n%20pertenecientes%20a%20los%20comit%C3%A9s%20%E2%80%9CRuka%20Mew%E2%80%9D%3B%20%E2%80%9CUni%C3%B3n%2C%20Verdad%20y%20Justicia%E2%80%9D%20y%20%E2%80%9CEl%20Canelo%E2%80%9D%20ya%20son%20propietarios%20de%20sus%20viviendas.&#038;body=https:\/\/radiorevelacionfm.cl\/?p=3569' aria-hidden='false' data-av_icon='\ue805' data-av_iconfont='entypo-fontello' title='' data-avia-related-tooltip='Compartir por correo'><span class='avia_hidden_link_text'>Compartir por correo<\/span><\/a><\/li><\/ul><\/div><\/div>\n<div  style='height:50px' class='hr hr-invisible   avia-builder-el-8  el_after_av_social_share  el_before_av_comments_list '><span class='hr-inner ' ><span class='hr-inner-style'><\/span><\/span><\/div>\n<div  class='av-buildercomment  av-blog-meta-html-info-disabled av-blog-meta-tag-disabled  '><\/div>\n","protected":false},"excerpt":{"rendered":"","protected":false},"author":1,"featured_media":0,"comment_status":"open","ping_status":"open","sticky":false,"template":"","format":"standard","meta":{"footnotes":""},"categories":[57],"tags":[],"class_list":["post-3569","post","type-post","status-publish","format-standard","hentry","category-vivienda"],"jetpack_featured_media_url":"","_links":{"self":[{"href":"https:\/\/radiorevelacionfm.cl\/index.php?rest_route=\/wp\/v2\/posts\/3569","targetHints":{"allow":["GET"]}}],"collection":[{"href":"https:\/\/radiorevelacionfm.cl\/index.php?rest_route=\/wp\/v2\/posts"}],"about":[{"href":"https:\/\/radiorevelacionfm.cl\/index.php?rest_route=\/wp\/v2\/types\/post"}],"author":[{"embeddable":true,"href":"https:\/\/radiorevelacionfm.cl\/index.php?rest_route=\/wp\/v2\/users\/1"}],"replies":[{"embeddable":true,"href":"https:\/\/radiorevelacionfm.cl\/index.php?rest_route=%2Fwp%2Fv2%2Fcomments&post=3569"}],"version-history":[{"count":1,"href":"https:\/\/radiorevelacionfm.cl\/index.php?rest_route=\/wp\/v2\/posts\/3569\/revisions"}],"predecessor-version":[{"id":3571,"href":"https:\/\/radiorevelacionfm.cl\/index.php?rest_route=\/wp\/v2\/posts\/3569\/revisions\/3571"}],"wp:attachment":[{"href":"https:\/\/radiorevelacionfm.cl\/index.php?rest_route=%2Fwp%2Fv2%2Fmedia&parent=3569"}],"wp:term":[{"taxonomy":"category","embeddable":true,"href":"https:\/\/radiorevelacionfm.cl\/index.php?rest_route=%2Fwp%2Fv2%2Fcategories&post=3569"},{"taxonomy":"post_tag","embeddable":true,"href":"https:\/\/radiorevelacionfm.cl\/index.php?rest_route=%2Fwp%2Fv2%2Ftags&post=3569"}],"curies":[{"name":"wp","href":"https:\/\/api.w.org\/{rel}","templated":true}]}}