{"id":35687,"date":"2023-10-06T16:46:18","date_gmt":"2023-10-06T19:46:18","guid":{"rendered":"https:\/\/radiorevelacionfm.cl\/?p=35687"},"modified":"2023-10-06T16:46:18","modified_gmt":"2023-10-06T19:46:18","slug":"mineduc-y-junji-despliegan-estrategia-preventiva-en-jardines-infantiles","status":"publish","type":"post","link":"https:\/\/radiorevelacionfm.cl\/?p=35687","title":{"rendered":"Mineduc y Junji despliegan estrategia preventiva en jardines infantiles"},"content":{"rendered":"<div class=\"flex_column av_one_full  flex_column_div av-zero-column-padding first  avia-builder-el-0  el_before_av_one_full  avia-builder-el-first  \" style='border-radius:0px; '><div  class='avia-image-container  av-styling-    avia-builder-el-1  avia-builder-el-no-sibling  avia-align-center '  itemprop=\"image\" itemscope=\"itemscope\" itemtype=\"https:\/\/schema.org\/ImageObject\"  ><div class='avia-image-container-inner'><div class='avia-image-overlay-wrap'><img decoding=\"async\" class='wp-image-35688 avia-img-lazy-loading-not-35688 avia_image' src=\"https:\/\/radiorevelacionfm.cl\/wp-content\/uploads\/2023\/10\/PHOTO-2023-10-04-13-02-09-1-1.jpg\" alt='' title='PHOTO-2023-10-04-13-02-09 (1) (1)' height=\"600\" width=\"800\"  itemprop=\"thumbnailUrl\" srcset=\"https:\/\/radiorevelacionfm.cl\/wp-content\/uploads\/2023\/10\/PHOTO-2023-10-04-13-02-09-1-1.jpg 800w, https:\/\/radiorevelacionfm.cl\/wp-content\/uploads\/2023\/10\/PHOTO-2023-10-04-13-02-09-1-1-300x225.jpg 300w, https:\/\/radiorevelacionfm.cl\/wp-content\/uploads\/2023\/10\/PHOTO-2023-10-04-13-02-09-1-1-768x576.jpg 768w, https:\/\/radiorevelacionfm.cl\/wp-content\/uploads\/2023\/10\/PHOTO-2023-10-04-13-02-09-1-1-705x529.jpg 705w, https:\/\/radiorevelacionfm.cl\/wp-content\/uploads\/2023\/10\/PHOTO-2023-10-04-13-02-09-1-1-450x338.jpg 450w, https:\/\/radiorevelacionfm.cl\/wp-content\/uploads\/2023\/10\/PHOTO-2023-10-04-13-02-09-1-1-600x450.jpg 600w\" sizes=\"(max-width: 800px) 100vw, 800px\" \/><\/div><\/div><\/div><\/div><div class=\"flex_column av_one_full  flex_column_div av-zero-column-padding first  avia-builder-el-2  el_after_av_one_full  el_before_av_one_full  column-top-margin\" style='border-radius:0px; '><section class=\"av_textblock_section \"  itemscope=\"itemscope\" itemtype=\"https:\/\/schema.org\/BlogPosting\" itemprop=\"blogPost\" ><div class='avia_textblock  '   itemprop=\"text\" ><p style=\"text-align: center;\"><span style=\"font-size: 18pt;\"><strong>Mineduc y Junji despliegan estrategia preventiva en jardines infantiles <\/strong><\/span><\/p>\n<div id=\"gtx-trans\" style=\"position: absolute; left: -50px; top: 4.31534px;\">\n<div class=\"gtx-trans-icon\"><\/div>\n<\/div>\n<\/div><\/section><\/div><div class=\"flex_column av_one_full  flex_column_div av-zero-column-padding first  avia-builder-el-4  el_after_av_one_full  el_before_av_hr  column-top-margin\" style='border-radius:0px; '><section class=\"av_textblock_section \"  itemscope=\"itemscope\" itemtype=\"https:\/\/schema.org\/BlogPosting\" itemprop=\"blogPost\" ><div class='avia_textblock  '   itemprop=\"text\" ><p style=\"text-align: justify;\">Tras la conformaci\u00f3n de una mesa de trabajo integrada por Mineduc, Junji, Junaeb y Hendaya, concesionaria responsable de la alimentaci\u00f3n y supervisi\u00f3n en cocinas de recintos escolares y parvularios, se ha trazado una hoja de ruta que permita mantener acciones destinadas a la prevenci\u00f3n y subsanaci\u00f3n de elementos que son parte de las cocinas de jardines infantiles y que puedan representar un riesgo para el bienestar integral de ni\u00f1as y ni\u00f1os.<\/p>\n<p style=\"text-align: justify;\">\u201cComo gobierno hemos estado presentes inmediatamente apenas conocimos las situaciones de seguridad que han afectado a jardines infantiles. He convocado como ministerio de educaci\u00f3n a los distintos sectores involucrados, nos hemos constituido en el lugar de los hechos, comunic\u00e1ndonos continuamente con la comunidad educativa afectada y adem\u00e1s de ello, hemos liderado un plan de contingencia preventivo para evitar futuras situaciones de seguridad\u201d se\u00f1al\u00f3 seremi de educaci\u00f3n, Isabel Garrido Cassasa.<\/p>\n<p style=\"text-align: justify;\">Se mantendr\u00e1 una estrecha vigilancia por parte de Junji y Junaeb con los jardines infantiles y salas cunas regionales para monitorear el funcionamiento del programa de alimentaci\u00f3n escolar en el \u00e1mbito parvulario, para garantizar la calidad y seguridad del servicio entregado. En este mismo sentido, el director regional de Junji, Juan Eduardo Lorca Valdivia, dijo: \u201cNuestra misi\u00f3n como instituci\u00f3n es ser garantes de derechos y velar por el bienestar integral de los ni\u00f1os y las ni\u00f1as. Hemos sido convocados a esta mesa de trabajo por la seremi de Educaci\u00f3n y el delegado y estamos avanzando de manera articulada institucionalmente. Nuestro equipo regional est\u00e1 desplegado en el territorio, como lo ha hecho siempre, entregando los insumos necesarios para que se generen las acciones pertinentes, en este caso con Junaeb y con la empresa concesionaria, a fin de entregar certezas y seguridad en todos espacios educativos para nuestros funcionarios, funcionarias, ni\u00f1os y ni\u00f1as\u201d.<\/p>\n<p style=\"text-align: justify;\">Jorge D\u00edaz Guzm\u00e1n, delegado presidencial provincial de Ays\u00e9n, se\u00f1al\u00f3 que ante los casos registrados en la provincia, \u201cestamos muy preocupados por los eventos que han ocurrido \u00faltimamente a prop\u00f3sito de las fugas o escapes de gas. A trav\u00e9s de una coordinaci\u00f3n con la secretaria regional ministerial de educaci\u00f3n, Junji, Integra y VTF, vamos a intervenir a fin de prever los riesgos, los puntos cr\u00edticos, que se puedan detectar y verles soluci\u00f3n r\u00e1pidamente, porque la seguridad de nuestros ni\u00f1os es lo principal. Darles tranquilidad a padres, apoderados y a las t\u00edas y quienes trabajan en esos jardines\u201d<\/p>\n<p style=\"text-align: justify;\">Como mesa ya se han tomado ciertos acuerdos y la empresa Hendaya destinar\u00e1 a un profesional certificado por la Superintendencia de Electricidad y Combustibles de Chile (SEC) para realizar un recorrido por todos los establecimientos Junji y VTF para revisar las instalaciones destinadas a la alimentaci\u00f3n de los ni\u00f1os y ni\u00f1as y para ver el estado de los equipos y su correcto funcionamiento.<\/p>\n<p style=\"text-align: justify;\">Todas las instituciones involucradas en esta tarea coinciden en que hoy la seguridad de ni\u00f1os, ni\u00f1as y equipos es lo m\u00e1s importante. Por ello es relevante subsanar estas tem\u00e1ticas para poder desarrollar as\u00ed los procesos con normalidad. Sobre este punto se refiri\u00f3 la seremi de educaci\u00f3n:\u201d Como gobierno estamos en medio de un plan de reactivaci\u00f3n educativa, donde la prioridad es que ni\u00f1os y ni\u00f1as est\u00e9n asistiendo regularmente a las escuelas y los jardines infantiles, y ello requiere que estos espacios sean seguros y cari\u00f1osos para ni\u00f1os y ni\u00f1as\u201d puntualiz\u00f3 Isabel Garrido Casassa.<\/p>\n<\/div><\/section><\/div><div  style='height:50px' class='hr hr-invisible   avia-builder-el-6  el_after_av_one_full  el_before_av_social_share '><span class='hr-inner ' ><span class='hr-inner-style'><\/span><\/span><\/div><\/p>\n<div  class='av-social-sharing-box  avia-builder-el-7  el_after_av_hr  el_before_av_hr  '><div class='av-share-box'><h5 class='av-share-link-description av-no-toc '>Compartir esta noticia<\/h5><ul class='av-share-box-list noLightbox'><li class='av-share-link av-social-link-facebook' ><a target=\"_blank\" aria-label=\"Compartir en Facebook\" href='https:\/\/www.facebook.com\/sharer.php?u=https:\/\/radiorevelacionfm.cl\/?p=35687&#038;t=Mineduc%20y%20Junji%20despliegan%20estrategia%20preventiva%20en%20jardines%20infantiles' aria-hidden='false' data-av_icon='\ue8f3' data-av_iconfont='entypo-fontello' title='' data-avia-related-tooltip='Compartir en Facebook' rel=\"noopener\"><span class='avia_hidden_link_text'>Compartir en Facebook<\/span><\/a><\/li><li class='av-share-link av-social-link-twitter' ><a target=\"_blank\" aria-label=\"Compartir en Twitter\" href='https:\/\/twitter.com\/share?text=Mineduc%20y%20Junji%20despliegan%20estrategia%20preventiva%20en%20jardines%20infantiles&#038;url=https:\/\/radiorevelacionfm.cl\/?p=35687' aria-hidden='false' data-av_icon='\ue8f1' data-av_iconfont='entypo-fontello' title='' data-avia-related-tooltip='Compartir en Twitter' rel=\"noopener\"><span class='avia_hidden_link_text'>Compartir en Twitter<\/span><\/a><\/li><li class='av-share-link av-social-link-whatsapp' ><a target=\"_blank\" aria-label=\"Compartir en Whatsapp\" href='https:\/\/api.whatsapp.com\/send?text=https:\/\/radiorevelacionfm.cl\/?p=35687' aria-hidden='false' data-av_icon='\uf232' data-av_iconfont='entypo-fontello' title='' data-avia-related-tooltip='Compartir en Whatsapp' rel=\"noopener\"><span class='avia_hidden_link_text'>Compartir en Whatsapp<\/span><\/a><\/li><li class='av-share-link av-social-link-linkedin' ><a target=\"_blank\" aria-label=\"Compartir en LinkedIn\" href='https:\/\/linkedin.com\/shareArticle?mini=true&#038;title=Mineduc%20y%20Junji%20despliegan%20estrategia%20preventiva%20en%20jardines%20infantiles&#038;url=https:\/\/radiorevelacionfm.cl\/?p=35687' aria-hidden='false' data-av_icon='\ue8fc' data-av_iconfont='entypo-fontello' title='' data-avia-related-tooltip='Compartir en LinkedIn' rel=\"noopener\"><span class='avia_hidden_link_text'>Compartir en LinkedIn<\/span><\/a><\/li><li class='av-share-link av-social-link-mail' ><a  aria-label=\"Compartir por correo\" href='mailto:?subject=Mineduc%20y%20Junji%20despliegan%20estrategia%20preventiva%20en%20jardines%20infantiles&#038;body=https:\/\/radiorevelacionfm.cl\/?p=35687' aria-hidden='false' data-av_icon='\ue805' data-av_iconfont='entypo-fontello' title='' data-avia-related-tooltip='Compartir por correo'><span class='avia_hidden_link_text'>Compartir por correo<\/span><\/a><\/li><\/ul><\/div><\/div>\n<div  style='height:50px' class='hr hr-invisible   avia-builder-el-8  el_after_av_social_share  el_before_av_comments_list '><span class='hr-inner ' ><span class='hr-inner-style'><\/span><\/span><\/div>\n<div  class='av-buildercomment  av-blog-meta-html-info-disabled av-blog-meta-tag-disabled  '><\/div>\n","protected":false},"excerpt":{"rendered":"","protected":false},"author":1,"featured_media":35688,"comment_status":"open","ping_status":"open","sticky":false,"template":"","format":"standard","meta":{"footnotes":""},"categories":[65],"tags":[],"class_list":["post-35687","post","type-post","status-publish","format-standard","has-post-thumbnail","hentry","category-ninez-y-adolescencia"],"jetpack_featured_media_url":"https:\/\/radiorevelacionfm.cl\/wp-content\/uploads\/2023\/10\/PHOTO-2023-10-04-13-02-09-1-1.jpg","_links":{"self":[{"href":"https:\/\/radiorevelacionfm.cl\/index.php?rest_route=\/wp\/v2\/posts\/35687","targetHints":{"allow":["GET"]}}],"collection":[{"href":"https:\/\/radiorevelacionfm.cl\/index.php?rest_route=\/wp\/v2\/posts"}],"about":[{"href":"https:\/\/radiorevelacionfm.cl\/index.php?rest_route=\/wp\/v2\/types\/post"}],"author":[{"embeddable":true,"href":"https:\/\/radiorevelacionfm.cl\/index.php?rest_route=\/wp\/v2\/users\/1"}],"replies":[{"embeddable":true,"href":"https:\/\/radiorevelacionfm.cl\/index.php?rest_route=%2Fwp%2Fv2%2Fcomments&post=35687"}],"version-history":[{"count":1,"href":"https:\/\/radiorevelacionfm.cl\/index.php?rest_route=\/wp\/v2\/posts\/35687\/revisions"}],"predecessor-version":[{"id":35689,"href":"https:\/\/radiorevelacionfm.cl\/index.php?rest_route=\/wp\/v2\/posts\/35687\/revisions\/35689"}],"wp:featuredmedia":[{"embeddable":true,"href":"https:\/\/radiorevelacionfm.cl\/index.php?rest_route=\/wp\/v2\/media\/35688"}],"wp:attachment":[{"href":"https:\/\/radiorevelacionfm.cl\/index.php?rest_route=%2Fwp%2Fv2%2Fmedia&parent=35687"}],"wp:term":[{"taxonomy":"category","embeddable":true,"href":"https:\/\/radiorevelacionfm.cl\/index.php?rest_route=%2Fwp%2Fv2%2Fcategories&post=35687"},{"taxonomy":"post_tag","embeddable":true,"href":"https:\/\/radiorevelacionfm.cl\/index.php?rest_route=%2Fwp%2Fv2%2Ftags&post=35687"}],"curies":[{"name":"wp","href":"https:\/\/api.w.org\/{rel}","templated":true}]}}