{"id":35684,"date":"2023-10-06T16:24:09","date_gmt":"2023-10-06T19:24:09","guid":{"rendered":"https:\/\/radiorevelacionfm.cl\/?p=35684"},"modified":"2023-10-06T16:24:09","modified_gmt":"2023-10-06T19:24:09","slug":"fiscalia-acompanara-a-fundacion-amparo-y-justicia-en-capacitaciones-a-establecimientos-educacionales-sobre-como-actuar-ante-casos-de-agresion-sexual","status":"publish","type":"post","link":"https:\/\/radiorevelacionfm.cl\/?p=35684","title":{"rendered":"Fiscal\u00eda acompa\u00f1ar\u00e1 a Fundaci\u00f3n Amparo y Justicia en capacitaciones a establecimientos educacionales sobre c\u00f3mo actuar ante casos de agresi\u00f3n sexual"},"content":{"rendered":"<div class=\"flex_column av_one_full  flex_column_div av-zero-column-padding first  avia-builder-el-0  el_before_av_one_full  avia-builder-el-first  \" style='border-radius:0px; '><div  class='avia-image-container  av-styling-    avia-builder-el-1  avia-builder-el-no-sibling  avia-align-center '  itemprop=\"image\" itemscope=\"itemscope\" itemtype=\"https:\/\/schema.org\/ImageObject\"  ><div class='avia-image-container-inner'><div class='avia-image-overlay-wrap'><img decoding=\"async\" class='wp-image-35685 avia-img-lazy-loading-not-35685 avia_image' src=\"https:\/\/radiorevelacionfm.cl\/wp-content\/uploads\/2023\/10\/Catalina-Fernandez-Fundacion-Amparo-y-Justicia-1-1.png\" alt='' title='Catalina Fern\u00e1ndez Fundaci\u00f3n Amparo y Justicia (1) (1)' height=\"600\" width=\"494\"  itemprop=\"thumbnailUrl\" srcset=\"https:\/\/radiorevelacionfm.cl\/wp-content\/uploads\/2023\/10\/Catalina-Fernandez-Fundacion-Amparo-y-Justicia-1-1.png 494w, https:\/\/radiorevelacionfm.cl\/wp-content\/uploads\/2023\/10\/Catalina-Fernandez-Fundacion-Amparo-y-Justicia-1-1-247x300.png 247w, https:\/\/radiorevelacionfm.cl\/wp-content\/uploads\/2023\/10\/Catalina-Fernandez-Fundacion-Amparo-y-Justicia-1-1-450x547.png 450w\" sizes=\"(max-width: 494px) 100vw, 494px\" \/><\/div><\/div><\/div><\/div><div class=\"flex_column av_one_full  flex_column_div av-zero-column-padding first  avia-builder-el-2  el_after_av_one_full  el_before_av_one_full  column-top-margin\" style='border-radius:0px; '><section class=\"av_textblock_section \"  itemscope=\"itemscope\" itemtype=\"https:\/\/schema.org\/BlogPosting\" itemprop=\"blogPost\" ><div class='avia_textblock  '   itemprop=\"text\" ><p style=\"text-align: center;\"><span style=\"font-size: 18pt;\"><b>Fiscal\u00eda acompa\u00f1ar\u00e1 a Fundaci\u00f3n Amparo y Justicia en capacitaciones a establecimientos educacionales sobre c\u00f3mo actuar ante casos de agresi\u00f3n sexual<\/b><\/span><\/p>\n<div id=\"gtx-trans\" style=\"position: absolute; left: -50px; top: 4.31534px;\">\n<div class=\"gtx-trans-icon\"><\/div>\n<\/div>\n<\/div><\/section><\/div><div class=\"flex_column av_one_full  flex_column_div av-zero-column-padding first  avia-builder-el-4  el_after_av_one_full  el_before_av_hr  column-top-margin\" style='border-radius:0px; '><section class=\"av_textblock_section \"  itemscope=\"itemscope\" itemtype=\"https:\/\/schema.org\/BlogPosting\" itemprop=\"blogPost\" ><div class='avia_textblock  '   itemprop=\"text\" ><p style=\"font-weight: 400; text-align: justify;\">Con el objetivo de fortalecer la respuesta de parte de los docentes y no docentes de escuelas, colegios y liceos de la regi\u00f3n de Ays\u00e9n ante el conocimiento de casos de agresi\u00f3n sexual sufridos por ni\u00f1os, ni\u00f1as y adolescentes, Fundaci\u00f3n Amparo y Justicia, con el apoyo de la Fiscal\u00eda Regional y el Programa de Apoyo a V\u00edctimas, est\u00e1 realizando la capacitaci\u00f3n \u00bfSabes c\u00f3mo actuar si te enteras de un delito sexual contra ni\u00f1os, ni\u00f1as o adolescentes?<\/p>\n<p style=\"font-weight: 400; text-align: justify;\">Hasta\u00a0la\u00a0fecha,\u00a044\u00a0establecimientos\u00a0educacionales\u00a0de\u00a0Coyhaique,\u00a0Puerto\u00a0Ays\u00e9n,\u00a0Cisnes,\u00a0Villa\u00a0O\u2019Higgins,\u00a0R\u00edo\u00a0Ib\u00e1\u00f1ez,\u00a0Cochrane,\u00a0Guaitecas\u00a0y\u00a0Chile\u00a0Chico\u00a0han\u00a0querido\u00a0participar\u00a0en\u00a0estos\u00a0talleres,\u00a0los\u00a0cuales\u00a0se\u00a0realizar\u00e1n\u00a0de\u00a0forma presencial\u00a0y\u00a0online.<\/p>\n<p style=\"font-weight: 400; text-align: justify;\">\u201cEstamos muy conscientes del importante rol que cumplen profesores, profesoras y todos quienes\u00a0\u00a0\u00a0\u00a0\u00a0\u00a0trabajan en los establecimientos educacionales. Ellos se transforman en personas de confianza de\u00a0los alumnos y alumnas, por lo tanto, es fundamental que est\u00e9n preparados para acogerlos si se\u00a0enteran de alguna agresi\u00f3n sexual. Estudios se\u00f1alan que el 85% de ni\u00f1os, ni\u00f1as o adolescentes\u00a0devela\u00a0frente\u00a0a\u00a0un\u00a0adulto,\u00a0ya\u00a0sea\u00a0un\u00a0familiar\u00a0o\u00a0profesionales\u00a0que\u00a0est\u00e1n\u00a0en\u00a0contacto\u00a0con\u00a0ellos\u201d,\u00a0afirma\u00a0\u00a0Catalina\u00a0Fern\u00e1ndez, directora ejecutiva\u00a0de Fundaci\u00f3n\u00a0Amparo\u00a0y Justicia.<\/p>\n<p style=\"font-weight: 400; text-align: justify;\">Junto a las capacitaciones, la organizaci\u00f3n sin fines de lucro est\u00e1 realizando una campa\u00f1a comunicacional\u00a0con el fin de informar sobre la importancia de denunciar un delito y c\u00f3mo proceder frente al relato\u00a0de\u00a0una\u00a0v\u00edctima.\u00a0\u201cQueremos\u00a0transmitir\u00a0la\u00a0importancia\u00a0de\u00a0denunciar\u00a0ya\u00a0que\u00a0comunicar\u00a0un\u00a0delito\u00a0a\u00a0las\u00a0instituciones, ya sea a Carabineros, Polic\u00eda de Investigaciones, la Fiscal\u00eda o tribunales, permitir\u00e1 no\u00a0s\u00f3lo iniciar una investigaci\u00f3n sino tambi\u00e9n aplicar medidas de protecci\u00f3n a favor de ese ni\u00f1o, ni\u00f1a\u00a0o adolescente\u201d, precisa la\u00a0representante de\u00a0la Fundaci\u00f3n.<\/p>\n<p style=\"font-weight: 400; text-align: justify;\">FISCAL\u00cdA<\/p>\n<p style=\"font-weight: 400; text-align: justify;\">Por su parte el Fiscal Regional, Carlos Palma, dijo que \u201chaber sido elegidos como la \u00fanica regi\u00f3n en el pa\u00eds para concretar esta importante iniciativa, nos ayudar\u00e1 a mejorar la persecuci\u00f3n penal en la zona en materia de delitos sexuales, los cuales poseen un mayor porcentaje de ocurrencia en Ays\u00e9n respecto de otras regiones de Chile\u201d.<\/p>\n<p style=\"font-weight: 400; text-align: justify;\">\u00a0Ays\u00e9n, a\u00f1adi\u00f3 el Palma, \u201cen los \u00faltimos 3 a\u00f1os, ha experimentado un aumento sostenido de denuncias por este tipo de delitos, pasando de 289 casos el a\u00f1o 2020 a 338 el 2021 y 439 el 2022, con lo cual registramos un incremento de 52% en los a\u00f1os mencionados. En el a\u00f1o en curso, se contabilizan 364 casos hasta el momento\u201d.<\/p>\n<p style=\"font-weight: 400; text-align: justify;\">Fundaci\u00f3n Amparo y Justicia es una organizaci\u00f3n de la sociedad civil que desde hace 25 a\u00f1os facilita el acceso a la justicia y a la reparaci\u00f3n psicosocial a familias que han perdido a un hijo o hija por el delito de agresi\u00f3n sexual con resultado de muerte. En base a esta experiencia, han logrado incidir en pol\u00edticas p\u00fablicas que buscan mejorar la respuesta que el sistema de justicia penal otorga a ni\u00f1os, ni\u00f1as y adolescentes v\u00edctimas de delitos sexuales.<\/p>\n<p style=\"font-weight: 400; text-align: justify;\">M\u00e1s informaci\u00f3n en\u00a0<a href=\"http:\/\/www.amparoyjusticia.cl\/\" data-saferedirecturl=\"https:\/\/www.google.com\/url?q=http:\/\/www.amparoyjusticia.cl\/&amp;source=gmail&amp;ust=1696685685433000&amp;usg=AOvVaw2RJJWL6cHxCFwmvCDW7t4Q\">www.amparoyjusticia.cl\u00a0<\/a>y en las redes sociales @amparoyjusticia.<\/p>\n<\/div><\/section><\/div><div  style='height:50px' class='hr hr-invisible   avia-builder-el-6  el_after_av_one_full  el_before_av_social_share '><span class='hr-inner ' ><span class='hr-inner-style'><\/span><\/span><\/div><\/p>\n<div  class='av-social-sharing-box  avia-builder-el-7  el_after_av_hr  el_before_av_hr  '><div class='av-share-box'><h5 class='av-share-link-description av-no-toc '>Compartir esta noticia<\/h5><ul class='av-share-box-list noLightbox'><li class='av-share-link av-social-link-facebook' ><a target=\"_blank\" aria-label=\"Compartir en Facebook\" href='https:\/\/www.facebook.com\/sharer.php?u=https:\/\/radiorevelacionfm.cl\/?p=35684&#038;t=Fiscal%C3%ADa%20acompa%C3%B1ar%C3%A1%20a%20Fundaci%C3%B3n%20Amparo%20y%20Justicia%20en%20capacitaciones%20a%20establecimientos%20educacionales%20sobre%20c%C3%B3mo%20actuar%20ante%20casos%20de%20agresi%C3%B3n%20sexual' aria-hidden='false' data-av_icon='\ue8f3' data-av_iconfont='entypo-fontello' title='' data-avia-related-tooltip='Compartir en Facebook' rel=\"noopener\"><span class='avia_hidden_link_text'>Compartir en Facebook<\/span><\/a><\/li><li class='av-share-link av-social-link-twitter' ><a target=\"_blank\" aria-label=\"Compartir en Twitter\" href='https:\/\/twitter.com\/share?text=Fiscal%C3%ADa%20acompa%C3%B1ar%C3%A1%20a%20Fundaci%C3%B3n%20Amparo%20y%20Justicia%20en%20capacitaciones%20a%20establecimientos%20educacionales%20sobre%20c%C3%B3mo%20actuar%20ante%20casos%20de%20agresi%C3%B3n%20sexual&#038;url=https:\/\/radiorevelacionfm.cl\/?p=35684' aria-hidden='false' data-av_icon='\ue8f1' data-av_iconfont='entypo-fontello' title='' data-avia-related-tooltip='Compartir en Twitter' rel=\"noopener\"><span class='avia_hidden_link_text'>Compartir en Twitter<\/span><\/a><\/li><li class='av-share-link av-social-link-whatsapp' ><a target=\"_blank\" aria-label=\"Compartir en Whatsapp\" href='https:\/\/api.whatsapp.com\/send?text=https:\/\/radiorevelacionfm.cl\/?p=35684' aria-hidden='false' data-av_icon='\uf232' data-av_iconfont='entypo-fontello' title='' data-avia-related-tooltip='Compartir en Whatsapp' rel=\"noopener\"><span class='avia_hidden_link_text'>Compartir en Whatsapp<\/span><\/a><\/li><li class='av-share-link av-social-link-linkedin' ><a target=\"_blank\" aria-label=\"Compartir en LinkedIn\" href='https:\/\/linkedin.com\/shareArticle?mini=true&#038;title=Fiscal%C3%ADa%20acompa%C3%B1ar%C3%A1%20a%20Fundaci%C3%B3n%20Amparo%20y%20Justicia%20en%20capacitaciones%20a%20establecimientos%20educacionales%20sobre%20c%C3%B3mo%20actuar%20ante%20casos%20de%20agresi%C3%B3n%20sexual&#038;url=https:\/\/radiorevelacionfm.cl\/?p=35684' aria-hidden='false' data-av_icon='\ue8fc' data-av_iconfont='entypo-fontello' title='' data-avia-related-tooltip='Compartir en LinkedIn' rel=\"noopener\"><span class='avia_hidden_link_text'>Compartir en LinkedIn<\/span><\/a><\/li><li class='av-share-link av-social-link-mail' ><a  aria-label=\"Compartir por correo\" href='mailto:?subject=Fiscal%C3%ADa%20acompa%C3%B1ar%C3%A1%20a%20Fundaci%C3%B3n%20Amparo%20y%20Justicia%20en%20capacitaciones%20a%20establecimientos%20educacionales%20sobre%20c%C3%B3mo%20actuar%20ante%20casos%20de%20agresi%C3%B3n%20sexual&#038;body=https:\/\/radiorevelacionfm.cl\/?p=35684' aria-hidden='false' data-av_icon='\ue805' data-av_iconfont='entypo-fontello' title='' data-avia-related-tooltip='Compartir por correo'><span class='avia_hidden_link_text'>Compartir por correo<\/span><\/a><\/li><\/ul><\/div><\/div>\n<div  style='height:50px' class='hr hr-invisible   avia-builder-el-8  el_after_av_social_share  el_before_av_comments_list '><span class='hr-inner ' ><span class='hr-inner-style'><\/span><\/span><\/div>\n<div  class='av-buildercomment  av-blog-meta-html-info-disabled av-blog-meta-tag-disabled  '><\/div>\n","protected":false},"excerpt":{"rendered":"","protected":false},"author":1,"featured_media":35685,"comment_status":"open","ping_status":"open","sticky":false,"template":"","format":"standard","meta":{"footnotes":""},"categories":[38],"tags":[],"class_list":["post-35684","post","type-post","status-publish","format-standard","has-post-thumbnail","hentry","category-regional"],"jetpack_featured_media_url":"https:\/\/radiorevelacionfm.cl\/wp-content\/uploads\/2023\/10\/Catalina-Fernandez-Fundacion-Amparo-y-Justicia-1-1.png","_links":{"self":[{"href":"https:\/\/radiorevelacionfm.cl\/index.php?rest_route=\/wp\/v2\/posts\/35684","targetHints":{"allow":["GET"]}}],"collection":[{"href":"https:\/\/radiorevelacionfm.cl\/index.php?rest_route=\/wp\/v2\/posts"}],"about":[{"href":"https:\/\/radiorevelacionfm.cl\/index.php?rest_route=\/wp\/v2\/types\/post"}],"author":[{"embeddable":true,"href":"https:\/\/radiorevelacionfm.cl\/index.php?rest_route=\/wp\/v2\/users\/1"}],"replies":[{"embeddable":true,"href":"https:\/\/radiorevelacionfm.cl\/index.php?rest_route=%2Fwp%2Fv2%2Fcomments&post=35684"}],"version-history":[{"count":1,"href":"https:\/\/radiorevelacionfm.cl\/index.php?rest_route=\/wp\/v2\/posts\/35684\/revisions"}],"predecessor-version":[{"id":35686,"href":"https:\/\/radiorevelacionfm.cl\/index.php?rest_route=\/wp\/v2\/posts\/35684\/revisions\/35686"}],"wp:featuredmedia":[{"embeddable":true,"href":"https:\/\/radiorevelacionfm.cl\/index.php?rest_route=\/wp\/v2\/media\/35685"}],"wp:attachment":[{"href":"https:\/\/radiorevelacionfm.cl\/index.php?rest_route=%2Fwp%2Fv2%2Fmedia&parent=35684"}],"wp:term":[{"taxonomy":"category","embeddable":true,"href":"https:\/\/radiorevelacionfm.cl\/index.php?rest_route=%2Fwp%2Fv2%2Fcategories&post=35684"},{"taxonomy":"post_tag","embeddable":true,"href":"https:\/\/radiorevelacionfm.cl\/index.php?rest_route=%2Fwp%2Fv2%2Ftags&post=35684"}],"curies":[{"name":"wp","href":"https:\/\/api.w.org\/{rel}","templated":true}]}}